{"id":34978,"date":"2025-04-24T07:18:25","date_gmt":"2025-04-24T05:18:25","guid":{"rendered":"https:\/\/www.czechcyclingfederation.com\/?p=34978"},"modified":"2025-04-24T07:18:28","modified_gmt":"2025-04-24T05:18:28","slug":"pavel-sumpik-jdu-za-svym-snem","status":"publish","type":"post","link":"https:\/\/www.czechcyclingfederation.com\/en\/pavel-sumpik-jdu-za-svym-snem\/","title":{"rendered":"Pavel \u0160ump\u00edk: Jdu za sv\u00fdm snem"},"content":{"rendered":"\n<p><strong>Jaro pln\u00e9 velk\u00fdch debut\u016f. Poprv\u00e9 v kari\u00e9\u0159e absolvoval t\u00fdden trvaj\u00edc\u00ed etapov\u00fd z\u00e1vod. Debutoval na klasik\u00e1ch Pa\u0159\u00ed\u017e-Roubaix a Lutych-Bastogne-Lutych do 23 let. Pavel \u0160ump\u00edk ud\u011blal p\u0159estupem do development t\u00fdmu Picnic PostNL z\u00e1sadn\u00ed krok k napln\u011bn\u00ed snu o anga\u017em\u00e1 ve World Tour. &#8220;M\u00e1m dokonal\u00e9 podm\u00ednky a v\u0161e pod\u0159izuji \u00fasp\u011bchu,&#8221; vypravuje osmn\u00e1ctilet\u00fd rod\u00e1k z Pardubic, kter\u00fd je \u00fa\u0159aduj\u00edc\u00edm juniorsk\u00fdm mistrem republiky v \u010dasovce i hromadn\u00e9m z\u00e1vod\u011b.<\/strong><\/p>\n\n\n\n<p><strong>Pavle m\u00e1te za sebou premi\u00e9ry v klasik\u00e1ch Pa\u0159\u00ed\u017e-Roubaix \u010di Lutych-Bastogne-Lutych nebo v etapov\u00e9m z\u00e1vod\u011b Tour du Rwanda. Jak vznik\u00e1 v\u00e1\u0161 z\u00e1vodn\u00ed kalend\u00e1\u0159<\/strong>?<\/p>\n\n\n\n<p>\u0158e\u0161il jsem s veden\u00edm t\u00fdmu, jak\u00fd typ jezdce vlastn\u011b jsem. A domluva sm\u011brem k m\u00e9mu z\u00e1vodn\u00edmu programu je, \u017ee se nebudu zam\u011b\u0159ovat na \u010dasovku ani vylo\u017een\u011b t\u0159eba vrcha\u0159sk\u00e9 z\u00e1vody. Sp\u00ed\u0161e p\u016fjde o celkov\u00fd rozvoj. B\u011bhem dvou let, na kter\u00e9 jsem podepsal smlouvu, by m\u011blo vyplynout, v \u010dem jsem nejsiln\u011bj\u0161\u00ed. Tren\u00e9\u0159i mi z\u00e1vody hodn\u011b pe\u010dliv\u011b vyb\u00edraj\u00ed. Mohu se uk\u00e1zat bez velk\u00e9ho tlaku, co\u017e je super.<\/p>\n\n\n\n<p><strong>Jste za takov\u00fd p\u0159\u00edstup r\u00e1d nebo byste rad\u011bji volil jinou cestu?<\/strong><\/p>\n\n\n\n<p>V\u0161echno je pod\u0159\u00edzeno sb\u00edr\u00e1n\u00ed zku\u0161enost\u00ed. Sportovn\u00ed \u0159editel t\u00fdmu Picnic PostNL Rudi Kemna prohl\u00e1sil, \u017ee kdo chce vyhr\u00e1t Tour de France, mus\u00ed jezdit v kopc\u00edch i na kostk\u00e1ch. J\u00e1 chci j\u00edt krok za krokem a ud\u011bl\u00e1m v\u0161echno, abych usp\u011bl a prosadil se a\u017e do na\u0161eho prvn\u00edho t\u00fdmu.<\/p>\n\n\n\n<p><strong>O va\u0161e slu\u017eby m\u011bly p\u0159ed sezonou z\u00e1jem t\u00fdmy jako Visma \u010di Soudal Quick Step. Pro\u010d jste vlastn\u011b vybral pr\u00e1v\u011b Picnic PostNL?<\/strong><\/p>\n\n\n\n<p>L\u00edbil se mi jejich p\u0159\u00edstup. M\u011bl jsem v p\u0159ede\u0161l\u00fdch sezon\u00e1ch n\u011bjak\u00e9 v\u00fdsledky, ale neposlali mi hned nab\u00eddku kontraktu. Cht\u011bli, abych p\u0159icestoval do Nizozemska a v z\u00e1zem\u00ed t\u00fdmu absolvoval testy. M\u011bl jsem uk\u00e1zat, \u010deho jsem schopn\u00fd. Sou\u010dasn\u011b cht\u011bli zn\u00e1t \u00farove\u0148 moj\u00ed komunikace, vystupov\u00e1n\u00ed, chov\u00e1n\u00ed. Celkov\u00e9 fungov\u00e1n\u00ed t\u00fdmu m\u011b prost\u011b oslovilo. A nav\u00edc nijak netla\u010d\u00ed na v\u00fdsledky. Z\u00e1vodn\u00edci m\u00e9ho v\u011bku dost\u00e1vaj\u00ed \u010das, aby se mohli rozkoukat a pod\u00e1vat n\u00e1sledn\u011b co nejlep\u0161\u00ed v\u00fdkony.<\/p>\n\n\n\n<figure class=\"wp-block-image size-large\"><img loading=\"lazy\" decoding=\"async\" width=\"1024\" height=\"640\" src=\"http:\/\/www.czechcyclingfederation.com\/wp-content\/uploads\/2025\/04\/sumpik-12-1024x640.jpeg\" alt=\"\" class=\"wp-image-34983\" srcset=\"https:\/\/www.czechcyclingfederation.com\/wp-content\/uploads\/2025\/04\/sumpik-12-1024x640.jpeg 1024w, https:\/\/www.czechcyclingfederation.com\/wp-content\/uploads\/2025\/04\/sumpik-12-300x188.jpeg 300w, https:\/\/www.czechcyclingfederation.com\/wp-content\/uploads\/2025\/04\/sumpik-12-768x480.jpeg 768w, https:\/\/www.czechcyclingfederation.com\/wp-content\/uploads\/2025\/04\/sumpik-12-1536x960.jpeg 1536w, https:\/\/www.czechcyclingfederation.com\/wp-content\/uploads\/2025\/04\/sumpik-12-2048x1280.jpeg 2048w, https:\/\/www.czechcyclingfederation.com\/wp-content\/uploads\/2025\/04\/sumpik-12-1320x825.jpeg 1320w\" sizes=\"auto, (max-width: 1024px) 100vw, 1024px\" \/><\/figure>\n\n\n\n<p><strong>Prvn\u00edm z\u00e1vodn\u00edm vystoupen\u00edm na nov\u00e9 adrese pro v\u00e1s byl etap\u00e1k Tour du Rwanda. S \u010d\u00edm jste se z d\u011bji\u0161t\u011b leto\u0161n\u00edho mistrovstv\u00ed sv\u011bta vracel?<\/strong><\/p>\n\n\n\n<p>Nikdy v minulosti jsem nejel sedmidenn\u00ed etap\u00e1k. \u0160lo o hodn\u011b zaj\u00edmavou zku\u0161enost a pro m\u011b mimo\u0159\u00e1dn\u011b specifick\u00fd z\u00e1vod. Z celkov\u00e9ho pohledu nebylo vlastn\u011b nic, jak jsem byl zvykl\u00fd. Povedl se mi prolog, p\u0159i n\u011bm\u017e jsem skon\u010dil \u0161est\u00fd a n\u00e1sledn\u011b jsem jel dv\u011b etapy v trikotu pro nejlep\u0161\u00edho mlad\u00edka, co\u017e byl p\u0159\u00edjemn\u00fd bonus. Ale jinak jsem hlavn\u011b pracoval pro t\u00fdmov\u00e9 kolegy a t\u0159eba rozj\u00ed\u017ed\u011bl tempo do kopc\u016f. Ve startovn\u00ed listin\u011b bylo hodn\u011b reprezenta\u010dn\u00edch t\u00fdm\u016f z Afriky. Moc jsme nev\u011bd\u011bli, co m\u016f\u017eeme \u010dekat. Nav\u00edc se jelo ve vysok\u00e9 nadmo\u0159sk\u00e9 v\u00fd\u0161ce, s \u010d\u00edm\u017e jsem nem\u011bl zku\u0161enost.<\/p>\n\n\n\n<p><strong>Co obn\u00e1\u0161elo z\u00e1vod\u011bn\u00ed v lokalit\u011b, kter\u00e1 bude p\u0159i podzimn\u00edm \u0161ampion\u00e1tu pro v\u011bt\u0161inu cyklist\u016f velkou nezn\u00e1mou?<\/strong><\/p>\n\n\n\n<p>Pro m\u011b byla z\u00e1sadn\u00ed vysok\u00e1 nadmo\u0159sk\u00e1 v\u00fd\u0161ka. Kr\u00e1lovsk\u00e1 etapa se jela dva a p\u016fl tis\u00edce metr\u016f nad mo\u0159em, co\u017e se na mn\u011b hodn\u011b projevilo. Ne\u010dekal jsem, \u017ee tohle bude tak z\u00e1sadn\u00ed. Vysok\u00e1 nadmo\u0159sk\u00e1 v\u00fd\u0161ka bude ur\u010dit\u011b jeden z faktor\u016f, kter\u00fd m\u016f\u017ee do v\u00fdsledk\u016f promluvit.<\/p>\n\n\n\n<p><strong>Prost\u0159ed\u00ed z\u00e1vodu v\u00e1s ohromilo?<\/strong><\/p>\n\n\n\n<p>Bylo to ur\u010dit\u011b n\u011bco naprosto odli\u0161n\u00e9ho, nikdy jsem v podobn\u00fdch kulis\u00e1ch nez\u00e1vodil. Hodn\u011b do z\u00e1vod\u016f m\u016f\u017ee promlouvat prach, kter\u00fd pokr\u00fdv\u00e1 silnice. Ty byly v perfektn\u00edm stavu. Ale kdy\u017e zapr\u0161\u00ed, vznik\u00e1 velk\u00fd probl\u00e9m. V posledn\u00ed etap\u011b po de\u0161ti lehnul hned v prvn\u00ed zat\u00e1\u010dce cel\u00fd peloton. Z\u00e1vod byl nejprve neutralizov\u00e1n. Ale n\u00e1sledn\u011b vlastn\u011b zku\u0161en\u00ed z\u00e1vodn\u00edci rozhodli o zru\u0161en\u00ed etapy, proto\u017ee \u0159ekli, \u017ee v dan\u00fdch podm\u00ednk\u00e1ch se z\u00e1vodit nebude. Bylo to hodn\u011b nebezpe\u010dn\u00e9.<\/p>\n\n\n\n<p><strong>M\u00e1te u\u017e dan\u00fd program na dal\u0161\u00ed \u010d\u00e1st sezony?<\/strong><\/p>\n\n\n\n<p>Vrcholem jarn\u00ed f\u00e1ze by pro m\u011b m\u011blo b\u00fdt Giro NexGen.<\/p>\n\n\n\n<figure class=\"wp-block-image size-large\"><img loading=\"lazy\" decoding=\"async\" width=\"1024\" height=\"683\" src=\"https:\/\/www.czechcyclingfederation.com\/wp-content\/uploads\/2025\/04\/sumpik-13-1024x683.jpeg\" alt=\"\" class=\"wp-image-34989\" srcset=\"https:\/\/www.czechcyclingfederation.com\/wp-content\/uploads\/2025\/04\/sumpik-13-1024x683.jpeg 1024w, https:\/\/www.czechcyclingfederation.com\/wp-content\/uploads\/2025\/04\/sumpik-13-300x200.jpeg 300w, https:\/\/www.czechcyclingfederation.com\/wp-content\/uploads\/2025\/04\/sumpik-13-768x512.jpeg 768w, https:\/\/www.czechcyclingfederation.com\/wp-content\/uploads\/2025\/04\/sumpik-13-1536x1025.jpeg 1536w, https:\/\/www.czechcyclingfederation.com\/wp-content\/uploads\/2025\/04\/sumpik-13-2048x1366.jpeg 2048w, https:\/\/www.czechcyclingfederation.com\/wp-content\/uploads\/2025\/04\/sumpik-13-1320x880.jpeg 1320w\" sizes=\"auto, (max-width: 1024px) 100vw, 1024px\" \/><\/figure>\n\n\n\n<p><strong>Je pravd\u011bpodobn\u00e9, \u017ee se objev\u00edte i na n\u011bkter\u00e9m v\u011bt\u0161\u00edm z\u00e1vodu jako sou\u010d\u00e1st sestavy slo\u017een\u00e9 z jezdc\u016f t\u00fdmu Picnic PostNL pro World Tour?<\/strong><\/p>\n\n\n\n<p>V\u0161e je otev\u0159en\u00e9 a z\u00e1le\u017e\u00ed jen na mn\u011b. Cel\u00e1 organizace je hodn\u011b propojen\u00e1. Na prvn\u00edm soust\u0159ed\u011bn\u00ed v lednu jsme byli s kluky z World Tour. Tr\u00e9ninkov\u00e9 kempy jsou tak\u00e9 spole\u010dn\u00e9. A kalend\u00e1\u0159 je pln\u00fd z\u00e1vod\u016f, kde jsou sestavy slo\u017een\u00e9 z\u00e1vodn\u00edky z na\u0161eho devot\u00fdmu a dopln\u011bn\u00e9 t\u0159eba o dva kluky z World Tour formace. Nebo se naopak n\u011bkde objev\u00ed ve startovce s na\u0161imi nejlep\u0161\u00edmi z\u00e1vodn\u00edky n\u011bkter\u00fd z kluk\u016f ze z\u00e1lo\u017en\u00edho t\u00fdmu.<\/p>\n\n\n\n<p><strong>P\u0159es\u00eddlil jste kv\u016fli nov\u00e9mu anga\u017em\u00e1 do Nizozemska nebo pendlujete mezi t\u00fdmovou z\u00e1kladnou a domovem?<\/strong><\/p>\n\n\n\n<p>V\u011bt\u0161inu \u010dasu tr\u00e1v\u00edm na t\u00fdmov\u00e9 z\u00e1kladn\u011b v Sittardu. M\u00e1me t\u00fdmovou \u0159adovku. Ka\u017ed\u00fd z kluk\u016f m\u00e1 k dispozici jeden apartm\u00e1n. S\u00e1m si va\u0159\u00edm, ukl\u00edz\u00edm, peru. Pe\u010duju o kolo. Jde o velkou zkou\u0161ku, ale v\u0161echno je zam\u011b\u0159en\u00e9 na cyklistiku. Z\u00e1sadn\u00ed je tr\u00e9nink a regenerace. Kdy\u017e netr\u00e9nujeme, stejn\u011b se s dal\u0161\u00edmi z\u00e1vodn\u00edky sejdeme a \u0159e\u0161\u00edme cyklistiku. Jsem za danou mo\u017enost nesm\u00edrn\u011b r\u00e1d, proto\u017ee si vytv\u00e1\u0159\u00edme lep\u0161\u00ed partu, co\u017e se n\u00e1sledn\u011b prom\u00edt\u00e1 v z\u00e1vodech. Podle typu tr\u00e9ninku se domlouv\u00e1me s ostatn\u00edmi z\u00e1vodn\u00edky na tr\u00e9ninkov\u00fdch skupin\u00e1ch. Ur\u010dit\u011b jde o p\u0159\u00edjemn\u011bj\u0161\u00ed variantu, ne\u017e kdybych tr\u00e9noval doma s\u00e1m. Nav\u00edc nemus\u00edm tolik cestovat. B\u011bhem \u010dty\u0159i t\u00fddny trvaj\u00edc\u00edho bloku p\u0159ed Pa\u0159\u00ed\u017e-Roubaix jsem jel dva z\u00e1vody a m\u011bl soust\u0159ed\u011bn\u00ed. Kdybych m\u011bl cestovat z domova, pl\u00fdtval bych energi\u00ed, co\u017e si nemohu dovolit. V\u0161echno pod\u0159izuji z\u00e1vodn\u00ed kari\u00e9\u0159e a snu o World Tour.<\/p>\n\n\n\n<p><strong>P\u0159inesl p\u0159esun do Picnic PostNL hodn\u011b revolu\u010dn\u00ed novinky do va\u0161eho cyklistick\u00e9ho programu?<\/strong><\/p>\n\n\n\n<p>V akademii Romana Kreuzigera jsem za\u017eil podobn\u00fd p\u0159\u00edstup. Vlastn\u011b jsme m\u011bli v\u0161e nastaven\u00e9 t\u00e9m\u011b\u0159 toto\u017en\u011b, tud\u00ed\u017e jsem m\u011bl adaptaci na prost\u0159ed\u00ed v Picnic PostNL hodn\u011b uleh\u010denou. Hodn\u011b se db\u00e1 na dochvilnost. Lep\u0161\u00ed p\u0159ij\u00edt o p\u011bt minut d\u0159\u00edve, ne\u017e o minutu pozd\u011bji. Discipl\u00edna je v\u0161eobecn\u011b velmi z\u00e1sadn\u00edm prvkem v cel\u00e9m syst\u00e9mu, stejn\u011b jako t\u00fdmov\u00fd duch. Jde o mali\u010dkosti, kter\u00e9 uleh\u010duj\u00ed pr\u00e1ci v\u0161em. Velmi d\u016fle\u017eit\u00fd je p\u0159\u00edstup k pln\u011bn\u00ed tr\u00e9ninkov\u00fdch povinnost\u00ed. Chov\u00e1n\u00ed b\u011bhem z\u00e1vod\u016f, ale i na tr\u00e9ninkov\u00fdch kempech a na ve\u0159ejnosti. Vy\u017eaduje se aktivita sm\u011brem k t\u00fdmu. Na konci ka\u017ed\u00e9ho dne sepisujeme kr\u00e1tkou zpr\u00e1vu, jak jsme se c\u00edtili b\u011bhem tr\u00e9ninku. Ty pochopiteln\u011b nahr\u00e1v\u00e1me do t\u00fdmov\u00e9ho syst\u00e9mu a denn\u011b dost\u00e1v\u00e1me od tren\u00e9r\u016f zp\u011btnou vazbu, v n\u00ed\u017e je vyhodnocen\u00ed na\u0161eho dne na kole. Jde o pokyny, v jak\u00fdch z\u00f3n\u00e1ch a na jak\u00fdch wattech jezdit. Zda jsme intenzitu p\u0159eh\u00e1n\u011bli a m\u00e1me druh\u00fd den ubrat, nebo naopak zda je t\u0159eba p\u0159itla\u010dit.<\/p>\n\n\n\n<p><strong>Jak zvl\u00e1d\u00e1te cyklistick\u00e9 povinnosti se studiem na gymn\u00e1ziu Doktora Emila Holuba v Holic\u00edch?<\/strong><\/p>\n\n\n\n<p>Na \u0161kole mi vych\u00e1z\u00ed vst\u0159\u00edc a m\u00e1m individu\u00e1ln\u00ed pl\u00e1n s p\u0159edepsan\u00fdmi testy z ka\u017ed\u00e9ho p\u0159edm\u011btu. Mus\u00edm p\u0159iznat, \u017ee nejsem \u00fapln\u011b studijn\u00ed typ a has\u00edm \u0161koln\u00ed povinnosti na posledn\u00ed chv\u00edli. Ale zvl\u00e1d\u00e1m studijn\u00ed i cyklistick\u00e9 povinnosti.<\/p>\n\n\n\n<p><em>Foto: Picnic PostNL<\/em><\/p>\n","protected":false},"excerpt":{"rendered":"<p>Jaro pln\u00e9 velk\u00fdch debut\u016f. Poprv\u00e9 v kari\u00e9\u0159e absolvoval t\u00fdden trvaj\u00edc\u00ed etapov\u00fd z\u00e1vod. Debutoval na klasik\u00e1ch Pa\u0159\u00ed\u017e-Roubaix a Lutych-Bastogne-Lutych do 23 let. Pavel \u0160ump\u00edk ud\u011blal p\u0159estupem do development t\u00fdmu Picnic PostNL z\u00e1sadn\u00ed krok k napln\u011bn\u00ed snu o anga\u017em\u00e1 ve World Tour. &#8220;M\u00e1m dokonal\u00e9 podm\u00ednky a v\u0161e pod\u0159izuji \u00fasp\u011bchu,&#8221; vypravuje osmn\u00e1ctilet\u00fd rod\u00e1k z Pardubic, kter\u00fd je \u00fa\u0159aduj\u00edc\u00edm [&hellip;]<\/p>\n","protected":false},"author":30,"featured_media":34981,"comment_status":"closed","ping_status":"open","sticky":false,"template":"","format":"standard","meta":{"footnotes":""},"categories":[2,46,18],"tags":[11],"class_list":["post-34978","post","type-post","status-publish","format-standard","has-post-thumbnail","hentry","category-novinky","category-novinky-sportovni-centra","category-silnice","tag-silnice"],"_links":{"self":[{"href":"https:\/\/www.czechcyclingfederation.com\/en\/wp-json\/wp\/v2\/posts\/34978","targetHints":{"allow":["GET"]}}],"collection":[{"href":"https:\/\/www.czechcyclingfederation.com\/en\/wp-json\/wp\/v2\/posts"}],"about":[{"href":"https:\/\/www.czechcyclingfederation.com\/en\/wp-json\/wp\/v2\/types\/post"}],"author":[{"embeddable":true,"href":"https:\/\/www.czechcyclingfederation.com\/en\/wp-json\/wp\/v2\/users\/30"}],"replies":[{"embeddable":true,"href":"https:\/\/www.czechcyclingfederation.com\/en\/wp-json\/wp\/v2\/comments?post=34978"}],"version-history":[{"count":2,"href":"https:\/\/www.czechcyclingfederation.com\/en\/wp-json\/wp\/v2\/posts\/34978\/revisions"}],"predecessor-version":[{"id":34993,"href":"https:\/\/www.czechcyclingfederation.com\/en\/wp-json\/wp\/v2\/posts\/34978\/revisions\/34993"}],"wp:featuredmedia":[{"embeddable":true,"href":"https:\/\/www.czechcyclingfederation.com\/en\/wp-json\/wp\/v2\/media\/34981"}],"wp:attachment":[{"href":"https:\/\/www.czechcyclingfederation.com\/en\/wp-json\/wp\/v2\/media?parent=34978"}],"wp:term":[{"taxonomy":"category","embeddable":true,"href":"https:\/\/www.czechcyclingfederation.com\/en\/wp-json\/wp\/v2\/categories?post=34978"},{"taxonomy":"post_tag","embeddable":true,"href":"https:\/\/www.czechcyclingfederation.com\/en\/wp-json\/wp\/v2\/tags?post=34978"}],"curies":[{"name":"wp","href":"https:\/\/api.w.org\/{rel}","templated":true}]}}