{"id":34970,"date":"2025-04-23T07:44:20","date_gmt":"2025-04-23T05:44:20","guid":{"rendered":"https:\/\/www.czechcyclingfederation.com\/?p=34970"},"modified":"2025-04-23T07:45:24","modified_gmt":"2025-04-23T05:45:24","slug":"skvele-vysledky-draharu-v-belgii-dvakrat-na-podiu","status":"publish","type":"post","link":"https:\/\/www.czechcyclingfederation.com\/en\/skvele-vysledky-draharu-v-belgii-dvakrat-na-podiu\/","title":{"rendered":"Skv\u011bl\u00e9 v\u00fdsledky dr\u00e1ha\u0159\u016f v\u00a0Belgii: dvakr\u00e1t na p\u00f3diu"},"content":{"rendered":"\n<p>Velmi dobr\u00e9 v\u00fdsledky si v&nbsp;r\u00e1mci p\u0159\u00edpravy p\u0159ipsali reprezentanti \u010cR v&nbsp;dr\u00e1hov\u00e9 cyklistice z&nbsp;Dukly Praha a Dukly Brno na t\u0159\u00eddenn\u00edm dr\u00e1hov\u00e9m m\u00edtinku kategorie CL1 v&nbsp;belgick\u00e9m Gentu.<\/p>\n\n\n\n<p>V\u00a0nabit\u00e9 konkurenci se dok\u00e1zali dostat dvakr\u00e1t na p\u00f3dium: <strong>Adam K\u0159enek <\/strong>skon\u010dil druh\u00fd ve scratchi, stejnou p\u0159\u00ed\u010dku vybojoval <strong>David Peterka<\/strong> v\u00a0keirinu a zdatn\u011b mu v\u00a0t\u00e9to discipl\u00edn\u011b sekundovali i jeho par\u0165\u00e1ci: <strong>Jan Po\u0159\u00edzek <\/strong>byl \u010dtvrt\u00fd a <strong>Adam Rauschgold <\/strong>p\u00e1t\u00fd.<\/p>\n\n\n\n<p>K\u0159enek krom\u011b druh\u00e9ho m\u00edsta ve scratchi bral \u0161estou p\u0159\u00ed\u010dku v\u00a0omniu, <strong>Petra \u0160ev\u010d\u00edkov\u00e1 <\/strong>skon\u010dila \u0161est\u00e1 ve scratchi a \u0161est\u00e1 byla i v\u00a0madisonu s\u00a0<strong>Barborou N\u011bmcovou<\/strong>. \u0160estou p\u0159\u00ed\u010dku vybojovala tak\u00e9 <strong>Anna Jaborn\u00edkov\u00e1 <\/strong>v keirinu, jej\u00ed sestra Veronika brala kone\u010dnou dev\u00e1tou p\u0159\u00ed\u010dku.<\/p>\n\n\n\n<p><em>\u201eJedn\u00e1 se o tradi\u010dn\u00ed dr\u00e1hov\u00fd m\u00edtink se skv\u011blou konkurenc\u00ed. Na startu se se\u0161lo asi 260 z\u00e1vodn\u00edk\u016f a pro n\u00e1s to byla dal\u0161\u00ed mo\u017en\u00e1 konfrontace se \u0161pi\u010dkou. Letos byl jen jeden Sv\u011btov\u00fd poh\u00e1r, dal\u0161\u00ed velkou akc\u00ed je a\u017e \u010dervencov\u00e9 mistrovstv\u00ed Evropy U23 a junior\u016f, tak\u017ee pot\u0159ebujeme z\u00e1vodit. Do Belgie jezd\u00edme ka\u017edoro\u010dn\u011b a jsem r\u00e1d, \u017ee jsme se rozhodn\u011b neztratili. N\u011bkter\u00e9 ty v\u00fdsledky byly opravdu skv\u011bl\u00e9,\u201c <\/em>\u0159ekl reprezenta\u010dn\u00ed tren\u00e9r vytrvalostn\u00edch discipl\u00edn <strong>Milan Kadlec.<\/strong><\/p>\n\n\n\n<p>Foto: Milan Kadlec<\/p>\n","protected":false},"excerpt":{"rendered":"<p>Velmi dobr\u00e9 v\u00fdsledky si v&nbsp;r\u00e1mci p\u0159\u00edpravy p\u0159ipsali reprezentanti \u010cR v&nbsp;dr\u00e1hov\u00e9 cyklistice z&nbsp;Dukly Praha a Dukly Brno na t\u0159\u00eddenn\u00edm dr\u00e1hov\u00e9m m\u00edtinku kategorie CL1 v&nbsp;belgick\u00e9m Gentu. V\u00a0nabit\u00e9 konkurenci se dok\u00e1zali dostat dvakr\u00e1t na p\u00f3dium: Adam K\u0159enek skon\u010dil druh\u00fd ve scratchi, stejnou p\u0159\u00ed\u010dku vybojoval David Peterka v\u00a0keirinu a zdatn\u011b mu v\u00a0t\u00e9to discipl\u00edn\u011b sekundovali i jeho par\u0165\u00e1ci: Jan Po\u0159\u00edzek [&hellip;]<\/p>\n","protected":false},"author":15,"featured_media":34971,"comment_status":"closed","ping_status":"open","sticky":false,"template":"","format":"standard","meta":{"footnotes":""},"categories":[54,2],"tags":[9],"class_list":["post-34970","post","type-post","status-publish","format-standard","has-post-thumbnail","hentry","category-draha","category-novinky","tag-draha"],"_links":{"self":[{"href":"https:\/\/www.czechcyclingfederation.com\/en\/wp-json\/wp\/v2\/posts\/34970","targetHints":{"allow":["GET"]}}],"collection":[{"href":"https:\/\/www.czechcyclingfederation.com\/en\/wp-json\/wp\/v2\/posts"}],"about":[{"href":"https:\/\/www.czechcyclingfederation.com\/en\/wp-json\/wp\/v2\/types\/post"}],"author":[{"embeddable":true,"href":"https:\/\/www.czechcyclingfederation.com\/en\/wp-json\/wp\/v2\/users\/15"}],"replies":[{"embeddable":true,"href":"https:\/\/www.czechcyclingfederation.com\/en\/wp-json\/wp\/v2\/comments?post=34970"}],"version-history":[{"count":2,"href":"https:\/\/www.czechcyclingfederation.com\/en\/wp-json\/wp\/v2\/posts\/34970\/revisions"}],"predecessor-version":[{"id":34974,"href":"https:\/\/www.czechcyclingfederation.com\/en\/wp-json\/wp\/v2\/posts\/34970\/revisions\/34974"}],"wp:featuredmedia":[{"embeddable":true,"href":"https:\/\/www.czechcyclingfederation.com\/en\/wp-json\/wp\/v2\/media\/34971"}],"wp:attachment":[{"href":"https:\/\/www.czechcyclingfederation.com\/en\/wp-json\/wp\/v2\/media?parent=34970"}],"wp:term":[{"taxonomy":"category","embeddable":true,"href":"https:\/\/www.czechcyclingfederation.com\/en\/wp-json\/wp\/v2\/categories?post=34970"},{"taxonomy":"post_tag","embeddable":true,"href":"https:\/\/www.czechcyclingfederation.com\/en\/wp-json\/wp\/v2\/tags?post=34970"}],"curies":[{"name":"wp","href":"https:\/\/api.w.org\/{rel}","templated":true}]}}