{"id":34961,"date":"2025-04-22T19:05:53","date_gmt":"2025-04-22T17:05:53","guid":{"rendered":"https:\/\/www.czechcyclingfederation.com\/?p=34961"},"modified":"2025-04-25T09:14:18","modified_gmt":"2025-04-25T07:14:18","slug":"moravsky-drahovy-pohar-se-sesti-zavody-v-prostejove-a-brne","status":"publish","type":"post","link":"https:\/\/www.czechcyclingfederation.com\/en\/moravsky-drahovy-pohar-se-sesti-zavody-v-prostejove-a-brne\/","title":{"rendered":"Moravsk\u00fd dr\u00e1hov\u00fd poh\u00e1r se \u0161esti z\u00e1vody v Prost\u011bjov\u011b a Brn\u011b"},"content":{"rendered":"\n<p>Celkem \u0161est podnik\u016f bude m\u00edt leto\u0161n\u00ed Moravsk\u00fd dr\u00e1hov\u00fd poh\u00e1r, t\u0159i z\u00e1vody se pojedou na ov\u00e1lu v Prost\u011bjov\u011b a stejn\u00fd po\u010det v Brn\u011b. Seri\u00e1l je prim\u00e1rn\u011b ur\u010den pro ml\u00e1de\u017enick\u00e9 kategorie a v\u0161echny z\u00e1vody se pojedou jako omnium slo\u017een\u00e9 ze t\u0159\u00ed discipl\u00edn &#8211; tempo race, vylu\u010dovac\u00edho z\u00e1vodu a bodovac\u00edho z\u00e1vodu.<\/p>\n\n\n\n<p>&#8220;Vloni jsme se poprv\u00e9 dali dohromady s Favoritem Brno a byla z toho v\u011bt\u0161inou hezk\u00e1 \u00fa\u010dast startuj\u00edc\u00edch. A letos jsme tu spolupr\u00e1ci pov\u00fd\u0161ili, budeme z\u00e1vody d\u011blat v tandemu. Jeden den v Prost\u011bjov\u011b, druh\u00fd v Brn\u011b, jen z\u00e1v\u011bre\u010dn\u00e9 fin\u00e1le je oto\u010deno. V Prost\u011bjov\u011b po \u0161est\u00e9m d\u00edlu prob\u011bhne i vyhl\u00e1\u0161en\u00ed, p\u0159i\u010dem\u017e v\u00fdsledky v\u0161ech \u0161esti z\u00e1vod\u016f se s\u010d\u00edtaj\u00ed,&#8221; objas\u0148uje \u0159editel seri\u00e1lu Martin Cetkovsk\u00fd.<\/p>\n\n\n\n<p>V\u0161echny z\u00e1vody jsou z\u00e1rove\u0148 sou\u010d\u00e1st\u00ed Slovensk\u00e9ho poh\u00e1ru na dr\u00e1ze, co\u017e zabezpe\u010d\u00ed slu\u0161nou \u00fa\u010dast i ze slovensk\u00e9 strany. &#8220;Obeslali jsme i dal\u0161\u00ed sousedy a ji\u017e se ozvali Slovinci, Raku\u0161an\u00e9 a snad p\u0159ijedou i tradi\u010dn\u011b siln\u00ed Pol\u00e1ci,&#8221; pokra\u010duje Cetkovsk\u00fd s t\u00edm, \u017ee po\u010d\u00edt\u00e1 s je\u0161t\u011b v\u011bt\u0161\u00edm po\u010dtem startuj\u00edc\u00edch oproti lo\u0148sku, kdy se na ka\u017ed\u00e9m z\u00e1vodu se\u0161lo kolem 120 z\u00e1vodn\u00edk\u016f a z\u00e1vodnic.<\/p>\n\n\n\n<p>Jednotliv\u00e9 discipl\u00edny se hodnot\u00ed omniov\u00fdm zp\u016fsobem, dle pravidel olympijsk\u00e9ho omnia, tzn. v\u00edt\u011bz discipl\u00edny dostane 40 bod\u016f, ka\u017ed\u00fd dal\u0161\u00ed v po\u0159ad\u00ed o 2 body m\u00e9n\u011b. Body z bodovac\u00edho z\u00e1vodu se p\u0159i\u010d\u00edtaj\u00ed k omniov\u00fdm bod\u016fm. V p\u0159\u00edpad\u011b rovnosti bod\u016f rozhoduje po\u0159ad\u00ed v bodovac\u00edm z\u00e1vod\u011b. Vedle v\u0161ech licencovan\u00fdch kategori\u00ed (mlad\u0161\u00ed \u017e\u00e1ci + \u017ea\u010dky, star\u0161\u00ed \u017e\u00e1ci, kadetky, juniorky a \u017eeny, kadeti a junio\u0159i + mu\u017ei) se pojede poka\u017ed\u00e9 i open z\u00e1vod pro d\u011bti ve v\u011bku 6 a\u017e 15 let na chodn\u00edku velodromu.<\/p>\n\n\n\n<figure class=\"wp-block-image size-large\"><img loading=\"lazy\" decoding=\"async\" width=\"1024\" height=\"768\" src=\"https:\/\/www.czechcyclingfederation.com\/wp-content\/uploads\/2025\/04\/20240717-prostejovw-108-1024x768.jpg\" alt=\"\" class=\"wp-image-34964\" srcset=\"https:\/\/www.czechcyclingfederation.com\/wp-content\/uploads\/2025\/04\/20240717-prostejovw-108-1024x768.jpg 1024w, https:\/\/www.czechcyclingfederation.com\/wp-content\/uploads\/2025\/04\/20240717-prostejovw-108-267x200.jpg 267w, https:\/\/www.czechcyclingfederation.com\/wp-content\/uploads\/2025\/04\/20240717-prostejovw-108-768x576.jpg 768w, https:\/\/www.czechcyclingfederation.com\/wp-content\/uploads\/2025\/04\/20240717-prostejovw-108-1536x1152.jpg 1536w, https:\/\/www.czechcyclingfederation.com\/wp-content\/uploads\/2025\/04\/20240717-prostejovw-108-1320x990.jpg 1320w, https:\/\/www.czechcyclingfederation.com\/wp-content\/uploads\/2025\/04\/20240717-prostejovw-108.jpg 2048w\" sizes=\"auto, (max-width: 1024px) 100vw, 1024px\" \/><\/figure>\n\n\n\n<p>Licencovan\u00ed jezdci se mohou p\u0159ihla\u0161ovat emailem na adresu info@skcprostejov.cz (jm\u00e9no, datum narozen\u00ed, UCI ID, kategorie a n\u00e1rodnost) v\u017edy nejpozd\u011bji 2 dny p\u0159ed z\u00e1vodem. Z\u00e1vodn\u00edci p\u0159ihl\u00e1\u0161eni po term\u00ednu plat\u00ed dvojn\u00e1sobn\u00e9 startovn\u00e9.<\/p>\n\n\n\n<p>Program z\u00e1vod\u016f Moravsk\u00e9ho poh\u00e1ru:<\/p>\n\n\n\n<p>Prost\u011bjov: 3. \u010dervna, 15. \u010dervence, 7. srpna.<\/p>\n\n\n\n<p>Brno: 4. \u010dervna, 16. \u010dervence, 6. srpna.<\/p>\n","protected":false},"excerpt":{"rendered":"<p>Celkem \u0161est podnik\u016f bude m\u00edt leto\u0161n\u00ed Moravsk\u00fd dr\u00e1hov\u00fd poh\u00e1r, t\u0159i z\u00e1vody se pojedou na ov\u00e1lu v Prost\u011bjov\u011b a stejn\u00fd po\u010det v Brn\u011b. Seri\u00e1l je prim\u00e1rn\u011b ur\u010den pro ml\u00e1de\u017enick\u00e9 kategorie a v\u0161echny z\u00e1vody se pojedou jako omnium slo\u017een\u00e9 ze t\u0159\u00ed discipl\u00edn &#8211; tempo race, vylu\u010dovac\u00edho z\u00e1vodu a bodovac\u00edho z\u00e1vodu. &#8220;Vloni jsme se poprv\u00e9 dali dohromady s [&hellip;]<\/p>\n","protected":false},"author":8,"featured_media":34962,"comment_status":"closed","ping_status":"open","sticky":false,"template":"","format":"standard","meta":{"footnotes":""},"categories":[54,2],"tags":[9],"class_list":["post-34961","post","type-post","status-publish","format-standard","has-post-thumbnail","hentry","category-draha","category-novinky","tag-draha"],"_links":{"self":[{"href":"https:\/\/www.czechcyclingfederation.com\/en\/wp-json\/wp\/v2\/posts\/34961","targetHints":{"allow":["GET"]}}],"collection":[{"href":"https:\/\/www.czechcyclingfederation.com\/en\/wp-json\/wp\/v2\/posts"}],"about":[{"href":"https:\/\/www.czechcyclingfederation.com\/en\/wp-json\/wp\/v2\/types\/post"}],"author":[{"embeddable":true,"href":"https:\/\/www.czechcyclingfederation.com\/en\/wp-json\/wp\/v2\/users\/8"}],"replies":[{"embeddable":true,"href":"https:\/\/www.czechcyclingfederation.com\/en\/wp-json\/wp\/v2\/comments?post=34961"}],"version-history":[{"count":2,"href":"https:\/\/www.czechcyclingfederation.com\/en\/wp-json\/wp\/v2\/posts\/34961\/revisions"}],"predecessor-version":[{"id":34969,"href":"https:\/\/www.czechcyclingfederation.com\/en\/wp-json\/wp\/v2\/posts\/34961\/revisions\/34969"}],"wp:featuredmedia":[{"embeddable":true,"href":"https:\/\/www.czechcyclingfederation.com\/en\/wp-json\/wp\/v2\/media\/34962"}],"wp:attachment":[{"href":"https:\/\/www.czechcyclingfederation.com\/en\/wp-json\/wp\/v2\/media?parent=34961"}],"wp:term":[{"taxonomy":"category","embeddable":true,"href":"https:\/\/www.czechcyclingfederation.com\/en\/wp-json\/wp\/v2\/categories?post=34961"},{"taxonomy":"post_tag","embeddable":true,"href":"https:\/\/www.czechcyclingfederation.com\/en\/wp-json\/wp\/v2\/tags?post=34961"}],"curies":[{"name":"wp","href":"https:\/\/api.w.org\/{rel}","templated":true}]}}