{"id":34914,"date":"2025-04-19T18:45:12","date_gmt":"2025-04-19T16:45:12","guid":{"rendered":"https:\/\/www.czechcyclingfederation.com\/?p=34914"},"modified":"2025-04-19T18:46:36","modified_gmt":"2025-04-19T16:46:36","slug":"kvasnickova-ovladla-mnd-cup-v-popeline-o-vice-nez-tri-minuty","status":"publish","type":"post","link":"https:\/\/www.czechcyclingfederation.com\/en\/kvasnickova-ovladla-mnd-cup-v-popeline-o-vice-nez-tri-minuty\/","title":{"rendered":"Kvasni\u010dkov\u00e1 ovl\u00e1dla MND Cup v\u00a0Popel\u00edn\u011b o v\u00edce ne\u017e t\u0159i minuty"},"content":{"rendered":"\n<p>Po skv\u011bl\u00e9m v\u00fdkonu ovl\u00e1dla <strong>Eli\u0161ka Kvasni\u010dkov\u00e1<\/strong> z VIF Cycling Teamu druh\u00fd d\u00edl MND Cupu, \u010cesk\u00e9ho poh\u00e1ru ml\u00e1de\u017ee a \u017een v silni\u010dn\u00ed cyklistice. Na okruhu se startem a c\u00edlem v&nbsp;Popel\u00edn\u011b \u017eensk\u00e9 elitn\u00ed kategorii jednozna\u010dn\u011b dominovala a do c\u00edle p\u0159ijela osamocena s&nbsp;n\u00e1skokem v\u00edce ne\u017e t\u0159\u00ed minut.<\/p>\n\n\n\n<p>Druhou p\u0159\u00ed\u010dku vybojovala ve spurtu <strong>Nicole Hartychov\u00e1 <\/strong>z&nbsp;Dukly a za n\u00ed se se\u0159adily dal\u0161\u00ed dv\u011b z\u00e1vodnice VIF Cycling Teamu: <strong>\u0160t\u011bp\u00e1nka Dubcov\u00e1 a Krist\u00fdna Zemanov\u00e1<\/strong>.<\/p>\n\n\n\n<p><em>\u201eZkou\u0161eli jsme z\u00e1vod rozhodnout do t\u00e9 doby, dokud to nevy\u0161lo. Bojovaly jsme tam hodn\u011b s&nbsp;t\u00fdmem Dukly a j\u00e1 m\u011bla jsem \u0161t\u011bst\u00ed, \u017ee to vy\u0161lo na m\u011b. Byla jsem ve spr\u00e1vnou chv\u00edli na spr\u00e1vn\u00e9m m\u00edst\u011b, v&nbsp;t\u00e9 nejprud\u0161\u00ed pas\u00e1\u017ei nastoupila \u0160t\u011bp\u00e1nka Dubcov\u00e1, j\u00e1 \u0161la hned po n\u00ed a u\u017e m\u011b nedostihly. N\u011bjak\u00fdch 30 kilometr\u016f jsem pak jela sama a\u017e do c\u00edle,\u201c<\/em> popisovala Kvasni\u010dkov\u00e1. <em>\u201eV\u00edt\u011bzstv\u00ed rozhodn\u011b nebylo zadarmo, hlavn\u011b prvn\u00ed p\u016flka proti v\u011btru byla hodn\u011b t\u011b\u017ek\u00e1,\u201c<\/em> dodala.<\/p>\n\n\n\n<p>Hodn\u011b spokojen byl i sportovn\u00ed \u0159editel VIF Cycling Teamu <strong>Vojt\u011bch \u0158epa<\/strong>. <em>\u201eV\u00fdkonnost holek i taktick\u00e1 vysp\u011blost se z\u00e1vod od z\u00e1vodu stup\u0148uje. P\u0159ed velk\u00fdmi etap\u00e1ky, kter\u00e9 n\u00e1s \u010dekaj\u00ed, je to velk\u00e9 povzbuzen\u00ed. Z\u00e1vod jsme m\u011bli rozehran\u00fd na v\u00edce karet. Kvasni\u010dkov\u00e1 nebo Jandov\u00e1 to m\u011bly zkou\u0161et na \u00faniky, co\u017e se povedlo. Holky \u00fato\u010dily v&nbsp;m\u00edst\u011b, kter\u00e9 jsme si vytipovali,\u201c <\/em>uvedl \u0158epa.<\/p>\n\n\n\n<figure class=\"wp-block-image size-large\"><img loading=\"lazy\" decoding=\"async\" width=\"1024\" height=\"683\" src=\"https:\/\/www.czechcyclingfederation.com\/wp-content\/uploads\/2025\/04\/matejek-1024x683.jpg\" alt=\"\" class=\"wp-image-34918\" srcset=\"https:\/\/www.czechcyclingfederation.com\/wp-content\/uploads\/2025\/04\/matejek-1024x683.jpg 1024w, https:\/\/www.czechcyclingfederation.com\/wp-content\/uploads\/2025\/04\/matejek-300x200.jpg 300w, https:\/\/www.czechcyclingfederation.com\/wp-content\/uploads\/2025\/04\/matejek-768x512.jpg 768w, https:\/\/www.czechcyclingfederation.com\/wp-content\/uploads\/2025\/04\/matejek-1536x1024.jpg 1536w, https:\/\/www.czechcyclingfederation.com\/wp-content\/uploads\/2025\/04\/matejek-2048x1365.jpg 2048w, https:\/\/www.czechcyclingfederation.com\/wp-content\/uploads\/2025\/04\/matejek-1320x880.jpg 1320w\" sizes=\"auto, (max-width: 1024px) 100vw, 1024px\" \/><\/figure>\n\n\n\n<p>Z\u00e1vod junior\u016f vyhr\u00e1l <strong>\u0160imon Mat\u011bjek <\/strong>z&nbsp;Dukly Praha, kdy\u017e ve spurtu vedouc\u00ed dvojice porazil <strong>Mat\u011bje Pit\u00e1ka <\/strong>(Mapei Merida Ka\u0148kovsk\u00fd). <em>\u201eZe za\u010d\u00e1tku se moc nejelo, ale ve t\u0159et\u00edm okruhu jsme odjeli v&nbsp;men\u0161\u00ed skupince. No a ve stoup\u00e1n\u00ed jsme z&nbsp;n\u00ed nastoupili s&nbsp;Mat\u011bjem a dal\u0161\u00edch 50 kilometr\u016f jsme jeli spolu. Rozdali jsme si to a\u017e na f\u00e9rovku ve spurtu,\u201c<\/em> hodnotil z\u00e1vod Mat\u011bjek.<\/p>\n\n\n\n<p>V&nbsp;my\u0161lenk\u00e1ch u\u017e se ub\u00edr\u00e1 k&nbsp;d\u016fle\u017eit\u00fdm start\u016fm sezony, kter\u00e9 ho \u010dekaj\u00ed v n\u00e1sleduj\u00edc\u00edch t\u00fddnech. <em>\u201eP\u0159\u00ed\u0161t\u00ed v\u00edkend jedeme Rakousk\u00fd poh\u00e1r a pak u\u017e p\u0159ijdou dva velk\u00e9 vrcholy: GP West Bohemia v&nbsp;Plzni a Z\u00e1vod m\u00edru junior\u016f,\u201c <\/em>dodal cyklista Dukly Praha.<\/p>\n\n\n\n<figure class=\"wp-block-image size-large\"><img loading=\"lazy\" decoding=\"async\" width=\"1024\" height=\"683\" src=\"https:\/\/www.czechcyclingfederation.com\/wp-content\/uploads\/2025\/04\/nej-juniori-Popelin-1024x683.jpg\" alt=\"\" class=\"wp-image-34920\" srcset=\"https:\/\/www.czechcyclingfederation.com\/wp-content\/uploads\/2025\/04\/nej-juniori-Popelin-1024x683.jpg 1024w, https:\/\/www.czechcyclingfederation.com\/wp-content\/uploads\/2025\/04\/nej-juniori-Popelin-300x200.jpg 300w, https:\/\/www.czechcyclingfederation.com\/wp-content\/uploads\/2025\/04\/nej-juniori-Popelin-768x512.jpg 768w, https:\/\/www.czechcyclingfederation.com\/wp-content\/uploads\/2025\/04\/nej-juniori-Popelin-1536x1024.jpg 1536w, https:\/\/www.czechcyclingfederation.com\/wp-content\/uploads\/2025\/04\/nej-juniori-Popelin-2048x1365.jpg 2048w, https:\/\/www.czechcyclingfederation.com\/wp-content\/uploads\/2025\/04\/nej-juniori-Popelin-1320x880.jpg 1320w\" sizes=\"auto, (max-width: 1024px) 100vw, 1024px\" \/><\/figure>\n\n\n\n<p class=\"has-medium-font-size\"><strong>V\u00fdsledky z Popel\u00edna<\/strong><\/p>\n\n\n\n<p><strong>\u017deny<\/strong> (65,2 km): 1. Kvasni\u010dkov\u00e1 (VIF Cycling Team) 1:44:08, 2. Hartychov\u00e1 (Dukla Praha), 3. Dubcov\u00e1, 4. Zemanov\u00e1 (ob\u011b VIF Cycling Team), 5. Doud\u011brov\u00e1 (Dukla Praha) v\u0161. +3:02. <strong>Stav MND Cupu:<\/strong> 1. Slan\u00edkov\u00e1 (Dukla Praha) 199 b., 2. Hartychov\u00e1 161, 3. Kvasni\u010dkov\u00e1 138.<\/p>\n\n\n\n<p><strong>Junio\u0159i<\/strong> (97,8 km): 1. Mat\u011bjek (Dukla Praha) 2:27:11, 2. Pit\u00e1k (Mapei Merida Ka\u0148kovsk\u00fd) stejn\u00fd \u010das, 3. Miku\u0161 (SR) +3:32, 4. Tesa\u0159\u00edk, 5. Ra\u0161ka (oba Mapei Merida Ka\u0148kovsk\u00fd) oba +3:43. <strong>Stav MND Cupu:<\/strong> 1. Pit\u00e1k 230, 2. Ra\u0161ka 160, 3. Stibl\u00edk (Roman Kreuziger Cycling Academy) 151.<\/p>\n\n\n\n<p><strong>Juniorky<\/strong> (65,2 km): 1. Sikelov\u00e1 (SR), 2. Cermanov\u00e1 (Baloise Minimax WB Ladies), 3. Kr\u00e1tk\u00e1 (Otosport Team Jesen\u00edk) stejn\u00fd \u010das. <strong>Pr\u016fb\u011b\u017en\u011b: <\/strong>1. Cermanov\u00e1 135.<\/p>\n\n\n\n<p><strong>Kadeti<\/strong> (65,2 km): 1. Stano (SR) 1:37:16, 2. Dvo\u0159\u00e1\u010dek (Prodoli Racing Team), 3. Be\u010dv\u00e1\u0159 (Bike Puzzle Team) oba stejn\u00fd \u010das. <strong>Pr\u016fb\u011b\u017en\u011b: <\/strong>1. Be\u010dv\u00e1\u0159 180. <strong>Kadetky<\/strong> (48,9 km): 1. A. Galovi\u010dov\u00e1 (SR) 1:23:45, 2. Rumanov\u00e1 (ACS Development), 3. E. Galovi\u010dov\u00e1 (SR) ob\u011b +6:59. <strong>Pr\u016fb\u011b\u017en\u011b: <\/strong>1. Rothbauerov\u00e1 (Lyko Klub Prachatice) 200.<\/p>\n\n\n\n<p><strong>Star\u0161\u00ed \u017e\u00e1ci<\/strong> (48,9 km): 1. Tobrman (MS Bike Academy) 1:20:11. <strong>Pr\u016fb\u011b\u017en\u011b: <\/strong>1. M\u00edra (CK Orl\u00edk Orlov\u00e1) 223. <strong>Mlad\u0161\u00ed \u017e\u00e1ci<\/strong> (16,3 km): 1. Kysela (Favorit Brno) 27:47. <strong>Pr\u016fb\u011b\u017en\u011b: <\/strong>1. Smr\u010dka (Cycling Academy T\u00e1bor) 236. <strong>Star\u0161\u00ed \u017e\u00e1kyn\u011b<\/strong> (16,3 km): 1. Perinov\u00e1 (\u010cEZ Cyklo Team T\u00e1bor) 27:48. <strong>Pr\u016fb\u011b\u017en\u011b: <\/strong>1. Perinov\u00e1 243. <strong>Mlad\u0161\u00ed \u017e\u00e1kyn\u011b<\/strong> (16,3 km): 1. H\u00e1jkov\u00e1 (Favorit Brno) 29:07. <strong>Pr\u016fb\u011b\u017en\u011b: <\/strong>1. Lhot\u00e1kov\u00e1 (Auto \u0160koda Mlad\u00e1 Boleslav) 185.<\/p>\n\n\n\n<p>Foto: Filip Bezd\u011bk<\/p>\n","protected":false},"excerpt":{"rendered":"<p>Po skv\u011bl\u00e9m v\u00fdkonu ovl\u00e1dla Eli\u0161ka Kvasni\u010dkov\u00e1 z VIF Cycling Teamu druh\u00fd d\u00edl MND Cupu, \u010cesk\u00e9ho poh\u00e1ru ml\u00e1de\u017ee a \u017een v silni\u010dn\u00ed cyklistice. Na okruhu se startem a c\u00edlem v&nbsp;Popel\u00edn\u011b \u017eensk\u00e9 elitn\u00ed kategorii jednozna\u010dn\u011b dominovala a do c\u00edle p\u0159ijela osamocena s&nbsp;n\u00e1skokem v\u00edce ne\u017e t\u0159\u00ed minut. Druhou p\u0159\u00ed\u010dku vybojovala ve spurtu Nicole Hartychov\u00e1 z&nbsp;Dukly a za n\u00ed [&hellip;]<\/p>\n","protected":false},"author":15,"featured_media":34916,"comment_status":"closed","ping_status":"open","sticky":false,"template":"","format":"standard","meta":{"footnotes":""},"categories":[2,18],"tags":[11],"class_list":["post-34914","post","type-post","status-publish","format-standard","has-post-thumbnail","hentry","category-novinky","category-silnice","tag-silnice"],"_links":{"self":[{"href":"https:\/\/www.czechcyclingfederation.com\/en\/wp-json\/wp\/v2\/posts\/34914","targetHints":{"allow":["GET"]}}],"collection":[{"href":"https:\/\/www.czechcyclingfederation.com\/en\/wp-json\/wp\/v2\/posts"}],"about":[{"href":"https:\/\/www.czechcyclingfederation.com\/en\/wp-json\/wp\/v2\/types\/post"}],"author":[{"embeddable":true,"href":"https:\/\/www.czechcyclingfederation.com\/en\/wp-json\/wp\/v2\/users\/15"}],"replies":[{"embeddable":true,"href":"https:\/\/www.czechcyclingfederation.com\/en\/wp-json\/wp\/v2\/comments?post=34914"}],"version-history":[{"count":5,"href":"https:\/\/www.czechcyclingfederation.com\/en\/wp-json\/wp\/v2\/posts\/34914\/revisions"}],"predecessor-version":[{"id":34925,"href":"https:\/\/www.czechcyclingfederation.com\/en\/wp-json\/wp\/v2\/posts\/34914\/revisions\/34925"}],"wp:featuredmedia":[{"embeddable":true,"href":"https:\/\/www.czechcyclingfederation.com\/en\/wp-json\/wp\/v2\/media\/34916"}],"wp:attachment":[{"href":"https:\/\/www.czechcyclingfederation.com\/en\/wp-json\/wp\/v2\/media?parent=34914"}],"wp:term":[{"taxonomy":"category","embeddable":true,"href":"https:\/\/www.czechcyclingfederation.com\/en\/wp-json\/wp\/v2\/categories?post=34914"},{"taxonomy":"post_tag","embeddable":true,"href":"https:\/\/www.czechcyclingfederation.com\/en\/wp-json\/wp\/v2\/tags?post=34914"}],"curies":[{"name":"wp","href":"https:\/\/api.w.org\/{rel}","templated":true}]}}