{"id":349,"date":"2020-04-28T03:14:58","date_gmt":"2020-04-28T01:14:58","guid":{"rendered":"http:\/\/www.czechcyclingfederation.com\/?p=349"},"modified":"2020-07-16T13:41:33","modified_gmt":"2020-07-16T11:41:33","slug":"trenuj-s-repre-mtb","status":"publish","type":"post","link":"https:\/\/www.czechcyclingfederation.com\/en\/trenuj-s-repre-mtb\/","title":{"rendered":"Tr\u00e9nuj s repre MTB!"},"content":{"rendered":"\n<p>Projekt nejlep\u0161\u00edch jezdc\u016f Reprezentace MTB pro \u0161irokou ve\u0159ejnost.<\/p>\n\n\n\n<p>Reprezenta\u010dn\u00ed t\u00fdm horsk\u00fdch kol v&nbsp;pond\u011bl\u00ed 23. b\u0159ezna 2020 spust\u00ed sv\u016fj projekt \u201e<strong>Tr\u00e9nuj s&nbsp;repre MTB!<\/strong>\u201c.<\/p>\n\n\n\n<p>C\u00edlem projektu je nejenom p\u0159ibl\u00ed\u017eit tr\u00e9nink vrcholov\u00fdch sportovc\u016fm v&nbsp;dne\u0161n\u00edch slo\u017eit\u00fdch dnech, ale p\u0159edev\u0161\u00edm motivovat \u0161irokou ve\u0159ejnost k pravideln\u00e9 sportovn\u00ed aktivit\u011b bez ohledu na to, \u017ee na\u0161e tr\u00e9ninkov\u00e9 podm\u00ednky nejsou plnohodnotn\u00e9 a v\u011bt\u0161ina z&nbsp;n\u00e1s je nucena pob\u00fdvat v&nbsp;dom\u00e1c\u00edm prost\u0159ed\u00ed bez mo\u017enosti j\u00edt si zasportovat ven bez omezen\u00ed.<\/p>\n\n\n\n<p>O co p\u0159esn\u011b p\u016fjde? Ka\u017ed\u00fd den v&nbsp;t\u00fddnu od 23. do 29. b\u0159ezna se na internetov\u00fdch str\u00e1nk\u00e1ch, Facebooku a Instagramu Reprezentace MTB a \u010cesk\u00e9ho svazu cyklistiky objev\u00ed kr\u00e1tk\u00e9 video, kter\u00e9 nato\u010d\u00ed n\u011bkter\u00fd z&nbsp;p\u0159edn\u00edch \u010desk\u00fdch biker\u016f, ve kter\u00e9m detailn\u011b pop\u00ed\u0161e sv\u016fj v\u0161edn\u00ed tr\u00e9ninkov\u00fd den. A tato p\u0159edloha by m\u011bla b\u00fdt z\u00e1rove\u0148 i v\u00fdzvou, n\u00e1vodem a inspirac\u00ed pro \u0161irokou ve\u0159ejnost, aby se do tr\u00e9ninku zapojila tak\u00e9.<\/p>\n\n\n\n<p><em>\u201eTr\u00e9ninkovou d\u00e1vku si samoz\u0159ejm\u011b ka\u017ed\u00fd mus\u00ed upravit podle sv\u00e9ho v\u011bku, mo\u017enost\u00ed a aktu\u00e1ln\u00ed kondice. Podstatn\u00e9 ale je, abychom se h\u00fdbali a aby ta sportovn\u00ed aktivita byla pravideln\u00e1, ide\u00e1ln\u011b ka\u017edodenn\u00ed,\u201c&nbsp;<\/em>vysv\u011btluje tren\u00e9r reprezenta\u010dn\u00edho t\u00fdmu horsk\u00fdch kol, Viktor Zapletal.&nbsp;<\/p>\n\n\n\n<p><em>\u201eTr\u00e9nink, kter\u00fd uvid\u00edte m\u00e1 b\u00fdt inspirac\u00ed a n\u00e1vodem pro vlastn\u00ed sportovn\u00ed aktivitu. Byli bychom velmi r\u00e1di, kdyby rodi\u010de zapojili do sportov\u00e1n\u00ed d\u011bti a z\u00e1rove\u0148 bychom t\u00edmto cht\u011bli oslovit tren\u00e9ry klub\u016f, kter\u00e9 se specializuj\u00ed na pr\u00e1ci s&nbsp;ml\u00e1de\u017e\u00ed, aby pomohli mal\u00fdm cyklist\u016fm tr\u00e9nink konfigurovat podle individu\u00e1ln\u00edch pot\u0159eb a vytvo\u0159ili d\u011btem jakousi sportovn\u00ed v\u00fdzvu a z\u00e1rove\u0148 i z\u00e1bavu, kter\u00e1 jim pom\u016f\u017ee l\u00e9pe p\u0159eklenout obdob\u00ed, kdy u\u017e v\u011bt\u0161inou plnohodnotn\u011b z\u00e1vod\u00ed. Budeme r\u00e1di, kdy\u017e se s&nbsp;n\u00e1mi \u00fa\u010dastn\u00edci projektu pod\u011bl\u00ed o sv\u00e9 tr\u00e9ninkov\u00e9 pocity a do koment\u00e1\u0159\u016f na Facebooku n\u00e1m ka\u017ed\u00fd den nap\u00ed\u0161\u00ed, kolik toho zvl\u00e1dli odsportovat,\u201c<\/em>&nbsp;dod\u00e1v\u00e1 Zapletal.<\/p>\n\n\n\n<p>Videa bude nat\u00e1\u010det kompletn\u00ed \u201eA\u201c t\u00fdm reprezentace horsk\u00fdch kol v\u010detn\u011b sv\u00fdch nejv\u011bt\u0161\u00edch hv\u011bzd. Postupn\u011b tak budeme m\u00edt mo\u017enost vid\u011bt v\u0161edn\u00ed tr\u00e9ninkov\u00fd den Jitky \u010c\u00e1belick\u00e9, Karly \u0160t\u011bp\u00e1nov\u00e9, Jany Czeczinkarov\u00e9, Jana Vastla, Jana \u0160karnitzla, Ond\u0159eje Cinka i dvojn\u00e1sobn\u00e9ho olympijsk\u00e9ho medailisty Jaroslava Kulhav\u00e9ho. Jistou um\u011bleckou zaj\u00edmavost\u00ed &nbsp;bude i skute\u010dnost, \u017ee re\u017eii videa si budou ur\u010dovat sami jezdci.<\/p>\n\n\n\n<p><em>\u201eProjekt reprezenta\u010dn\u00edho t\u00fdmu horsk\u00fdch kol budeme postupn\u011b p\u0159ev\u00e1d\u011bt i na dal\u0161\u00ed discipl\u00edny nap\u0159\u00ed\u010d cel\u00fdm svazem cyklistiky,\u201c<\/em>&nbsp;\u0159\u00edk\u00e1 prezident \u010cesk\u00e9ho svazu cyklistiky Petr Marek.&nbsp;<\/p>\n\n\n\n<p><em>\u201eSv\u016fj tr\u00e9ninkov\u00fd t\u00fdden bude m\u00edt olympijsk\u00e9 BMX, dr\u00e1hov\u00e1 cyklistika, cyklokros a silni\u010d\u00e1\u0159i. Ve\u0159ejnost tak bude moci nahl\u00e9dnout do tr\u00e9ninku sv\u011btov\u00fdch cyklistick\u00fdch osobnost\u00ed kter\u00fdmi jsou nap\u0159\u00edklad Jarmila Macha\u010dov\u00e1, Tom\u00e1\u0161 B\u00e1bek, Pavel Kelemen, Zden\u011bk \u0160tybar nebo Roman Kreuziger. V\u0161echna tr\u00e9ninkov\u00e1 videa budou postupn\u011b zve\u0159ejn\u011bna na webu a soci\u00e1ln\u00edch s\u00edt\u00edch \u010cesk\u00e9ho svazu cyklistiky a jednotliv\u00fdch discipl\u00edn a z\u00e1rove\u0148 budou p\u0159\u00edstupn\u00e1 ke st\u00e1l\u00e9mu nahl\u00e9dnut\u00ed v&nbsp;archivu Tr\u00e9ninkov\u00e9 poradny v&nbsp;r\u00e1mci vzd\u011bl\u00e1vac\u00edho programu \u010cesk\u00e9ho svazu cyklistiky &#8211; Cycling University,\u201c<\/em>&nbsp;dopl\u0148uje Petr Marek.<\/p>\n\n\n\n<p>Odkazy na soci\u00e1ln\u00ed s\u00edt\u011b:<\/p>\n\n\n\n<p>N\u00ed\u017ee naleznete seznam jednotliv\u00fdch odv\u011btv\u00ed, kde po kliknut\u00ed budete p\u0159esm\u011brov\u00e1ni na uveden\u00fd odkaz.&nbsp;<strong>Facebook<\/strong><\/p>\n\n\n\n<p>\u010cesk\u00fd svaz cyklistiky &#8211;&nbsp;<a href=\"https:\/\/www.facebook.com\/czechcyclingfederation\/\">https:\/\/www.facebook.com\/czechcyclingfederation\/<\/a><\/p>\n\n\n\n<p>Silni\u010dn\u00ed cyklistika &#8211;&nbsp;<a href=\"https:\/\/www.facebook.com\/silnicnicyklistikaCSC\/\">https:\/\/www.facebook.com\/silnicnicyklistikaCSC\/<\/a><\/p>\n\n\n\n<p>Reprezentace MTB &#8211;&nbsp;<a href=\"https:\/\/www.facebook.com\/reprezentaceMTB\/\">https:\/\/www.facebook.com\/reprezentaceMTB\/<\/a><\/p>\n\n\n\n<p>Dr\u00e1hov\u00e1 cyklistika &#8211;&nbsp;<a href=\"https:\/\/www.facebook.com\/drahovaCyklistikaCSC\">https:\/\/www.facebook.com\/drahovaCyklistikaCSC<\/a><\/p>\n\n\n\n<p>Cyklokros &#8211;&nbsp;<a href=\"https:\/\/www.facebook.com\/cyklokros\">https:\/\/www.facebook.com\/cyklokros<\/a><\/p>\n\n\n\n<p>Czech BMX Commission &#8211;&nbsp;<a href=\"https:\/\/www.facebook.com\/czechbmxcommission\/\">https:\/\/www.facebook.com\/czechbmxcommission\/<\/a><\/p>\n\n\n\n<p><strong>Instagram<\/strong><\/p>\n\n\n\n<p>\u010cesk\u00fd svaz cyklistiky \u00a0<a href=\"https:\/\/www.instagram.com\/czechcycling\/\">https:\/\/www.instagram.com\/czechcycling\/<\/a><\/p>\n\n\n\n<p>Czech BMX Commission <a href=\"https:\/\/www.instagram.com\/czechbmxcommission\/\">https:\/\/www.instagram.com\/czechbmxcommission\/<\/a><\/p>\n\n\n\n<p>Silni\u010dn\u00ed cyklistika \u00a0<a href=\"https:\/\/www.instagram.com\/silnicni_cyklistika_csc\/\">https:\/\/www.instagram.com\/silnicni_cyklistika_csc\/<\/a><\/p>\n\n\n\n<p>Reprezentace MTB &#8211;&nbsp;<a href=\"https:\/\/www.instagram.com\/reprezentacemtb\/\">https:\/\/www.instagram.com\/reprezentacemtb\/<\/a><\/p>\n\n\n\n<p>Reprezentace cyklokros <a href=\"https:\/\/www.instagram.com\/reprezentacecyklokros\/\">https:\/\/www.instagram.com\/reprezentacecyklokros\/<\/a><\/p>\n\n\n\n<figure><iframe loading=\"lazy\" src=\"https:\/\/www.facebook.com\/plugins\/video.php?href=https%3A%2F%2Fwww.facebook.com%2FreprezentaceMTB%2Fvideos%2F529989907720159%2F&amp;show_text=0&amp;width=267\" width=\"267\" height=\"476\" allowfullscreen=\"true\"><\/iframe><\/figure>\n","protected":false},"excerpt":{"rendered":"<p>Projekt nejlep\u0161\u00edch jezdc\u016f Reprezentace MTB pro \u0161irokou ve\u0159ejnost. Reprezenta\u010dn\u00ed t\u00fdm horsk\u00fdch kol v&nbsp;pond\u011bl\u00ed 23. b\u0159ezna 2020 spust\u00ed sv\u016fj projekt \u201eTr\u00e9nuj s&nbsp;repre MTB!\u201c. C\u00edlem projektu je nejenom p\u0159ibl\u00ed\u017eit tr\u00e9nink vrcholov\u00fdch sportovc\u016fm v&nbsp;dne\u0161n\u00edch slo\u017eit\u00fdch dnech, ale p\u0159edev\u0161\u00edm motivovat \u0161irokou ve\u0159ejnost k pravideln\u00e9 sportovn\u00ed aktivit\u011b bez ohledu na to, \u017ee na\u0161e tr\u00e9ninkov\u00e9 podm\u00ednky nejsou plnohodnotn\u00e9 a v\u011bt\u0161ina z&nbsp;n\u00e1s [&hellip;]<\/p>\n","protected":false},"author":1,"featured_media":350,"comment_status":"closed","ping_status":"open","sticky":false,"template":"","format":"standard","meta":{"footnotes":""},"categories":[2],"tags":[8],"class_list":["post-349","post","type-post","status-publish","format-standard","has-post-thumbnail","hentry","category-novinky","tag-reprezentace"],"_links":{"self":[{"href":"https:\/\/www.czechcyclingfederation.com\/en\/wp-json\/wp\/v2\/posts\/349","targetHints":{"allow":["GET"]}}],"collection":[{"href":"https:\/\/www.czechcyclingfederation.com\/en\/wp-json\/wp\/v2\/posts"}],"about":[{"href":"https:\/\/www.czechcyclingfederation.com\/en\/wp-json\/wp\/v2\/types\/post"}],"author":[{"embeddable":true,"href":"https:\/\/www.czechcyclingfederation.com\/en\/wp-json\/wp\/v2\/users\/1"}],"replies":[{"embeddable":true,"href":"https:\/\/www.czechcyclingfederation.com\/en\/wp-json\/wp\/v2\/comments?post=349"}],"version-history":[{"count":1,"href":"https:\/\/www.czechcyclingfederation.com\/en\/wp-json\/wp\/v2\/posts\/349\/revisions"}],"predecessor-version":[{"id":351,"href":"https:\/\/www.czechcyclingfederation.com\/en\/wp-json\/wp\/v2\/posts\/349\/revisions\/351"}],"wp:featuredmedia":[{"embeddable":true,"href":"https:\/\/www.czechcyclingfederation.com\/en\/wp-json\/wp\/v2\/media\/350"}],"wp:attachment":[{"href":"https:\/\/www.czechcyclingfederation.com\/en\/wp-json\/wp\/v2\/media?parent=349"}],"wp:term":[{"taxonomy":"category","embeddable":true,"href":"https:\/\/www.czechcyclingfederation.com\/en\/wp-json\/wp\/v2\/categories?post=349"},{"taxonomy":"post_tag","embeddable":true,"href":"https:\/\/www.czechcyclingfederation.com\/en\/wp-json\/wp\/v2\/tags?post=349"}],"curies":[{"name":"wp","href":"https:\/\/api.w.org\/{rel}","templated":true}]}}