{"id":34865,"date":"2025-04-14T19:08:42","date_gmt":"2025-04-14T17:08:42","guid":{"rendered":"https:\/\/www.czechcyclingfederation.com\/?p=34865"},"modified":"2025-04-14T19:08:46","modified_gmt":"2025-04-14T17:08:46","slug":"slanikova-vyhrala-kriteria-v-sobeslavi-i-tabore","status":"publish","type":"post","link":"https:\/\/www.czechcyclingfederation.com\/en\/slanikova-vyhrala-kriteria-v-sobeslavi-i-tabore\/","title":{"rendered":"Slan\u00edkov\u00e1 vyhr\u00e1la krit\u00e9ria v\u00a0Sob\u011bslavi i T\u00e1bo\u0159e"},"content":{"rendered":"\n<p><strong>Nela Slan\u00edkov\u00e1<\/strong> z&nbsp;Dukly Praha dok\u00e1zala vyhr\u00e1t ob\u011b v\u00edkendov\u00e1 silni\u010dn\u00ed krit\u00e9ria na jihu \u010cech, Sob\u011bslavsk\u00e9 i T\u00e1borsk\u00e9 okruhy, v&nbsp;nich\u017e se krom\u011b v\u00edt\u011bzstv\u00ed bojovalo tak\u00e9 o body do \u010cesk\u00e9ho poh\u00e1ru ml\u00e1de\u017ee a \u017een MND Cupu.<\/p>\n\n\n\n<p>\u017densk\u00e1 elitn\u00ed kategorie byla v\u016fbec jasnou z\u00e1le\u017eitost\u00ed Dukly. Za Slan\u00edkovou skon\u010dila v&nbsp;sobotu v&nbsp;Sob\u011bslavi druh\u00e1 <strong>Barbora N\u011bmcov\u00e1<\/strong>, v&nbsp;ned\u011bli se mezi n\u011b v&nbsp;T\u00e1bo\u0159e vkl\u00ednila na druh\u00e9 m\u00edsto jejich t\u00fdmov\u00e1 kolegyn\u011b <strong>Petra \u0160ev\u010d\u00edkov\u00e1<\/strong>.<\/p>\n\n\n\n<p>Slan\u00edkov\u00e1 dok\u00e1zala v\u00a0Sob\u011bslavi skv\u011ble spurtovat a byla i v\u00a0hlavn\u00edm \u00faniku z\u00e1vodu. Celkem nasb\u00edrala 33 bod\u016f. V\u00a0ned\u011bln\u00edm z\u00e1vod\u011b v\u00a0T\u00e1bo\u0159e pak triumfovala po s\u00f3lov\u00e9m \u00faniku.<\/p>\n\n\n\n<figure class=\"wp-block-image size-large\"><img loading=\"lazy\" decoding=\"async\" width=\"1024\" height=\"768\" src=\"http:\/\/www.czechcyclingfederation.com\/wp-content\/uploads\/2025\/04\/tabor-nela-1024x768.jpg\" alt=\"\" class=\"wp-image-34866\" srcset=\"https:\/\/www.czechcyclingfederation.com\/wp-content\/uploads\/2025\/04\/tabor-nela-1024x768.jpg 1024w, https:\/\/www.czechcyclingfederation.com\/wp-content\/uploads\/2025\/04\/tabor-nela-267x200.jpg 267w, https:\/\/www.czechcyclingfederation.com\/wp-content\/uploads\/2025\/04\/tabor-nela-768x576.jpg 768w, https:\/\/www.czechcyclingfederation.com\/wp-content\/uploads\/2025\/04\/tabor-nela-1536x1152.jpg 1536w, https:\/\/www.czechcyclingfederation.com\/wp-content\/uploads\/2025\/04\/tabor-nela-1320x990.jpg 1320w, https:\/\/www.czechcyclingfederation.com\/wp-content\/uploads\/2025\/04\/tabor-nela.jpg 1600w\" sizes=\"auto, (max-width: 1024px) 100vw, 1024px\" \/><\/figure>\n\n\n\n<p class=\"has-medium-font-size\"><strong>Sob\u011bslavsk\u00e9 okruhy<\/strong><\/p>\n\n\n\n<p><strong>Mu\u017ei: <\/strong>1. Kerl (Auto \u0160koda Mlad\u00e1 Boleslav) 41, 2. Haberman (AC Sparta Praha) 30, 3. \u0160afr\u00e1nek (CK Pardubice) 10.<\/p>\n\n\n\n<p><strong>\u017deny a juniorky: <\/strong>1. Slan\u00edkov\u00e1 33 b., 2. N\u011bmcov\u00e1 (ob\u011b Dukla Praha) 20, 3. Panu\u0161ov\u00e1 (Brilon Racing Team MB) 12.<\/p>\n\n\n\n<p><strong>Junio\u0159i: <\/strong>1. Pit\u00e1k (Mapei Merida Ka\u0148kovsk\u00fd) 28, 2. Stibl\u00edk (Roman Kreuziger Cycling Academy) 26, 3. H\u00e1jek (Brilon Racing Team MB) 19.<\/p>\n\n\n\n<p><strong>Kadeti:<\/strong> 1. Vaisejtl (Bike puzzle team) 17, 2. Kala\u0161 (Stadion Louny) 17, 3. Ciboch (Rexonix Kovo Praha) 14. <strong>Kadetky:<\/strong> 1. Rothbauerov\u00e1 (Lyko Klub Prachatice) 25, 2. Jan\u00edkov\u00e1 (Rexonix Kovo Praha) 12, 3. Svobodov\u00e1 (Brilon Racing Team MB) 8.<\/p>\n\n\n\n<p><strong>Star\u0161\u00ed \u017e\u00e1ci:<\/strong> 1. Tobrman (MS Bike Academy) 12. <strong>Mlad\u0161\u00ed \u017e\u00e1ci:<\/strong> 1. Smr\u010dka (Cycling Academy T\u00e1bor) 18. <strong>\u017d\u00e1kyn\u011b:<\/strong> 1. Van\u011b\u010dkov\u00e1 (Rexonix Kovo Praha) 14.<\/p>\n\n\n\n<p class=\"has-medium-font-size\"><strong>T\u00e1borsk\u00e9 okruhy<\/strong><\/p>\n\n\n\n<p><strong>Mu\u017ei: <\/strong>1. Kobr (AC Sparta Praha) 29, 2. Kerl (Auto \u0160koda Mlad\u00e1 Boleslav) 26, 3. 3. \u0160afr\u00e1nek (CK Pardubice) 20.<\/p>\n\n\n\n<p><strong>\u017deny a juniorky: <\/strong>1. Slan\u00edkov\u00e1 66, 2. \u0160ev\u010d\u00edkov\u00e1 19, 3. N\u011bmcov\u00e1 (v\u0161. Dukla Praha) 15.<\/p>\n\n\n\n<p><strong>Junio\u0159i: <\/strong>1. Kub\u011bna (Roman Kreuziger Cycling Academy) 29, 2. Ra\u0161ka 19, 3. Pit\u00e1k (oba Mapei Merida Ka\u0148kovsk\u00fd) 12.<\/p>\n\n\n\n<p><strong>Kadeti: <\/strong>1. Pazourek (Cycling Academy T\u00e1bor) 23, 2. Tich\u00fd (Lyko Klub Prachatice) 14, 3. Kala\u0161 (Stadion Louny) 13. <strong>Kadetky: <\/strong>1. Rothbauerov\u00e1 (Lyko Klub Prachatice) 33, 2. Rumanov\u00e1 (ACS Development) 15, 3. Svobodov\u00e1 (Brilon Racing Team MB) 14.<\/p>\n\n\n\n<p><strong>Star\u0161\u00ed \u017e\u00e1ci:<\/strong> 1. M\u00edra (CK Orl\u00edk Orlov\u00e1) 27. <strong>Mlad\u0161\u00ed \u017e\u00e1ci:<\/strong> 1. Hur\u00e1k (Auto \u0160koda Mlad\u00e1 Boleslav). <strong>\u017d\u00e1kyn\u011b:<\/strong> 1. Perinov\u00e1 (\u010cET Cykloteam T\u00e1bor).<\/p>\n\n\n\n<p>Foto: Dukla Praha<\/p>\n","protected":false},"excerpt":{"rendered":"<p>Nela Slan\u00edkov\u00e1 z&nbsp;Dukly Praha dok\u00e1zala vyhr\u00e1t ob\u011b v\u00edkendov\u00e1 silni\u010dn\u00ed krit\u00e9ria na jihu \u010cech, Sob\u011bslavsk\u00e9 i T\u00e1borsk\u00e9 okruhy, v&nbsp;nich\u017e se krom\u011b v\u00edt\u011bzstv\u00ed bojovalo tak\u00e9 o body do \u010cesk\u00e9ho poh\u00e1ru ml\u00e1de\u017ee a \u017een MND Cupu. \u017densk\u00e1 elitn\u00ed kategorie byla v\u016fbec jasnou z\u00e1le\u017eitost\u00ed Dukly. Za Slan\u00edkovou skon\u010dila v&nbsp;sobotu v&nbsp;Sob\u011bslavi druh\u00e1 Barbora N\u011bmcov\u00e1, v&nbsp;ned\u011bli se mezi n\u011b v&nbsp;T\u00e1bo\u0159e vkl\u00ednila [&hellip;]<\/p>\n","protected":false},"author":15,"featured_media":34868,"comment_status":"closed","ping_status":"open","sticky":false,"template":"","format":"standard","meta":{"footnotes":""},"categories":[2,18],"tags":[11],"class_list":["post-34865","post","type-post","status-publish","format-standard","has-post-thumbnail","hentry","category-novinky","category-silnice","tag-silnice"],"_links":{"self":[{"href":"https:\/\/www.czechcyclingfederation.com\/en\/wp-json\/wp\/v2\/posts\/34865","targetHints":{"allow":["GET"]}}],"collection":[{"href":"https:\/\/www.czechcyclingfederation.com\/en\/wp-json\/wp\/v2\/posts"}],"about":[{"href":"https:\/\/www.czechcyclingfederation.com\/en\/wp-json\/wp\/v2\/types\/post"}],"author":[{"embeddable":true,"href":"https:\/\/www.czechcyclingfederation.com\/en\/wp-json\/wp\/v2\/users\/15"}],"replies":[{"embeddable":true,"href":"https:\/\/www.czechcyclingfederation.com\/en\/wp-json\/wp\/v2\/comments?post=34865"}],"version-history":[{"count":2,"href":"https:\/\/www.czechcyclingfederation.com\/en\/wp-json\/wp\/v2\/posts\/34865\/revisions"}],"predecessor-version":[{"id":34871,"href":"https:\/\/www.czechcyclingfederation.com\/en\/wp-json\/wp\/v2\/posts\/34865\/revisions\/34871"}],"wp:featuredmedia":[{"embeddable":true,"href":"https:\/\/www.czechcyclingfederation.com\/en\/wp-json\/wp\/v2\/media\/34868"}],"wp:attachment":[{"href":"https:\/\/www.czechcyclingfederation.com\/en\/wp-json\/wp\/v2\/media?parent=34865"}],"wp:term":[{"taxonomy":"category","embeddable":true,"href":"https:\/\/www.czechcyclingfederation.com\/en\/wp-json\/wp\/v2\/categories?post=34865"},{"taxonomy":"post_tag","embeddable":true,"href":"https:\/\/www.czechcyclingfederation.com\/en\/wp-json\/wp\/v2\/tags?post=34865"}],"curies":[{"name":"wp","href":"https:\/\/api.w.org\/{rel}","templated":true}]}}