{"id":34861,"date":"2025-04-14T13:43:47","date_gmt":"2025-04-14T11:43:47","guid":{"rendered":"https:\/\/www.czechcyclingfederation.com\/?p=34861"},"modified":"2025-04-14T13:46:21","modified_gmt":"2025-04-14T11:46:21","slug":"cink-na-druhem-zavode-sp-v-brazilii-osmnacty","status":"publish","type":"post","link":"https:\/\/www.czechcyclingfederation.com\/en\/cink-na-druhem-zavode-sp-v-brazilii-osmnacty\/","title":{"rendered":"Cink na druh\u00e9m z\u00e1vod\u011b SP v Braz\u00edlii osmn\u00e1ct\u00fd"},"content":{"rendered":"\n<p><strong>Druh\u00fd d\u00edl Sv\u011btov\u00e9ho poh\u00e1ru horsk\u00fdch kol v olympijsk\u00e9m cross country pokra\u010doval druh\u00fdm z\u00e1vodem v brazilsk\u00e9m Arax\u00e1.&nbsp;<\/strong><\/p>\n\n\n\n<p>Z \u010desk\u00fdch reprezentant\u016f se v nejpresti\u017en\u011bj\u0161\u00ed sv\u011btov\u00e9 s\u00e9rii p\u0159edstavilo identick\u00e9 trio jako p\u0159ed t\u00fddnem ve slo\u017een\u00ed Simona Sp\u011b\u0161n\u00e1, Ad\u00e9la Holubov\u00e1 a \u010desk\u00e1 jedni\u010dka Ond\u0159ej Cink.<\/p>\n\n\n\n<p>T\u0159iadvac\u00edtk\u00e1\u0159ka Simona Spe\u0161n\u00e1 ve sv\u011btov\u00e9 konkurenci skon\u010dila v hlavn\u00edm z\u00e1vod\u011b na 25. m\u00edst\u011b. Mezi elitn\u00edmi \u017eenami se p\u0159edstavila v elitn\u00ed kategorii Ad\u00e9la Holubov\u00e1, ta dokon\u010dila z\u00e1vod na 35. m\u00edst\u011b, o p\u011bt m\u00edst lep\u0161\u00ed v\u00fdsledek, ne\u017e p\u0159ed t\u00fddnem.<\/p>\n\n\n\n<p><em>\u201eDneska to bylo super, oproti minul\u00e9mu t\u00fddnu, kdy mi XCO nesedlo, jsem si dne\u0161n\u00edm z\u00e1vodem spravila chu\u0165. Jela jsem si sv\u00e9 tempo a pr\u016fb\u011b\u017en\u011b se posouvala vp\u0159ed, tak\u017ee jsem op\u011bt c\u00edtila sv\u00e9 z\u00e1vodn\u00ed j\u00e1,\u201c <\/em>uvedla Ad\u00e9la Holubov\u00e1 pro server MTBS.cz.&nbsp;<\/p>\n\n\n\n<p>Ond\u0159ej Cink skon\u010dil v elitn\u00edm z\u00e1vod\u011b na 18. m\u00edst\u011b, i kdy\u017e v\u00fdsledek mohl dopadnout mnohem l\u00e9pe b\u00fdt lep\u0161\u00ed startovn\u00ed pozice.<\/p>\n\n\n\n<p><em>\u201eNem\u011bl jsem \u00fapln\u011b dobr\u00fd start, je pro m\u011b t\u011b\u017ek\u00fd dostat se z t\u011bch zadn\u00edch \u0159ad dop\u0159edu. Pak jsem ale nasadil dobr\u00fd, vyrovnan\u00fd tempo, kter\u00fd jsem dr\u017eel v\u00edce m\u00e9n\u011b cel\u00fd z\u00e1vod. Nep\u0159ep\u00e1lil jsem to, ale stabiln\u011b \u0161el dop\u0159edu, co\u017e v tom vedru bylo d\u016fle\u017eit\u00fd,&#8221; <\/em>okomentoval sv\u016fj z\u00e1vod Ondra pro MTBS.cz.&nbsp;<\/p>\n\n\n\n<p><em>\u201eJsem s v\u00fdkonem i v\u00fdsledkem spokojen\u00fd, top dvac\u00edtka je super, zvl\u00e1\u0161\u0165 na to, jak rychl\u00fd ten z\u00e1vod byl a jak vyrovnan\u00fd je startovn\u00ed pole,\u201c<\/em> doplnil Ond\u0159ej.<\/p>\n\n\n\n<p>Sv\u011btov\u00fd poh\u00e1r horsk\u00fdch kol pokra\u010duje 23. &#8211; 25. kv\u011btna na dom\u00e1c\u00ed sc\u00e9n\u011b v Nov\u00e9m M\u011bst\u011b na Morav\u011b.<\/p>\n\n\n\n<p><strong>V\u00fdsledky:\u00a0<\/strong><\/p>\n\n\n\n<p>XCO:<\/p>\n\n\n\n<p>\u017deny U23: 1. Isabella Holmgren (Kan., Lidl Trek) 1:09:19, 2. Valentina Corvi (It., Canyon Cllctv) +0:50, 3. Ella Macphee (Kan., Wilier Vittoria) +1:19,\u2026 <strong>25. Simona Sp\u011b\u0161n\u00e1 (Massi) +9:08.<\/strong><\/p>\n\n\n\n<p>Mu\u017ei U23: 1. Finn Treudler (\u0160v\u00fdc., Cube Factory) 1:07:53, 2. William Handley (Nor.) +0:35, 3. Elian Paccagnella (It., Wilier Vittoria) +0:51.<\/p>\n\n\n\n<p>\u017deny Elite: 1. Jenn Rissveds (\u0160v\u00e9d., Canyon Cllctv) 1:26:59, 2. Samara Maxwell (NZL, Decathlon Ford) +0:28, 3. Evie Richards (Brit., Trek &#8211; Pirelli) +0:34, &#8230; <strong>35. Ad\u00e9la Holubov\u00e1 (Rouvy) +8:05.<\/strong><\/p>\n\n\n\n<p>Mu\u017ei Elite: 1. Chris Blevins (USA, Specialized Factory) 1:22:42, 2. Martin Vidaure Kossmann (CHI, Specialized Factory) +0:02,. 3. Adrian Boichis (Fr., Specialized Factory) +0:03, &#8230; <strong>18. Ond\u0159ej Cink (Cube Factory) +1:46.<\/strong><\/p>\n\n\n\n<p>XCC:<\/p>\n\n\n\n<p>\u017deny U23: 1. Isabella Holmgren (Kan., Lidl Trek) 18:40, 2. Valentiva Corvi (It., Canyon Cllctv) +0:00, 3. Katharina Sadnik (Rak., KTM Factory) +0:00, \u2026<strong> 24. Simona Sp\u011b\u0161n\u00e1 (Massi) +1:17.<\/strong><\/p>\n\n\n\n<p>Mu\u017ei U23: 1. Elian Paccagnella (It., Wilier Vittoria) 21:36, 2. Finn Treudler (\u0160v\u00fdc., Cube Factory) +0:03, 3. Heby Gustav Pedersen (D\u00e1n., Wilier Vittoria) +0:08.<\/p>\n\n\n\n<p>\u017deny Elite: 1. Evie Richards (Brit., Trek Factory) 21:24, 2. Nicole Koller (\u0160v\u00fdc., Ghost Factory) +0:01, 3. Jenny Rissveds (\u0160v\u00e9d., Canyon Cllctv) +0:01, &#8230;<strong> 30. Ad\u00e9la Holubov\u00e1 (Rouvy) +1:12 min.<\/strong><\/p>\n\n\n\n<p>Mu\u017ei Elite: 1. Chris Blevins (USA, Specialized Factory) 21:02, 2. Victor Koretzky (Fr., Specialized Factory) +0:05, 3. Nino Schurter (\u0160v\u00fdc., Scott Sram) +0:07, &#8230; <strong>26. Ond\u0159ej Cink (Cube Factory) +0:31.<\/strong><\/p>\n\n\n\n<p><\/p>\n","protected":false},"excerpt":{"rendered":"<p>Druh\u00fd d\u00edl Sv\u011btov\u00e9ho poh\u00e1ru horsk\u00fdch kol v olympijsk\u00e9m cross country pokra\u010doval druh\u00fdm z\u00e1vodem v brazilsk\u00e9m Arax\u00e1.&nbsp; Z \u010desk\u00fdch reprezentant\u016f se v nejpresti\u017en\u011bj\u0161\u00ed sv\u011btov\u00e9 s\u00e9rii p\u0159edstavilo identick\u00e9 trio jako p\u0159ed t\u00fddnem ve slo\u017een\u00ed Simona Sp\u011b\u0161n\u00e1, Ad\u00e9la Holubov\u00e1 a \u010desk\u00e1 jedni\u010dka Ond\u0159ej Cink. T\u0159iadvac\u00edtk\u00e1\u0159ka Simona Spe\u0161n\u00e1 ve sv\u011btov\u00e9 konkurenci skon\u010dila v hlavn\u00edm z\u00e1vod\u011b na 25. m\u00edst\u011b. Mezi [&hellip;]<\/p>\n","protected":false},"author":9,"featured_media":31519,"comment_status":"closed","ping_status":"open","sticky":false,"template":"","format":"standard","meta":{"footnotes":""},"categories":[110,6,109,2],"tags":[10],"class_list":["post-34861","post","type-post","status-publish","format-standard","has-post-thumbnail","hentry","category-mtb-xco-xcm","category-mtb","category-mtb-trial-reprezentace","category-novinky","tag-mtb"],"_links":{"self":[{"href":"https:\/\/www.czechcyclingfederation.com\/en\/wp-json\/wp\/v2\/posts\/34861","targetHints":{"allow":["GET"]}}],"collection":[{"href":"https:\/\/www.czechcyclingfederation.com\/en\/wp-json\/wp\/v2\/posts"}],"about":[{"href":"https:\/\/www.czechcyclingfederation.com\/en\/wp-json\/wp\/v2\/types\/post"}],"author":[{"embeddable":true,"href":"https:\/\/www.czechcyclingfederation.com\/en\/wp-json\/wp\/v2\/users\/9"}],"replies":[{"embeddable":true,"href":"https:\/\/www.czechcyclingfederation.com\/en\/wp-json\/wp\/v2\/comments?post=34861"}],"version-history":[{"count":1,"href":"https:\/\/www.czechcyclingfederation.com\/en\/wp-json\/wp\/v2\/posts\/34861\/revisions"}],"predecessor-version":[{"id":34862,"href":"https:\/\/www.czechcyclingfederation.com\/en\/wp-json\/wp\/v2\/posts\/34861\/revisions\/34862"}],"wp:featuredmedia":[{"embeddable":true,"href":"https:\/\/www.czechcyclingfederation.com\/en\/wp-json\/wp\/v2\/media\/31519"}],"wp:attachment":[{"href":"https:\/\/www.czechcyclingfederation.com\/en\/wp-json\/wp\/v2\/media?parent=34861"}],"wp:term":[{"taxonomy":"category","embeddable":true,"href":"https:\/\/www.czechcyclingfederation.com\/en\/wp-json\/wp\/v2\/categories?post=34861"},{"taxonomy":"post_tag","embeddable":true,"href":"https:\/\/www.czechcyclingfederation.com\/en\/wp-json\/wp\/v2\/tags?post=34861"}],"curies":[{"name":"wp","href":"https:\/\/api.w.org\/{rel}","templated":true}]}}