{"id":34837,"date":"2025-04-13T20:47:49","date_gmt":"2025-04-13T18:47:49","guid":{"rendered":"https:\/\/www.czechcyclingfederation.com\/?p=34837"},"modified":"2025-04-15T11:52:13","modified_gmt":"2025-04-15T09:52:13","slug":"podiove-umisteni-ceskych-juniorek-v-zavode-juniorske-svetove-serie","status":"publish","type":"post","link":"https:\/\/www.czechcyclingfederation.com\/en\/podiove-umisteni-ceskych-juniorek-v-zavode-juniorske-svetove-serie\/","title":{"rendered":"P\u00f3diov\u00e9 um\u00edst\u011bn\u00ed \u010desk\u00fdch juniorek v\u00a0z\u00e1vod\u011b Juniorsk\u00e9 sv\u011btov\u00e9 s\u00e9rie!"},"content":{"rendered":"\n<p><strong>V\u00fdborn\u00fdm zp\u016fsobem vstoupily \u010desk\u00e9 juniorky do leto\u0161n\u00ed sez\u00f3ny. V\u00a0siln\u011b obsazen\u00e9m z\u00e1vod\u011b Juniorsk\u00e9 sv\u011btov\u00e9 s\u00e9rie v\u00a0italsk\u00e9m Nals obsadila Barbora Bukovsk\u00e1 t\u0159et\u00ed a Am\u00e1lie Gottwaldov\u00e1 \u010dtvrtou p\u0159\u00ed\u010dku!<\/strong><\/p>\n\n\n\n<p>Italsk\u00e9 Nals je tradi\u010dn\u00ed jarn\u00ed destinac\u00ed biker\u016f. Na specifick\u00e9 trati v&nbsp;\u00fadol\u00ed Merana, lemovan\u00e9m nekone\u010dn\u00fdmi rozkvetl\u00fdmi jable\u010dn\u00fdmi sady a vinicemi se \u010desk\u00fdm biker\u016f dlouhodob\u011b da\u0159\u00ed.<\/p>\n\n\n\n<p>A nastupuj\u00edc\u00ed juniorsk\u00e1 generace jen toto tvrzen\u00ed potvrzuje. 70 juniorek se postavilo na start n\u00e1ro\u010dn\u00e9ho okruhu, kde se jenom obt\u00ed\u017en\u011b d\u00e1 p\u0159edj\u00ed\u017ed\u011bt a charakterizuje ho dlouh\u00e9, strm\u00e9, serpentinov\u00e9 stoup\u00e1n\u00ed v&nbsp;\u00fazk\u00e9m, kamenit\u00e9m trailu, kde je i minim\u00e1ln\u00ed chyba jezdce potrest\u00e1na &#8211; biker mus\u00ed sesko\u010dit a jednodu\u0161e \u2013 b\u011b\u017eet, \u010di pochodovat se sv\u00fdm kolem vzh\u016fru k&nbsp;vrcholu. N\u00e1sleduje pra\u0161n\u00fd, klouzav\u00fd sjezd v&nbsp;kamenit\u00e9m a ko\u0159enit\u00e9m trailu, rychl\u00fd okruh jablo\u0148ov\u00fdm sadem a v\u0161e pokra\u010duje n\u00e1jezdem do dal\u0161\u00edho kola.<\/p>\n\n\n\n<p>\u010cesk\u00fdm juniork\u00e1m se poda\u0159ilo do punt\u00edku dodr\u017eet napl\u00e1novanou taktiku. Am\u00e1lie Gottwaldov\u00e1 (CP Team) startuj\u00edc\u00ed z&nbsp;prvn\u00ed \u0159ady zvl\u00e1dla start i zav\u00e1d\u011bj\u00edc\u00ed kolo, udr\u017eela si svou startovn\u00ed pozici a na t\u0159et\u00ed, resp. \u010dtvrt\u00e9 pozici se pohybovala po cel\u00fd z\u00e1vod a\u017e do c\u00edle. Prvoro\u010da\u010dka Barbora Bukovsk\u00e1 (DK BIKESHOP Racing Team) sice startovala z&nbsp;p\u0159edposledn\u00ed \u0159ady z\u00e1vodu, ale naplno vyu\u017e\u00edvala sv\u00e9 zrychlen\u00ed, techniku i cyklokrosov\u00e9 dovednosti, kdy\u017e musela b\u011b\u017eet v&nbsp;ucpan\u00e9m trailu a velmi rychle postupovala startovn\u00edm polem dop\u0159edu. U\u017e po zav\u00e1d\u011bc\u00edm kole byla patn\u00e1ct\u00e1, po prvn\u00edm okruhu osm\u00e1 a ve druh\u00e9m kole ze t\u0159\u00ed se usadila na kone\u010dn\u00e9m t\u0159et\u00edm m\u00edst\u011b.<\/p>\n\n\n\n<p>\u00dasp\u011bch na\u0161ich d\u00edvek mohl b\u00fdt je\u0161t\u011b v\u00fdrazn\u011bj\u0161\u00ed, neb\u00fdt defektu zadn\u00edho kola t\u0159et\u00ed \u010desk\u00e9 juniorky Lucie Grohov\u00e9 (Team DUKLA Praha), kter\u00e1 se i tak dok\u00e1zala propracovat z \u00fapln\u00e9ho konce rozjet\u00e9ho z\u00e1vodu a\u017e na kone\u010dnou 24. p\u0159\u00ed\u010dku.<\/p>\n\n\n\n<p><em>\u201e<\/em><em>Tahle juniorsk\u00e1 d\u00edv\u010d\u00ed sestava je skute\u010dn\u011b siln\u00e1, nejenom z&nbsp;\u010desk\u00e9ho pohledu. Holky by m\u011bly v&nbsp;nejbli\u017e\u0161\u00ed dob\u011b absolvovat pom\u011brn\u011b n\u00e1ro\u010dn\u00fd reprezenta\u010dn\u00ed program, kdy je \u010dek\u00e1 soust\u0159ed\u011bn\u00ed techniky na trati v&nbsp;NMNM, dal\u0161\u00ed dva z\u00e1vody Juniorsk\u00e9 sv\u011btov\u00e9 s\u00e9rie v&nbsp;Haimingu a Heubachu a v\u0161e vyvrchol\u00ed z\u00e1vodem Juniorsk\u00e9 sv\u011btov\u00e9 s\u00e9rie v&nbsp;r\u00e1mci Sv\u011btov\u00e9 MTB s\u00e9rie v&nbsp;Nov\u00e9m M\u011bst\u011b na Morav\u011b, kde se utkaj\u00ed s&nbsp;kompletn\u00ed sv\u011btovou juniorskou \u0161pi\u010dkou,\u201c<\/em>&nbsp;p\u0159ibli\u017euje pl\u00e1n \u010desk\u00e9 Reprezentace MTB tren\u00e9r Viktor Zapletal a pro \u010desk\u00e9 fanou\u0161ky by pr\u00e1v\u011b v\u00fdsledky na\u0161ich juniorsk\u00fdch reprezentant\u016f mohly b\u00fdt tou nejlep\u0161\u00ed pozv\u00e1nkou na bikov\u00fd sv\u00e1tek do Nov\u00e9ho M\u011bsta na Morav\u011b.<\/p>\n\n\n\n<p>Nejlep\u0161\u00edm \u010desk\u00fdm juniorem byl na 22. m\u00edst\u011b Jakub Mu\u0161\u00e1lek (HEAD KMC Team Opava), kter\u00fd a\u017e do posledn\u00edho okruhu mohl re\u00e1ln\u011b pom\u00fd\u0161let na um\u00edst\u011bn\u00ed v&nbsp;prvn\u00ed patn\u00e1ctce jezdc\u016f ze 120 \u010dlenn\u00e9ho startovn\u00edho pole juniorsk\u00e9ho z\u00e1vodu. P\u00e1d v&nbsp;posledn\u00edm okruhu, v z\u00e1v\u011bre\u010dn\u00e9m sjezdu, ale bohu\u017eel znamenal propad.<\/p>\n\n\n\n<p>\u0158ada \u010desk\u00fdch jezdc\u016f v&nbsp;kategori\u00edch Elite a U23 vyu\u017eila nep\u0159\u00edtomnost sv\u011btov\u00e9 \u0161pi\u010dky k&nbsp;zisku pot\u0159ebn\u00fdch bod\u016f ze z\u00e1vodu kategorie HC.<\/p>\n\n\n\n<p>Sice jsme v&nbsp;t\u011bchto kategori\u00edch nezaznamenali v\u00fdrazn\u011bj\u0161\u00ed, p\u00f3diov\u00e9 um\u00edst\u011bn\u00ed, nicm\u00e9n\u011b je pozitivn\u00ed, \u017ee v\u011bt\u0161ina jezdc\u016f obsadila bodovan\u00e9 pozice a pos\u00edlili si tak sv\u00e9 um\u00edst\u011bn\u00ed v&nbsp;rankingu UCI.<\/p>\n\n\n\n<p>Kone\u010dn\u00e9 v\u00fdsledky na&nbsp;<a href=\"https:\/\/www.sunshineracers-nals.it\/en\/en-infos\/#reglement\">sunshineracers-nals.it.<\/a><\/p>\n\n\n\n<p>Foto:&nbsp;<a href=\"http:\/\/www.reprezentacemtb.cz\/\">www.reprezentacemtb.cz<\/a><\/p>\n","protected":false},"excerpt":{"rendered":"<p>V\u00fdborn\u00fdm zp\u016fsobem vstoupily \u010desk\u00e9 juniorky do leto\u0161n\u00ed sez\u00f3ny. V\u00a0siln\u011b obsazen\u00e9m z\u00e1vod\u011b Juniorsk\u00e9 sv\u011btov\u00e9 s\u00e9rie v\u00a0italsk\u00e9m Nals obsadila Barbora Bukovsk\u00e1 t\u0159et\u00ed a Am\u00e1lie Gottwaldov\u00e1 \u010dtvrtou p\u0159\u00ed\u010dku! Italsk\u00e9 Nals je tradi\u010dn\u00ed jarn\u00ed destinac\u00ed biker\u016f. Na specifick\u00e9 trati v&nbsp;\u00fadol\u00ed Merana, lemovan\u00e9m nekone\u010dn\u00fdmi rozkvetl\u00fdmi jable\u010dn\u00fdmi sady a vinicemi se \u010desk\u00fdm biker\u016f dlouhodob\u011b da\u0159\u00ed. A nastupuj\u00edc\u00ed juniorsk\u00e1 generace jen toto [&hellip;]<\/p>\n","protected":false},"author":9,"featured_media":34840,"comment_status":"closed","ping_status":"open","sticky":false,"template":"","format":"standard","meta":{"footnotes":""},"categories":[109,6,2],"tags":[10],"class_list":["post-34837","post","type-post","status-publish","format-standard","has-post-thumbnail","hentry","category-mtb-trial-reprezentace","category-mtb","category-novinky","tag-mtb"],"_links":{"self":[{"href":"https:\/\/www.czechcyclingfederation.com\/en\/wp-json\/wp\/v2\/posts\/34837","targetHints":{"allow":["GET"]}}],"collection":[{"href":"https:\/\/www.czechcyclingfederation.com\/en\/wp-json\/wp\/v2\/posts"}],"about":[{"href":"https:\/\/www.czechcyclingfederation.com\/en\/wp-json\/wp\/v2\/types\/post"}],"author":[{"embeddable":true,"href":"https:\/\/www.czechcyclingfederation.com\/en\/wp-json\/wp\/v2\/users\/9"}],"replies":[{"embeddable":true,"href":"https:\/\/www.czechcyclingfederation.com\/en\/wp-json\/wp\/v2\/comments?post=34837"}],"version-history":[{"count":2,"href":"https:\/\/www.czechcyclingfederation.com\/en\/wp-json\/wp\/v2\/posts\/34837\/revisions"}],"predecessor-version":[{"id":34842,"href":"https:\/\/www.czechcyclingfederation.com\/en\/wp-json\/wp\/v2\/posts\/34837\/revisions\/34842"}],"wp:featuredmedia":[{"embeddable":true,"href":"https:\/\/www.czechcyclingfederation.com\/en\/wp-json\/wp\/v2\/media\/34840"}],"wp:attachment":[{"href":"https:\/\/www.czechcyclingfederation.com\/en\/wp-json\/wp\/v2\/media?parent=34837"}],"wp:term":[{"taxonomy":"category","embeddable":true,"href":"https:\/\/www.czechcyclingfederation.com\/en\/wp-json\/wp\/v2\/categories?post=34837"},{"taxonomy":"post_tag","embeddable":true,"href":"https:\/\/www.czechcyclingfederation.com\/en\/wp-json\/wp\/v2\/tags?post=34837"}],"curies":[{"name":"wp","href":"https:\/\/api.w.org\/{rel}","templated":true}]}}