{"id":3483,"date":"2021-02-16T11:49:45","date_gmt":"2021-02-16T10:49:45","guid":{"rendered":"http:\/\/www.czechcyclingfederation.com\/?p=3483"},"modified":"2021-02-17T18:23:59","modified_gmt":"2021-02-17T17:23:59","slug":"skoda-ecup-2021-pokracuje-druhym-zavodem","status":"publish","type":"post","link":"https:\/\/www.czechcyclingfederation.com\/en\/skoda-ecup-2021-pokracuje-druhym-zavodem\/","title":{"rendered":"\u0160koda eCup 2021 pokra\u010duje druh\u00fdm z\u00e1vodem"},"content":{"rendered":"\n<p>Ve \u010dtvrtek 18. \u00fanora bude pokra\u010dovat seri\u00e1l virtu\u00e1ln\u00edch cyklistick\u00fdch z\u00e1vod\u016f \u0160KODA eCUP 2021 druh\u00fdm z\u00e1vodem nazvan\u00fdm \u0160umava. \u0160KODA eCUP je ucelen\u00fd seri\u00e1l z\u00e1vod\u016f, kter\u00fd je v historii \u010cesk\u00e9ho svazu cyklistiky prvn\u00edm \u010cesk\u00fdm poh\u00e1rem v e-sportu a kon\u00e1 se na platform\u011b ROUVY. Seri\u00e1l bude zakon\u010den ofici\u00e1ln\u00edm mistrovstv\u00edm \u010cR v e-cyklistice 2021 25. b\u0159ezna.<\/p>\n\n\n\n<p>A i tentokr\u00e1t se na startu virtu\u00e1ln\u00edho m\u011b\u0159en\u00ed sil sejde v\u00fdborn\u00e1 konkurence. V pra\u017esk\u00e9m studiu tentokr\u00e1t pojedou dv\u011b \u017eeny &#8211; medailistka z bikov\u00e9ho sv\u011btov\u00e9ho juniorsk\u00e9ho \u0161ampion\u00e1tu Aneta Novotn\u00e1 (Adastra Cycling Team) a Tereza Korvasov\u00e1 (Servetto &#8211; Makhymo &#8211; Beltrami TSA). &#8220;Tentokr\u00e1t to bude asi v\u00edce o \u017eensk\u00e9 cyklistice,&#8221; vysv\u011btluje reprezenta\u010dn\u00ed kou\u010d Tom\u00e1\u0161 Kone\u010dn\u00fd. Novotn\u00e1 skon\u010dila v prvn\u00edm z\u00e1vodu \u0161est\u00e1, Korvasov\u00e1, dvojn\u00e1sobn\u00e1 mistryn\u011b \u010cR v \u010dasovce, pojede poprv\u00e9. Chyb\u011bt nebude v\u00edt\u011bzka prvn\u00edho z\u00e1vodu seri\u00e1lu Hanka Runtov\u00e1 (SportRaces cycling team), stejn\u011b jako druh\u00e1 Karla \u0160tr\u011bp\u00e1nov\u00e1 (Maloja Pushbikers MTB).<\/p>\n\n\n\n<p>&#8220;Minule byla tra\u0165 jednodu\u0161\u0161\u00ed, hodn\u011b po rovin\u011b a dalo se jet v h\u00e1ku. \u0160umava bude ale jin\u00e1. Hned po startu \u010dek\u00e1 na z\u00e1vodn\u00edky kopec sedm kilometr\u016f dlouh\u00fd a ten jist\u011b ud\u011bl\u00e1 velkou selekci. Bude to p\u0159edzv\u011bst t\u0159et\u00edho z\u00e1vodu, kdy na startuj\u00edc\u00ed bude \u010dekat Tournalet,&#8221; pokra\u010duje Tom\u00e1\u0161 Kone\u010dn\u00fd.<\/p>\n\n\n\n<p>Mezi mu\u017ei to s nejv\u011bt\u0161\u00ed pravd\u011bpodobnost\u00ed bude souboj tria jezdc\u016f st\u00e1je Elkov Kasper. Nepojedou v\u0161ak dva nejlep\u0161\u00ed z prvn\u00edho d\u00edlu Jakub Otruba a Dominik Neuman, tentokr\u00e1t budou v r\u00e1mci t\u00fdmov\u00e9ho soust\u0159ed\u011bn\u00ed ve \u0161pan\u011blsk\u00e9m Calpe na startu Petr Kelemen (v \u00favodn\u00edm z\u00e1vodu p\u00e1t\u00fd), d\u00e1le Michal Schlegel a Michael Kukrle.&nbsp; &#8220;P\u0159edpokl\u00e1d\u00e1m hlavn\u011b boj tohoto tria proti specialistovi na on-line z\u00e1vody Danielu Turkovi (Team Felbermayr &#8211; Simplon Wels). Ten minule poprv\u00e9 prohr\u00e1l a jist\u011b to bude cht\u00edt napravit,\u201c \u0159ekl k&nbsp;z\u00e1vodu mu\u017e\u016f Kone\u010dn\u00fd.<\/p>\n\n\n\n<p>D\u00e9lka z\u00e1vodu \u0160umava je 35,12 km, jezdci p\u0159i n\u011bm nastoupaj\u00ed 759 metr\u016f a maxim\u00e1ln\u00ed stoup\u00e1n\u00ed m\u00e1 sklon 11 %.<\/p>\n\n\n\n<p>Dal\u0161\u00ed z\u00e1vod \u0160KODA eCUP 2021 &#8211; Tourmalet je na programu 4. b\u0159ezna.<\/p>\n\n\n\n<p>FOTO Dukla Praha<\/p>\n\n\n\n<figure class=\"wp-block-image size-large\"><img loading=\"lazy\" decoding=\"async\" width=\"769\" height=\"1024\" src=\"https:\/\/www.czechcyclingfederation.com\/wp-content\/uploads\/2021\/02\/IMG-20210216-WA0001.jpg\" alt=\"\" class=\"wp-image-3485\" srcset=\"https:\/\/www.czechcyclingfederation.com\/wp-content\/uploads\/2021\/02\/IMG-20210216-WA0001.jpg 769w, https:\/\/www.czechcyclingfederation.com\/wp-content\/uploads\/2021\/02\/IMG-20210216-WA0001-150x200.jpg 150w\" sizes=\"auto, (max-width: 769px) 100vw, 769px\" \/><\/figure>\n\n\n\n<figure class=\"wp-block-image size-large\"><img loading=\"lazy\" decoding=\"async\" width=\"1024\" height=\"683\" src=\"https:\/\/www.czechcyclingfederation.com\/wp-content\/uploads\/2021\/02\/Novotn\u00e1-IMG-20210216-WA0003.jpg\" alt=\"\" class=\"wp-image-3486\" srcset=\"https:\/\/www.czechcyclingfederation.com\/wp-content\/uploads\/2021\/02\/Novotn\u00e1-IMG-20210216-WA0003.jpg 1024w, https:\/\/www.czechcyclingfederation.com\/wp-content\/uploads\/2021\/02\/Novotn\u00e1-IMG-20210216-WA0003-300x200.jpg 300w, https:\/\/www.czechcyclingfederation.com\/wp-content\/uploads\/2021\/02\/Novotn\u00e1-IMG-20210216-WA0003-768x512.jpg 768w\" sizes=\"auto, (max-width: 1024px) 100vw, 1024px\" \/><\/figure>\n","protected":false},"excerpt":{"rendered":"<p>Ve \u010dtvrtek 18. \u00fanora bude pokra\u010dovat seri\u00e1l virtu\u00e1ln\u00edch cyklistick\u00fdch z\u00e1vod\u016f \u0160KODA eCUP 2021 druh\u00fdm z\u00e1vodem nazvan\u00fdm \u0160umava. \u0160KODA eCUP je ucelen\u00fd seri\u00e1l z\u00e1vod\u016f, kter\u00fd je v historii \u010cesk\u00e9ho svazu cyklistiky prvn\u00edm \u010cesk\u00fdm poh\u00e1rem v e-sportu a kon\u00e1 se na platform\u011b ROUVY. Seri\u00e1l bude zakon\u010den ofici\u00e1ln\u00edm mistrovstv\u00edm \u010cR v e-cyklistice 2021 25. b\u0159ezna. A i tentokr\u00e1t [&hellip;]<\/p>\n","protected":false},"author":8,"featured_media":3484,"comment_status":"closed","ping_status":"open","sticky":false,"template":"","format":"standard","meta":{"footnotes":""},"categories":[2,65],"tags":[],"class_list":["post-3483","post","type-post","status-publish","format-standard","has-post-thumbnail","hentry","category-novinky","category-subdisciplina"],"_links":{"self":[{"href":"https:\/\/www.czechcyclingfederation.com\/en\/wp-json\/wp\/v2\/posts\/3483","targetHints":{"allow":["GET"]}}],"collection":[{"href":"https:\/\/www.czechcyclingfederation.com\/en\/wp-json\/wp\/v2\/posts"}],"about":[{"href":"https:\/\/www.czechcyclingfederation.com\/en\/wp-json\/wp\/v2\/types\/post"}],"author":[{"embeddable":true,"href":"https:\/\/www.czechcyclingfederation.com\/en\/wp-json\/wp\/v2\/users\/8"}],"replies":[{"embeddable":true,"href":"https:\/\/www.czechcyclingfederation.com\/en\/wp-json\/wp\/v2\/comments?post=3483"}],"version-history":[{"count":2,"href":"https:\/\/www.czechcyclingfederation.com\/en\/wp-json\/wp\/v2\/posts\/3483\/revisions"}],"predecessor-version":[{"id":3501,"href":"https:\/\/www.czechcyclingfederation.com\/en\/wp-json\/wp\/v2\/posts\/3483\/revisions\/3501"}],"wp:featuredmedia":[{"embeddable":true,"href":"https:\/\/www.czechcyclingfederation.com\/en\/wp-json\/wp\/v2\/media\/3484"}],"wp:attachment":[{"href":"https:\/\/www.czechcyclingfederation.com\/en\/wp-json\/wp\/v2\/media?parent=3483"}],"wp:term":[{"taxonomy":"category","embeddable":true,"href":"https:\/\/www.czechcyclingfederation.com\/en\/wp-json\/wp\/v2\/categories?post=3483"},{"taxonomy":"post_tag","embeddable":true,"href":"https:\/\/www.czechcyclingfederation.com\/en\/wp-json\/wp\/v2\/tags?post=3483"}],"curies":[{"name":"wp","href":"https:\/\/api.w.org\/{rel}","templated":true}]}}