{"id":34785,"date":"2025-04-09T08:19:51","date_gmt":"2025-04-09T06:19:51","guid":{"rendered":"https:\/\/www.czechcyclingfederation.com\/?p=34785"},"modified":"2025-04-11T06:24:52","modified_gmt":"2025-04-11T04:24:52","slug":"juniorskou-reprezentaci-mtb-ceka-prvni-vyjezd-na-zavod-juniorske-svetove-serie","status":"publish","type":"post","link":"https:\/\/www.czechcyclingfederation.com\/en\/juniorskou-reprezentaci-mtb-ceka-prvni-vyjezd-na-zavod-juniorske-svetove-serie\/","title":{"rendered":"Juniorskou reprezentaci MTB \u010dek\u00e1 prvn\u00ed v\u00fdjezd na sv\u011btovou s\u00e9rii"},"content":{"rendered":"\n<p><strong>Juniorsk\u00e9 reprezentanty v&nbsp;olympisk\u00e9m cross country \u010dek\u00e1 v&nbsp;tomto t\u00fddnu prvn\u00ed v\u00fdjezd na z\u00e1vod Juniorsk\u00e9 sv\u011btov\u00e9 s\u00e9rie, kategorie HC UCI v&nbsp;italsk\u00e9m Nals.&nbsp;<\/strong><strong>Ve v\u00fdb\u011bru reprezenta\u010dn\u00edho tren\u00e9ra Viktora Zapletala je celkem 6 junior\u016f. &nbsp;<\/strong><\/p>\n\n\n\n<p>Nals je tradi\u010dn\u00edm jarn\u00edm podnikem biker\u016f a \u010desk\u00fdm reprezentant\u016fm se na m\u00edstn\u00ed, specifick\u00e9 trati mezi vinicemi, v\u017edy da\u0159ilo.<\/p>\n\n\n\n<p>V\u00edt\u011bzstv\u00ed a dal\u0161\u00ed p\u00f3diov\u00e1 um\u00edst\u011bn\u00ed zde slavili nap\u0159\u00edklad olympijsk\u00fd v\u00edt\u011bz a mistr sv\u011bta Jaroslav Kulhav\u00fd, Ond\u0159ej Cink, Kate\u0159ina Nash nebo junio\u0159i Barbora Pr\u016fdkov\u00e1, jej\u00ed bratr Mat\u011bj \u010di Richard Holec.<\/p>\n\n\n\n<p>Juniorsk\u00fd t\u00fdm biker\u016f m\u00e1 za sebou t\u0159i nomina\u010dn\u00ed z\u00e1vody, kter\u00e9 p\u0159inesly zaj\u00edmav\u00e9 v\u00fdsledky. P\u0159evahu v&nbsp;juniorsk\u00e9 reprezentaci MTB toti\u017e maj\u00ed p\u0159edev\u0161\u00edm z\u00e1vodnice a z\u00e1vodn\u00edci, kte\u0159\u00ed jsou v&nbsp;juniorsk\u00e9 kategorii prvn\u00edm rokem.<\/p>\n\n\n\n<p>Mezi juniorkami je v\u00fdkonnostn\u011b \u201eodsko\u010den\u00e1\u201c trojice Am\u00e1lie Gottwaldov\u00e1 (CP Team), Barbora Bukovsk\u00e1 (DK BIKESHOP Racing Team), Lucie Grohov\u00e1 (Team DUKLA Praha), kdy druh\u00e9 dv\u011b jmenovan\u00e9 d\u00edvky jsou juniorkami prvn\u00edm rokem. D\u00edv\u010d\u00ed trojice slavila u\u017e \u00fasp\u011bchy na mezin\u00e1rodn\u00ed \u00farovni v&nbsp;reprezentaci MTB Lv\u00ed\u010dat i cyklokrosu. Nyn\u00ed je \u010dek\u00e1 zat\u00edm asi nejslo\u017eit\u011bj\u0161\u00ed zkou\u0161ka v siln\u00e9 juniorsk\u00e9 konkurenci, kde u\u017e prob\u00edh\u00e1 prvn\u00ed profesionalizace a posledn\u00ed p\u0159\u00edprava na p\u0159echod do kategorie U23 resp. Elite.<\/p>\n\n\n\n<figure class=\"wp-block-image size-large\"><img loading=\"lazy\" decoding=\"async\" width=\"1024\" height=\"682\" src=\"https:\/\/www.czechcyclingfederation.com\/wp-content\/uploads\/2025\/04\/image001-1024x682.jpg\" alt=\"\" class=\"wp-image-34788\" srcset=\"https:\/\/www.czechcyclingfederation.com\/wp-content\/uploads\/2025\/04\/image001-1024x682.jpg 1024w, https:\/\/www.czechcyclingfederation.com\/wp-content\/uploads\/2025\/04\/image001-300x200.jpg 300w, https:\/\/www.czechcyclingfederation.com\/wp-content\/uploads\/2025\/04\/image001-768x512.jpg 768w, https:\/\/www.czechcyclingfederation.com\/wp-content\/uploads\/2025\/04\/image001-1536x1024.jpg 1536w, https:\/\/www.czechcyclingfederation.com\/wp-content\/uploads\/2025\/04\/image001-1320x880.jpg 1320w, https:\/\/www.czechcyclingfederation.com\/wp-content\/uploads\/2025\/04\/image001.jpg 2000w\" sizes=\"auto, (max-width: 1024px) 100vw, 1024px\" \/><figcaption class=\"wp-element-caption\"><em>T\u00fdden star\u00e1, p\u00f3diov\u00e1 fotografie Pavla K\u0159ikavy z nomina\u010dn\u00edho z\u00e1vodu juniorek v pra\u017esk\u00e9m Motole.<\/em><\/figcaption><\/figure>\n\n\n\n<p>Mezi juniory byl nomina\u010dn\u00ed souboj mnohem vyrovnan\u011bj\u0161\u00ed. Zvl\u00e1\u0161\u0165 kdy\u017e je z&nbsp;\u00favodn\u00edho v\u00fdjezdu omluven lo\u0148sk\u00fd juniorsk\u00fd vicemistr Evropy Kry\u0161tof Ba\u017eant, kter\u00fd se postupn\u011b dost\u00e1v\u00e1 do z\u00e1vodn\u00ed pohody, po nep\u0159\u00edli\u0161 vyda\u0159en\u00e9 a nemocemi ovlivn\u011bn\u00e9 cyklokrosov\u00e9 sez\u00f3n\u011b a k&nbsp;reprezenta\u010dn\u00edmu t\u00fdmu MTB se p\u0159ipoj\u00ed a\u017e po\u010d\u00e1tkem kv\u011btna na soust\u0159ed\u011bn\u00ed techniky na trati v&nbsp;Nov\u00e9m M\u011bst\u011b na Morav\u011b.<\/p>\n\n\n\n<p>O nominaci junior\u016f rozhodoval a\u017e t\u0159et\u00ed z\u00e1vod v&nbsp;\u00dast\u00ed nad Labem, kde druhoro\u010d\u00e1ka Jakuba Mu\u0161\u00e1lka (HEAD KMC Team Opava) na soupisce doplnili Dukl\u00e1ci, Daniel Soukup a Patrik Rek.<\/p>\n\n\n\n<figure class=\"wp-block-image size-large is-resized\"><img loading=\"lazy\" decoding=\"async\" width=\"1024\" height=\"682\" src=\"https:\/\/www.czechcyclingfederation.com\/wp-content\/uploads\/2025\/04\/image002-1024x682.jpg\" alt=\"\" class=\"wp-image-34786\" style=\"width:839px;height:auto\" srcset=\"https:\/\/www.czechcyclingfederation.com\/wp-content\/uploads\/2025\/04\/image002-1024x682.jpg 1024w, https:\/\/www.czechcyclingfederation.com\/wp-content\/uploads\/2025\/04\/image002-300x200.jpg 300w, https:\/\/www.czechcyclingfederation.com\/wp-content\/uploads\/2025\/04\/image002-768x512.jpg 768w, https:\/\/www.czechcyclingfederation.com\/wp-content\/uploads\/2025\/04\/image002-1536x1024.jpg 1536w, https:\/\/www.czechcyclingfederation.com\/wp-content\/uploads\/2025\/04\/image002-1320x880.jpg 1320w, https:\/\/www.czechcyclingfederation.com\/wp-content\/uploads\/2025\/04\/image002.jpg 2000w\" sizes=\"auto, (max-width: 1024px) 100vw, 1024px\" \/><figcaption class=\"wp-element-caption\"><em>P\u0159esv\u011bd\u010div\u00fdm zp\u016fsobem zvl\u00e1dnul nomina\u010dn\u00ed z\u00e1vody opavsk\u00fd Jakub Mu\u0161\u00e1lek, kter\u00fd se doposud pohyboval na nomina\u010dn\u00edm rozmez\u00ed juniorsk\u00e9 reprezentace MTB. Pokud by se Jakubovi poda\u0159ilo nav\u00e1zat v\u00a0Nals na v\u00fdkony z\u00a0Prahy a \u00dast\u00ed, mohl by pom\u00fd\u0161let na kvalitn\u00ed um\u00edst\u011bn\u00ed i kdy\u017e z\u00e1vod JWS v\u00a0mezin\u00e1rodn\u00ed konkurenci s\u00a0v\u00edce ne\u017e 100 bikery na startu p\u0159edstavuje opravdovou bikovou bitvu. Foto Pavel K\u0159ikava.<\/em><\/figcaption><\/figure>\n\n\n\n<p>Z\u00e1vody Juniorsk\u00e9 sv\u011btov\u00e9 s\u00e9rie se v&nbsp;Nals uskute\u010dn\u00ed v&nbsp;sobotu 11. dubna.<\/p>\n\n\n\n<p>V&nbsp;9:00 hodin se vydaj\u00ed na tra\u0165 junio\u0159i, juniorky odstartuj\u00ed do sv\u00e9ho z\u00e1vodu v&nbsp;10:45 hodin.<\/p>\n\n\n\n<p><strong>Nominace Reprezentace MTB pro z\u00e1vod Junior World Series Nals:&nbsp;<\/strong><\/p>\n\n\n\n<p><strong><u>Juniorky:<\/u><\/strong><\/p>\n\n\n\n<ol class=\"wp-block-list\">\n<li>Bukovsk\u00e1 Barbora, 2008 (DK BIKESHOP Racing Team)<\/li>\n\n\n\n<li>Grohov\u00e1 Lucie, 2008 (DUKLA Praha)<\/li>\n\n\n\n<li>Gottwaldov\u00e1 Am\u00e1lie, 2007 (CP Team)<\/li>\n<\/ol>\n\n\n\n<p><strong><u>Junio\u0159i:<\/u><\/strong><\/p>\n\n\n\n<ol class=\"wp-block-list\">\n<li>Mu\u0161\u00e1lek Jakub, 2007 (HEAD KMC Team Opava)<\/li>\n\n\n\n<li>Soukup Daniel, 2008 (Team DUKLA Praha)<\/li>\n\n\n\n<li>Rek Patrik, 2008 (Team DUKLA Praha)<\/li>\n<\/ol>\n\n\n\n<p><strong><u>Realiza\u010dn\u00ed t\u00fdm:<\/u><\/strong><\/p>\n\n\n\n<ol class=\"wp-block-list\">\n<li>Zapletal Viktor \u2013 reprezenta\u010dn\u00ed tren\u00e9r<\/li>\n\n\n\n<li>\u0160t\u011bp\u00e1n\u00edk Ji\u0159\u00ed \u2013 mechanik<\/li>\n\n\n\n<li>Hr\u016fza Tom\u00e1\u0161 \u2013 fyzioterapeut<\/li>\n<\/ol>\n\n\n\n<p>Sou\u010det v\u00fdsledk\u016f nomina\u010dn\u00edch z\u00e1vod\u016f nejlep\u0161\u00edch jezdc\u016f kategorie junior:<\/p>\n\n\n\n<figure class=\"wp-block-table\"><table class=\"has-fixed-layout\"><tbody><tr><td>&nbsp;<\/td><td>&nbsp;<\/td><td><strong>Motol I.<\/strong><\/td><td><strong>Motol II.<\/strong><\/td><td><strong>\u00dast\u00ed n\/L<\/strong><\/td><td><strong>sou\u010det v\u00fdsledk\u016f<\/strong><\/td><\/tr><tr><td>Mu\u0161\u00e1lek Jakub<\/td><td>HEAD KMC Team Opava<\/td><td>2<\/td><td>1<\/td><td>1<\/td><td><strong>4<\/strong><\/td><\/tr><tr><td>Soukup Daniel<\/td><td>Team DUKLA Praha<\/td><td>3<\/td><td>2<\/td><td>2<\/td><td><strong>7<\/strong><\/td><\/tr><tr><td>Rek Patrik<\/td><td>Team DUKLA Praha<\/td><td>5<\/td><td>3<\/td><td>6<\/td><td><strong>14<\/strong><\/td><\/tr><tr><td>Bla\u017eek Ale\u0161<\/td><td>VIF Bike Team Stupno<\/td><td>7<\/td><td>8<\/td><td>4<\/td><td><strong>19<\/strong><\/td><\/tr><tr><td>Va\u0161\u00ed\u010dek Denis<\/td><td>VIF Bike Team Stupno<\/td><td>8<\/td><td>6<\/td><td>5<\/td><td><strong>19<\/strong><\/td><\/tr><tr><td>Severyn Richard<\/td><td>Expres CZBMD Team Kol\u00edn<\/td><td>1<\/td><td>4<\/td><td>15<\/td><td><strong>20<\/strong><\/td><\/tr><tr><td>Mit\u00e1\u0161 Robert<\/td><td>Cyklostar Pirelli<\/td><td>6<\/td><td>5<\/td><td>DNF<\/td><td>&nbsp;<\/td><\/tr><\/tbody><\/table><\/figure>\n","protected":false},"excerpt":{"rendered":"<p>Juniorsk\u00e9 reprezentanty v&nbsp;olympisk\u00e9m cross country \u010dek\u00e1 v&nbsp;tomto t\u00fddnu prvn\u00ed v\u00fdjezd na z\u00e1vod Juniorsk\u00e9 sv\u011btov\u00e9 s\u00e9rie, kategorie HC UCI v&nbsp;italsk\u00e9m Nals.&nbsp;Ve v\u00fdb\u011bru reprezenta\u010dn\u00edho tren\u00e9ra Viktora Zapletala je celkem 6 junior\u016f. &nbsp; Nals je tradi\u010dn\u00edm jarn\u00edm podnikem biker\u016f a \u010desk\u00fdm reprezentant\u016fm se na m\u00edstn\u00ed, specifick\u00e9 trati mezi vinicemi, v\u017edy da\u0159ilo. V\u00edt\u011bzstv\u00ed a dal\u0161\u00ed p\u00f3diov\u00e1 um\u00edst\u011bn\u00ed zde slavili [&hellip;]<\/p>\n","protected":false},"author":9,"featured_media":34792,"comment_status":"closed","ping_status":"open","sticky":false,"template":"","format":"standard","meta":{"footnotes":""},"categories":[6,109,2],"tags":[10],"class_list":["post-34785","post","type-post","status-publish","format-standard","has-post-thumbnail","hentry","category-mtb","category-mtb-trial-reprezentace","category-novinky","tag-mtb"],"_links":{"self":[{"href":"https:\/\/www.czechcyclingfederation.com\/en\/wp-json\/wp\/v2\/posts\/34785","targetHints":{"allow":["GET"]}}],"collection":[{"href":"https:\/\/www.czechcyclingfederation.com\/en\/wp-json\/wp\/v2\/posts"}],"about":[{"href":"https:\/\/www.czechcyclingfederation.com\/en\/wp-json\/wp\/v2\/types\/post"}],"author":[{"embeddable":true,"href":"https:\/\/www.czechcyclingfederation.com\/en\/wp-json\/wp\/v2\/users\/9"}],"replies":[{"embeddable":true,"href":"https:\/\/www.czechcyclingfederation.com\/en\/wp-json\/wp\/v2\/comments?post=34785"}],"version-history":[{"count":5,"href":"https:\/\/www.czechcyclingfederation.com\/en\/wp-json\/wp\/v2\/posts\/34785\/revisions"}],"predecessor-version":[{"id":34823,"href":"https:\/\/www.czechcyclingfederation.com\/en\/wp-json\/wp\/v2\/posts\/34785\/revisions\/34823"}],"wp:featuredmedia":[{"embeddable":true,"href":"https:\/\/www.czechcyclingfederation.com\/en\/wp-json\/wp\/v2\/media\/34792"}],"wp:attachment":[{"href":"https:\/\/www.czechcyclingfederation.com\/en\/wp-json\/wp\/v2\/media?parent=34785"}],"wp:term":[{"taxonomy":"category","embeddable":true,"href":"https:\/\/www.czechcyclingfederation.com\/en\/wp-json\/wp\/v2\/categories?post=34785"},{"taxonomy":"post_tag","embeddable":true,"href":"https:\/\/www.czechcyclingfederation.com\/en\/wp-json\/wp\/v2\/tags?post=34785"}],"curies":[{"name":"wp","href":"https:\/\/api.w.org\/{rel}","templated":true}]}}