{"id":34741,"date":"2025-04-07T14:09:55","date_gmt":"2025-04-07T12:09:55","guid":{"rendered":"https:\/\/www.czechcyclingfederation.com\/?p=34741"},"modified":"2025-04-08T09:32:38","modified_gmt":"2025-04-08T07:32:38","slug":"v-araxa-odstartoval-svetovy-pohar-xco-se-tremi-cechy-na-startu","status":"publish","type":"post","link":"https:\/\/www.czechcyclingfederation.com\/en\/v-araxa-odstartoval-svetovy-pohar-xco-se-tremi-cechy-na-startu\/","title":{"rendered":"Na startu SP XCO v Braz\u00edlii z \u010cech\u016f nejlep\u0161\u00ed Sp\u011b\u0161n\u00e1"},"content":{"rendered":"\n<p><strong>V brazilsk\u00e9m Arax\u00e1 odstartoval leto\u0161n\u00ed ro\u010dn\u00edk Sv\u011btov\u00e9ho poh\u00e1ru horsk\u00fdch kol. Z \u010desk\u00fdch reprezentant\u016f se na startu p\u0159edstavili celkem t\u0159i jezdci &#8211; Ond\u0159ej Cink, Ad\u00e9la Holubov\u00e1 a Simona Spe\u0161n\u00e1.<\/strong><\/p>\n\n\n\n<p>Pro \u010desk\u00e9 barvy otv\u00edr\u00e1k seri\u00e1lu nedopadl dle p\u0159edstav, kdy\u017e nejlep\u0161\u00ed v\u00fdsledek zaznamenala 22. Simona Sp\u011b\u0161n\u00e1 v kategorii \u017een U23. V elitn\u00edch kategori\u00edch Ond\u0159ej Cink obsadil 30. p\u0159\u00ed\u010dku a Ad\u00e9la Holubov\u00e1 skon\u010dila na 41. m\u00edst\u011b.<\/p>\n\n\n\n<p>V\u00fdsledek \u010desk\u00e9 jedni\u010dky Ond\u0159eje Cinka poznamenala zablokovan\u00e1 z\u00e1da z \u010dtvrte\u010dn\u00edho tr\u00e9ninku, kdy zva\u017eoval samotnou \u00fa\u010dast v Short Tracku. Start v z\u00e1vod\u011b cross country zase poznamenal hromadn\u00fd p\u00e1d v \u00favodu.<\/p>\n\n\n\n<p><em>&#8220;Sm\u016fla no, ze startu jsem odj\u00ed\u017ed\u011bl n\u011bkde kolem pades\u00e1t\u00e9ho m\u00edsta. V prvn\u00ed p\u016flce z\u00e1vodu jsem to stahoval, ale asi jsem \u0161el p\u0159es hranu. Pak jsem si musel zvolnit, m\u011bl jsem tam krizi. Z\u00e1da nebyla \u00fapln\u011b ide\u00e1ln\u00ed, jedu s pr\u00e1\u0161kama na bolest, m\u00e1m te\u010f 5 dn\u016f na to, abych se dal dohromady. M\u00e1me tu dobr\u00fdho fyzio, tak v\u011b\u0159\u00edm, \u017ee se to do p\u0159\u00ed\u0161t\u00edho t\u00fddne zlep\u0161\u00ed,&#8221;<\/em> okomentoval Ond\u0159ej Cink pro server MTBS.cz.<\/p>\n\n\n\n<p>Ad\u00e9la Holubov\u00e1 zhodnotila sv\u016fj prvn\u00ed start pro MTBS.cz n\u00e1sledovn\u011b:<\/p>\n\n\n\n<p><em>\u201eDneska se mi v\u016fbec nejelo dob\u0159e, m\u011bla jsem \u00fapln\u011b pr\u00e1zdn\u00fd nohy. Prvn\u00ed kolo jsem tam je\u0161t\u011b byla, ale pak jsem si musela zvolnit. Rozhodn\u011b z toho nejsem nad\u0161en\u00e1,\u201c<\/em> uvedla po z\u00e1vod\u011b Ad\u00e9la.<\/p>\n\n\n\n<p><em>\u201eNesedly mi dva dny po sob\u011b v t\u00e9 intenzit\u011b, u\u017e se mi to p\u00e1rkr\u00e1t stalo, \u017ee jsem zajela dob\u0159e short track a druh\u00fd den jsem vybouchla. Sed\u011blo mi v\u00edc, kdy\u017e tam mezi t\u00edm byl den volna. Uvid\u00edme, zkus\u00edme p\u0159\u00ed\u0161t\u00ed v\u00edkend p\u0159ij\u00edt s jin\u00fdm konceptem,\u201c <\/em>doplnila.<\/p>\n\n\n\n<p>S nejv\u00fdrazn\u011bj\u0161\u00edm v\u00fdsledkem v Arax\u00e1 \u010desk\u00fdch barev se prosadila Simona Spe\u0161n\u00e1.<\/p>\n\n\n\n<p><em>\u201e\u017de m\u00e1m za\u010d\u00e1tky sezony vla\u017en\u00e9, to nen\u00ed \u017e\u00e1dn\u00e1 novinka. Je to prvn\u00ed sv\u011bt\u00e1k a je\u0161t\u011b ke v\u0161emu v podm\u00ednk\u00e1ch, na kter\u00e9 je pro m\u011b t\u011b\u017ek\u00e9 se n\u011bjak p\u0159ipravit. V\u011b\u0159\u00edm procesu, kter\u00fd m\u00e1me s t\u00e1tou nastaven\u00fd, a dr\u017e\u00edme se ho,\u201c<\/em> zhodnotila Simona sv\u016fj v\u00fdkon a z\u00e1vod pro MTBS.cz.<\/p>\n\n\n\n<p>Dal\u0161\u00ed z\u00e1vodn\u00ed program \u010desk\u00e9 z\u00e1vodn\u00edky \u010dek\u00e1 od 10. do 12. dubna na identick\u00e9 trati v Arax\u00e1, kde pokra\u010duje druh\u00fd d\u00edl Sv\u011btov\u00e9ho poh\u00e1ru v cross country.<\/p>\n\n\n\n<p><strong>V\u00fdsledky:<\/strong><\/p>\n\n\n\n<p>\u017deny U23: 1. Isabella Holmgren (Kan., Lidl &#8211; Trek) 1:04:27, 2. Ella Macphee (Kan., Willier Vittoria) 1:04:46, 3. Valentina Corvi (It., Canyon CLLCTV) 1:04:53, &#8230; <strong>22. Simona Sp\u011b\u0161n\u00e1 (Massi) 1:11:25.<\/strong><\/p>\n\n\n\n<p>Mu\u017ei U23: 1. Finn Treudler (\u0160v\u00fdc., Cube Factory Racing) 1:03:32, 2. Gustav Heby Pedersen (D\u00e1n., Wilier Vittoria) 1:04:01, 3. Nikolaj Hougs (Dan., Cube Factory) 1:04:06.<\/p>\n\n\n\n<p>\u017deny Elite: 1. Samara Maxwell (NZL, Decathlon Ford) 1:24:03, 2. Nicole Koller (\u0160v\u00fdc., Ghost Factory) +0:04, 3. Savilia Blunk (USA, Decathlon Ford) +0:04 &#8230; <strong>40. Ad\u00e9la Holubov\u00e1 (Rouvy) &#8211; 3 kola.<\/strong><\/p>\n\n\n\n<p>Mu\u017ei Elite: 1. Victor Koretzky (Fr., Specialized Factory) 1:19:32, 2. Christopher Blevins (USA, Specialized Factory) +0:10, 3. Martin Vidaurre Kossmann (CHI, Specialized Factory) +0:29, &#8230; <strong>30. Ond\u0159ej Cink (Cube Factory) +2:41.<\/strong><\/p>\n","protected":false},"excerpt":{"rendered":"<p>V brazilsk\u00e9m Arax\u00e1 odstartoval leto\u0161n\u00ed ro\u010dn\u00edk Sv\u011btov\u00e9ho poh\u00e1ru horsk\u00fdch kol. Z \u010desk\u00fdch reprezentant\u016f se na startu p\u0159edstavili celkem t\u0159i jezdci &#8211; Ond\u0159ej Cink, Ad\u00e9la Holubov\u00e1 a Simona Spe\u0161n\u00e1. Pro \u010desk\u00e9 barvy otv\u00edr\u00e1k seri\u00e1lu nedopadl dle p\u0159edstav, kdy\u017e nejlep\u0161\u00ed v\u00fdsledek zaznamenala 22. Simona Sp\u011b\u0161n\u00e1 v kategorii \u017een U23. V elitn\u00edch kategori\u00edch Ond\u0159ej Cink obsadil 30. p\u0159\u00ed\u010dku [&hellip;]<\/p>\n","protected":false},"author":9,"featured_media":31657,"comment_status":"closed","ping_status":"open","sticky":false,"template":"","format":"standard","meta":{"footnotes":""},"categories":[6,2],"tags":[10],"class_list":["post-34741","post","type-post","status-publish","format-standard","has-post-thumbnail","hentry","category-mtb","category-novinky","tag-mtb"],"_links":{"self":[{"href":"https:\/\/www.czechcyclingfederation.com\/en\/wp-json\/wp\/v2\/posts\/34741","targetHints":{"allow":["GET"]}}],"collection":[{"href":"https:\/\/www.czechcyclingfederation.com\/en\/wp-json\/wp\/v2\/posts"}],"about":[{"href":"https:\/\/www.czechcyclingfederation.com\/en\/wp-json\/wp\/v2\/types\/post"}],"author":[{"embeddable":true,"href":"https:\/\/www.czechcyclingfederation.com\/en\/wp-json\/wp\/v2\/users\/9"}],"replies":[{"embeddable":true,"href":"https:\/\/www.czechcyclingfederation.com\/en\/wp-json\/wp\/v2\/comments?post=34741"}],"version-history":[{"count":2,"href":"https:\/\/www.czechcyclingfederation.com\/en\/wp-json\/wp\/v2\/posts\/34741\/revisions"}],"predecessor-version":[{"id":34753,"href":"https:\/\/www.czechcyclingfederation.com\/en\/wp-json\/wp\/v2\/posts\/34741\/revisions\/34753"}],"wp:featuredmedia":[{"embeddable":true,"href":"https:\/\/www.czechcyclingfederation.com\/en\/wp-json\/wp\/v2\/media\/31657"}],"wp:attachment":[{"href":"https:\/\/www.czechcyclingfederation.com\/en\/wp-json\/wp\/v2\/media?parent=34741"}],"wp:term":[{"taxonomy":"category","embeddable":true,"href":"https:\/\/www.czechcyclingfederation.com\/en\/wp-json\/wp\/v2\/categories?post=34741"},{"taxonomy":"post_tag","embeddable":true,"href":"https:\/\/www.czechcyclingfederation.com\/en\/wp-json\/wp\/v2\/tags?post=34741"}],"curies":[{"name":"wp","href":"https:\/\/api.w.org\/{rel}","templated":true}]}}