{"id":34736,"date":"2025-04-06T19:18:53","date_gmt":"2025-04-06T17:18:53","guid":{"rendered":"https:\/\/www.czechcyclingfederation.com\/?p=34736"},"modified":"2025-04-08T09:32:08","modified_gmt":"2025-04-08T07:32:08","slug":"zemanova-treti-na-uvodnim-dile-mnd-cupu","status":"publish","type":"post","link":"https:\/\/www.czechcyclingfederation.com\/en\/zemanova-treti-na-uvodnim-dile-mnd-cupu\/","title":{"rendered":"Zemanov\u00e1 t\u0159et\u00ed v \u00favodn\u00edm d\u00edle MND Cupu"},"content":{"rendered":"\n<p><strong>Krist\u00fdna Zemanov\u00e1<\/strong>, \u00fasp\u011b\u0161n\u00e1 cyklokrosa\u0159ka i silni\u010d\u00e1\u0159ka nov\u00e9ho \u017eensk\u00e9ho VIF Cycling Teamu, obsadila t\u0159et\u00ed p\u0159\u00ed\u010dku v&nbsp;\u00favodn\u00edm z\u00e1vod\u011b MND Cupu \u2013 \u010cesk\u00e9ho poh\u00e1ru ml\u00e1de\u017ee a \u017een v silni\u010dn\u00ed cyklistice, kter\u00fd se jel v Nov\u00e9m Mal\u00edn\u011b u \u0160umperka.<\/p>\n\n\n\n<p>Stala se nejlep\u0161\u00ed \u010ce\u0161kou v\u00a0z\u00e1vod\u011b, kde byla pro \u017eeny tra\u0165 dlouh\u00e1 75 km. Vyhr\u00e1la Polka Malwina Mulov\u00e1 p\u0159ed svou slovenskou t\u00fdmovou kolegyn\u00ed z Mat Atom Deweloper Wroclaw, Slovenkou Sofi\u00ed Ungerovou. Zemanov\u00e1 vyhr\u00e1la spurt skupinky, kter\u00e1 bojovala o t\u0159et\u00ed m\u00edsto.<\/p>\n\n\n\n<figure class=\"wp-block-image size-large\"><img loading=\"lazy\" decoding=\"async\" width=\"1024\" height=\"683\" src=\"https:\/\/www.czechcyclingfederation.com\/wp-content\/uploads\/2025\/04\/MND-CUP-Novy-Malin-CSC-_-\u00a9Filip-Bezdek-2025-75-1024x683.jpg\" alt=\"\" class=\"wp-image-34754\" srcset=\"https:\/\/www.czechcyclingfederation.com\/wp-content\/uploads\/2025\/04\/MND-CUP-Novy-Malin-CSC-_-\u00a9Filip-Bezdek-2025-75-1024x683.jpg 1024w, https:\/\/www.czechcyclingfederation.com\/wp-content\/uploads\/2025\/04\/MND-CUP-Novy-Malin-CSC-_-\u00a9Filip-Bezdek-2025-75-300x200.jpg 300w, https:\/\/www.czechcyclingfederation.com\/wp-content\/uploads\/2025\/04\/MND-CUP-Novy-Malin-CSC-_-\u00a9Filip-Bezdek-2025-75-768x512.jpg 768w, https:\/\/www.czechcyclingfederation.com\/wp-content\/uploads\/2025\/04\/MND-CUP-Novy-Malin-CSC-_-\u00a9Filip-Bezdek-2025-75-1536x1024.jpg 1536w, https:\/\/www.czechcyclingfederation.com\/wp-content\/uploads\/2025\/04\/MND-CUP-Novy-Malin-CSC-_-\u00a9Filip-Bezdek-2025-75-2048x1365.jpg 2048w, https:\/\/www.czechcyclingfederation.com\/wp-content\/uploads\/2025\/04\/MND-CUP-Novy-Malin-CSC-_-\u00a9Filip-Bezdek-2025-75-1320x880.jpg 1320w\" sizes=\"auto, (max-width: 1024px) 100vw, 1024px\" \/><\/figure>\n\n\n\n<p><em>\u201eBylo to stra\u0161n\u011b t\u011b\u017ek\u00e9, je\u0161t\u011b mi chyb\u00ed v\u011bt\u0161\u00ed z\u00e1vodn\u00ed intenzita. Ani ty kopce je\u0161t\u011b nem\u00e1m tolik najet\u00e9. Tak\u017ee to byla trochu takov\u00e1 nezn\u00e1m\u00e1, co od toho \u010dekat. Ale z\u00e1vod se pro n\u00e1\u0161 t\u00fdm na\u0161t\u011bst\u00ed vyv\u00edjel dob\u0159e. Byly jsme tam s&nbsp;Ver\u010dou Jandovou, pak se mi povedlo odjet, ale ta skupinka moc nespolupracovala a zase se to sjelo. Pak u\u017e jsem s\u00e1zela na to, \u017ee to p\u016fjde do spurtu a dopadlo to celkem dob\u0159e. Je to pro m\u011b celkem p\u0159ekvapen\u00ed, ale je p\u0159ede mnou je\u0161t\u011b spousta pr\u00e1ce a douf\u00e1m, \u017ee se bude da\u0159it d\u00e1l,\u201c<\/em> prohl\u00e1sila Krist\u00fdna Zemanov\u00e1.<\/p>\n\n\n\n<figure class=\"wp-block-image size-large\"><img loading=\"lazy\" decoding=\"async\" width=\"1024\" height=\"683\" src=\"https:\/\/www.czechcyclingfederation.com\/wp-content\/uploads\/2025\/04\/MND-CUP-Novy-Malin-CSC-_-\u00a9Filip-Bezdek-2025-82-1024x683.jpg\" alt=\"\" class=\"wp-image-34756\" srcset=\"https:\/\/www.czechcyclingfederation.com\/wp-content\/uploads\/2025\/04\/MND-CUP-Novy-Malin-CSC-_-\u00a9Filip-Bezdek-2025-82-1024x683.jpg 1024w, https:\/\/www.czechcyclingfederation.com\/wp-content\/uploads\/2025\/04\/MND-CUP-Novy-Malin-CSC-_-\u00a9Filip-Bezdek-2025-82-300x200.jpg 300w, https:\/\/www.czechcyclingfederation.com\/wp-content\/uploads\/2025\/04\/MND-CUP-Novy-Malin-CSC-_-\u00a9Filip-Bezdek-2025-82-768x512.jpg 768w, https:\/\/www.czechcyclingfederation.com\/wp-content\/uploads\/2025\/04\/MND-CUP-Novy-Malin-CSC-_-\u00a9Filip-Bezdek-2025-82-1536x1024.jpg 1536w, https:\/\/www.czechcyclingfederation.com\/wp-content\/uploads\/2025\/04\/MND-CUP-Novy-Malin-CSC-_-\u00a9Filip-Bezdek-2025-82-2048x1365.jpg 2048w, https:\/\/www.czechcyclingfederation.com\/wp-content\/uploads\/2025\/04\/MND-CUP-Novy-Malin-CSC-_-\u00a9Filip-Bezdek-2025-82-1320x880.jpg 1320w\" sizes=\"auto, (max-width: 1024px) 100vw, 1024px\" \/><\/figure>\n\n\n\n<p>O v\u00edt\u011bzi kategorie junior\u016f rozhodl a\u017e fotofini\u0161. Prvn\u00ed m\u00edsto vybojoval ve spurtu vedouc\u00ed <strong>Marek Stibl\u00edk<\/strong> (Roman Kreuziger Cycling Academy), druh\u00fd skon\u010dil t\u011bsn\u011b <strong>Mat\u011bj Pit\u00e1k<\/strong> (Mapei Merida Ka\u0148kovsk\u00fd).<\/p>\n\n\n\n<p><em>\u201eFoukal hrozn\u011b siln\u00fd v\u00edtr. V&nbsp;prvn\u00edm kole se moc nejelo, ale ve druh\u00e9m u\u017e se za\u010dalo nastupovat. Jen\u017ee se to v\u011bt\u0161inou sjelo a nad\u011blilo se to a\u017e ve t\u0159et\u00edm okruhu. Pak jsme odjeli ve t\u0159ech, a proto\u017ee jsem si \u00fapln\u011b nev\u011b\u0159il na spurt, cht\u011bl jsem nastoupit v&nbsp;kopci. Ale nakonec jsme spurtovali v\u0161ichni t\u0159i a jsem r\u00e1d, \u017ee mi to vy\u0161lo,\u201c<\/em> \u0159ekl Stibl\u00edk.<\/p>\n\n\n\n<figure class=\"wp-block-image size-large\"><img loading=\"lazy\" decoding=\"async\" width=\"1024\" height=\"683\" src=\"https:\/\/www.czechcyclingfederation.com\/wp-content\/uploads\/2025\/04\/MND-CUP-Novy-Malin-CSC-_-\u00a9Filip-Bezdek-2025-90-1024x683.jpg\" alt=\"\" class=\"wp-image-34758\" srcset=\"https:\/\/www.czechcyclingfederation.com\/wp-content\/uploads\/2025\/04\/MND-CUP-Novy-Malin-CSC-_-\u00a9Filip-Bezdek-2025-90-1024x683.jpg 1024w, https:\/\/www.czechcyclingfederation.com\/wp-content\/uploads\/2025\/04\/MND-CUP-Novy-Malin-CSC-_-\u00a9Filip-Bezdek-2025-90-300x200.jpg 300w, https:\/\/www.czechcyclingfederation.com\/wp-content\/uploads\/2025\/04\/MND-CUP-Novy-Malin-CSC-_-\u00a9Filip-Bezdek-2025-90-768x512.jpg 768w, https:\/\/www.czechcyclingfederation.com\/wp-content\/uploads\/2025\/04\/MND-CUP-Novy-Malin-CSC-_-\u00a9Filip-Bezdek-2025-90-1536x1024.jpg 1536w, https:\/\/www.czechcyclingfederation.com\/wp-content\/uploads\/2025\/04\/MND-CUP-Novy-Malin-CSC-_-\u00a9Filip-Bezdek-2025-90-2048x1365.jpg 2048w, https:\/\/www.czechcyclingfederation.com\/wp-content\/uploads\/2025\/04\/MND-CUP-Novy-Malin-CSC-_-\u00a9Filip-Bezdek-2025-90-1320x880.jpg 1320w\" sizes=\"auto, (max-width: 1024px) 100vw, 1024px\" \/><\/figure>\n\n\n\n<p class=\"has-medium-font-size\"><strong>P\u0159ehled v\u00fdsledk\u016f<\/strong><\/p>\n\n\n\n<p><strong>\u017deny<\/strong> (75 km): 1. Mulov\u00e1 (Pol.) 2:21:46, 2. Ungerov\u00e1 (SR) +1:31, 3. Zemanov\u00e1 (VIF Cycling Team), 4. N\u011bmcov\u00e1, 5. Slan\u00edkov\u00e1 (ob\u011b Dukla Praha) v\u0161. +2:09.<\/p>\n\n\n\n<p><strong>Junio\u0159i <\/strong>(100 km): 1. Stibl\u00edk (Roman Kreuziger Cycling Academy) 2:54:24, 2. Pit\u00e1k (Mapei Merida Ka\u0148kovsk\u00fd) stejn\u00fd \u010das, 3. Kristl (Brilon Racing Team) +5, 4. Frajbi\u0161 (Dukla Praha), 5. D. Icha ((Mapei Merida Ka\u0148kovsk\u00fd) oba +1:38.<\/p>\n\n\n\n<p><strong>Juniorky <\/strong>(75 km): 1. Drhov\u00e1 (Brilon Racing Team MB) 2:23:55, 2. E. Han\u00e1kov\u00e1 (Hanak Sisters Cycling Academy) +3, 3. Cermanov\u00e1 (Baloise Minimax WB Ladies) +4:05.<\/p>\n\n\n\n<p><strong>Kadeti <\/strong>(75 km): 1. Be\u010dv\u00e1\u0159 (Bike puzzle team) 2:14:12, 2. Stano (SR) stejn\u00fd \u010das, 3. Rous (SportRaces Cycling Team) +7. <strong>Kadetky <\/strong>(50 km): 1. Hajdukov\u00e1 (SR) 1:38:12<\/p>\n\n\n\n<p><strong>Star\u0161\u00ed \u017e\u00e1ci <\/strong>(50 km): 1. \u0160idelsk\u00fd (SR) 1:38:13, <strong>star\u0161\u00ed \u017e\u00e1kyn\u011b <\/strong>(25 km): 1: \u017dern\u00ed\u010dkov\u00e1 (MS Bike Academy) 49:55. <strong>Mlad\u0161\u00ed \u017e\u00e1ci <\/strong>(30,05 km): 1. Smr\u010dka (Cycling Academy T\u00e1bor) 49:55, <strong>mlad\u0161\u00ed \u017e\u00e1kyn\u011b <\/strong>(25 km): 1. Lhot\u00e1kov\u00e1 (Auto \u0160koda Mlad\u00e1 Boleslav) 57:42.<\/p>\n\n\n\n<p>Foto: Filip Bezd\u011bk<\/p>\n","protected":false},"excerpt":{"rendered":"<p>Krist\u00fdna Zemanov\u00e1, \u00fasp\u011b\u0161n\u00e1 cyklokrosa\u0159ka i silni\u010d\u00e1\u0159ka nov\u00e9ho \u017eensk\u00e9ho VIF Cycling Teamu, obsadila t\u0159et\u00ed p\u0159\u00ed\u010dku v&nbsp;\u00favodn\u00edm z\u00e1vod\u011b MND Cupu \u2013 \u010cesk\u00e9ho poh\u00e1ru ml\u00e1de\u017ee a \u017een v silni\u010dn\u00ed cyklistice, kter\u00fd se jel v Nov\u00e9m Mal\u00edn\u011b u \u0160umperka. Stala se nejlep\u0161\u00ed \u010ce\u0161kou v\u00a0z\u00e1vod\u011b, kde byla pro \u017eeny tra\u0165 dlouh\u00e1 75 km. Vyhr\u00e1la Polka Malwina Mulov\u00e1 p\u0159ed svou slovenskou [&hellip;]<\/p>\n","protected":false},"author":15,"featured_media":34738,"comment_status":"closed","ping_status":"open","sticky":false,"template":"","format":"standard","meta":{"footnotes":""},"categories":[2,18],"tags":[11],"class_list":["post-34736","post","type-post","status-publish","format-standard","has-post-thumbnail","hentry","category-novinky","category-silnice","tag-silnice"],"_links":{"self":[{"href":"https:\/\/www.czechcyclingfederation.com\/en\/wp-json\/wp\/v2\/posts\/34736","targetHints":{"allow":["GET"]}}],"collection":[{"href":"https:\/\/www.czechcyclingfederation.com\/en\/wp-json\/wp\/v2\/posts"}],"about":[{"href":"https:\/\/www.czechcyclingfederation.com\/en\/wp-json\/wp\/v2\/types\/post"}],"author":[{"embeddable":true,"href":"https:\/\/www.czechcyclingfederation.com\/en\/wp-json\/wp\/v2\/users\/15"}],"replies":[{"embeddable":true,"href":"https:\/\/www.czechcyclingfederation.com\/en\/wp-json\/wp\/v2\/comments?post=34736"}],"version-history":[{"count":4,"href":"https:\/\/www.czechcyclingfederation.com\/en\/wp-json\/wp\/v2\/posts\/34736\/revisions"}],"predecessor-version":[{"id":34770,"href":"https:\/\/www.czechcyclingfederation.com\/en\/wp-json\/wp\/v2\/posts\/34736\/revisions\/34770"}],"wp:featuredmedia":[{"embeddable":true,"href":"https:\/\/www.czechcyclingfederation.com\/en\/wp-json\/wp\/v2\/media\/34738"}],"wp:attachment":[{"href":"https:\/\/www.czechcyclingfederation.com\/en\/wp-json\/wp\/v2\/media?parent=34736"}],"wp:term":[{"taxonomy":"category","embeddable":true,"href":"https:\/\/www.czechcyclingfederation.com\/en\/wp-json\/wp\/v2\/categories?post=34736"},{"taxonomy":"post_tag","embeddable":true,"href":"https:\/\/www.czechcyclingfederation.com\/en\/wp-json\/wp\/v2\/tags?post=34736"}],"curies":[{"name":"wp","href":"https:\/\/api.w.org\/{rel}","templated":true}]}}