{"id":34725,"date":"2025-04-03T22:01:33","date_gmt":"2025-04-03T20:01:33","guid":{"rendered":"https:\/\/www.czechcyclingfederation.com\/?p=34725"},"modified":"2025-04-03T22:01:36","modified_gmt":"2025-04-03T20:01:36","slug":"nastupujici-elita-svetove-cyklistiky-se-chysta-na-zavod-miru","status":"publish","type":"post","link":"https:\/\/www.czechcyclingfederation.com\/en\/nastupujici-elita-svetove-cyklistiky-se-chysta-na-zavod-miru\/","title":{"rendered":"Nastupuj\u00edc\u00ed elita sv\u011btov\u00e9 cyklistiky se chyst\u00e1 na Z\u00e1vod m\u00edru"},"content":{"rendered":"\n<p>Budouc\u00ed hv\u011bzdy sv\u011btov\u00e9 silni\u010dn\u00ed cyklistiky se op\u011bt chystaj\u00ed do \u010ceska. Dvan\u00e1ct\u00fd ro\u010dn\u00edk Z\u00e1vodu m\u00edru jezdc\u016f do 23 let se letos kon\u00e1 od 29. kv\u011btna do 1. \u010dervna a d\u011bji\u0161t\u011bm souboj\u016f nastupuj\u00edc\u00ed generace elitn\u00edch z\u00e1vodn\u00edk\u016f budou znovu n\u00e1ro\u010dn\u00e9 trat\u011b v Jesen\u00edk\u00e1ch v\u010detn\u011b legend\u00e1rn\u00edho v\u00fdjezdu na Dlouh\u00e9 str\u00e1n\u011b.<\/p>\n\n\n\n<p><em>\u201ePo roce se op\u011bt m\u016f\u017eeme t\u011b\u0161it na atraktivn\u00ed souboj nad\u011bj\u00ed sv\u011btov\u00e9 cyklistiky. Znovu o\u010dek\u00e1v\u00e1m z\u00e1vod\u011bn\u00ed na nejvy\u0161\u0161\u00ed \u00farovni a jsem zv\u011bdav\u00fd, kter\u00fd z talent\u016f se v Jesen\u00edk\u00e1ch bl\u00fdskne nejlep\u0161\u00ed formou a stane se z n\u011bj hv\u011bzda budoucnosti. A byl bych moc r\u00e1d, kdyby se mezi nejlep\u0161\u00edmi op\u011bt uk\u00e1zal i jezdec v \u010desk\u00fdch barv\u00e1ch,\u201c<\/em> \u0159\u00edk\u00e1 \u0159editel Z\u00e1vodu m\u00edru <strong>Leopold K\u00f6nig.<\/strong><\/p>\n\n\n\n<figure class=\"wp-block-image size-large\"><img loading=\"lazy\" decoding=\"async\" width=\"1024\" height=\"683\" src=\"https:\/\/www.czechcyclingfederation.com\/wp-content\/uploads\/2025\/04\/ZM_foto_ilustrace_01-1024x683.jpg\" alt=\"\" class=\"wp-image-34730\" srcset=\"https:\/\/www.czechcyclingfederation.com\/wp-content\/uploads\/2025\/04\/ZM_foto_ilustrace_01-1024x683.jpg 1024w, https:\/\/www.czechcyclingfederation.com\/wp-content\/uploads\/2025\/04\/ZM_foto_ilustrace_01-300x200.jpg 300w, https:\/\/www.czechcyclingfederation.com\/wp-content\/uploads\/2025\/04\/ZM_foto_ilustrace_01-768x512.jpg 768w, https:\/\/www.czechcyclingfederation.com\/wp-content\/uploads\/2025\/04\/ZM_foto_ilustrace_01-1536x1025.jpg 1536w, https:\/\/www.czechcyclingfederation.com\/wp-content\/uploads\/2025\/04\/ZM_foto_ilustrace_01-2048x1366.jpg 2048w, https:\/\/www.czechcyclingfederation.com\/wp-content\/uploads\/2025\/04\/ZM_foto_ilustrace_01-1320x881.jpg 1320w\" sizes=\"auto, (max-width: 1024px) 100vw, 1024px\" \/><\/figure>\n\n\n\n<p>Peloton se p\u0159edstav\u00ed na zn\u00e1m\u00fdch m\u00edstech, podoba etap se oproti lo\u0148sku ale op\u011bt li\u0161\u00ed. Hned na \u00favod \u010dek\u00e1 jezdce etapa z Krnova do \u0160ternberku v d\u00e9lce 170 km. Druh\u00fd den se pojede stejn\u011b jako loni z Uni\u010dova do R\u00fdma\u0159ova, trasa je ale o 33 km del\u0161\u00ed a jezdci nastoupaj\u00ed v\u00edce v\u00fd\u0161kov\u00fdch metr\u016f.<\/p>\n\n\n\n<p>T\u0159et\u00ed etapa zavede peloton znovu na Dlouh\u00e9 str\u00e1n\u011b, letos po startu ze Z\u00e1b\u0159ehu ale z\u00e1vodn\u00edci op\u011bt absolvuj\u00ed v\u011bt\u0161\u00ed porci kilometr\u016f i p\u0159ev\u00fd\u0161en\u00ed. Z\u00e1v\u011bre\u010dn\u00fd d\u00edl pak vede v opa\u010dn\u00e9m sm\u011bru ne\u017e loni \u2013 tentokr\u00e1t z Jesen\u00edku do \u0160umperku. Celkem peloton najede 574 km s kumulovan\u00fdm p\u0159ev\u00fd\u0161en\u00edm p\u0159es 9000 metr\u016f.<\/p>\n\n\n\n<p><em>\u201ePeloton letos pojede tradi\u010dn\u00edmi m\u00edsty prost\u0159ednictv\u00edm nov\u011b navr\u017een\u00fdch etap. V\u00e1\u017e\u00edme si podpory m\u00edstn\u00edch, m\u011bst a kraj\u016f, proto\u017ee n\u00e1m v\u0161ichni hodn\u011b pom\u00e1haj\u00ed p\u0159ipravit trat\u011b a zajistit absolutn\u011b bezpe\u010dn\u00fd z\u00e1vod, co\u017e je pro n\u00e1s mimo\u0159\u00e1dn\u011b d\u016fle\u017eit\u00e9. V\u011b\u0159\u00edme, \u017ee cyklisty p\u0159ijde podpo\u0159it co nejv\u00edc div\u00e1k\u016f,\u201d<\/em> \u0159ekl K\u00f6nig.<\/p>\n\n\n\n<p>Z\u00e1vod m\u00edru i letos figuruje v kalend\u00e1\u0159i elitn\u00edho seri\u00e1lu pro z\u00e1vodn\u00edky do 23 let Nations Cup, jeho\u017e sou\u010d\u00e1st\u00ed je i francouzsk\u00fd Tour de l\u2018Avenir nebo Orlen Nations Cup v Polsku. O jeho popularit\u011b jasn\u011b sv\u011bd\u010d\u00ed fakt, \u017ee v roce 2018 si v Jesen\u00edk\u00e1ch pro \u017elut\u00fd trikot dojela nejv\u011bt\u0161\u00ed cyklistick\u00e1 hv\u011bzda sou\u010dasnosti Tadej Poga\u010dar a o vav\u0159\u00edny zde soupe\u0159ili i rivalov\u00e9 slovinsk\u00e9ho esa Jonas Vingegaard nebo Julian Alaphilippe.<\/p>\n\n\n\n<p>Koneckonc\u016f i lo\u0148sk\u00fd v\u00edt\u011bz, jednadvacetilet\u00fd Brieuc Rolland, u\u017e z\u00edsk\u00e1v\u00e1 etapov\u00e9 ostruhy v dresu worldtourov\u00e9ho t\u00fdmu Groupama-FDJ. A dvacetilet\u00fd dr\u017eitel zelen\u00e9ho trikotu Paul Magnier, kter\u00fd u\u017e v lo\u0148sk\u00e9m roce pat\u0159il do elitn\u00ed ekipy t\u00fdmu Soudal Quick-Step, se bl\u00fdskl druh\u00fdm m\u00edstem na ned\u00e1vn\u00e9 klasice Omloop Het Nieuwsblad.<\/p>\n\n\n\n<figure class=\"wp-block-image size-large\"><img loading=\"lazy\" decoding=\"async\" width=\"1024\" height=\"683\" src=\"https:\/\/www.czechcyclingfederation.com\/wp-content\/uploads\/2025\/04\/ZM_foto_ilustrace_07-1024x683.jpg\" alt=\"\" class=\"wp-image-34732\" srcset=\"https:\/\/www.czechcyclingfederation.com\/wp-content\/uploads\/2025\/04\/ZM_foto_ilustrace_07-1024x683.jpg 1024w, https:\/\/www.czechcyclingfederation.com\/wp-content\/uploads\/2025\/04\/ZM_foto_ilustrace_07-300x200.jpg 300w, https:\/\/www.czechcyclingfederation.com\/wp-content\/uploads\/2025\/04\/ZM_foto_ilustrace_07-768x512.jpg 768w, https:\/\/www.czechcyclingfederation.com\/wp-content\/uploads\/2025\/04\/ZM_foto_ilustrace_07-1536x1024.jpg 1536w, https:\/\/www.czechcyclingfederation.com\/wp-content\/uploads\/2025\/04\/ZM_foto_ilustrace_07-2048x1365.jpg 2048w, https:\/\/www.czechcyclingfederation.com\/wp-content\/uploads\/2025\/04\/ZM_foto_ilustrace_07-1320x880.jpg 1320w\" sizes=\"auto, (max-width: 1024px) 100vw, 1024px\" \/><\/figure>\n\n\n\n<p>Z\u00e1vod m\u00edru U23 navazuje na tradici p\u016fvodn\u00edho Z\u00e1vodu m\u00edru, kter\u00fd se b\u011bhem \u010dty\u0159icetilet\u00e9 historie sahaj\u00edc\u00ed do roku 1948 vypracoval mezi nejpopul\u00e1rn\u011bj\u0161\u00ed amat\u00e9rsk\u00e9 podniky na planet\u011b s p\u0159\u00edzviskem Tour de France v\u00fdchodu. I v sou\u010dasn\u00e9 podob\u011b podnik absolvuj\u00ed jezdci v n\u00e1rodn\u00edch dresech a na startu leto\u0161n\u00edho ro\u010dn\u00edku bude celkem devaten\u00e1ct zem\u00ed v\u010detn\u011b reprezentant\u016f \u010ceska.<\/p>\n\n\n\n<p class=\"has-medium-font-size\"><strong>Program Z\u00e1vodu m\u00edru U23<\/strong><\/p>\n\n\n\n<p><strong>29. kv\u011btna \u2013 1. etapa: <\/strong>Krnov \u2013 \u0160ternberk (170 km\/2419 v\u00fd\u0161kov\u00fdch metr\u016f)<\/p>\n\n\n\n<p><strong>30. kv\u011btna \u2013 2. etapa: <\/strong>Uni\u010dov \u2013 R\u00fdma\u0159ov (150 km\/2136 v\u00fd\u0161kov\u00fdch metr\u016f)<\/p>\n\n\n\n<p><strong>31. kv\u011btna \u2013 3. etapa:<\/strong> Z\u00e1b\u0159eh \u2013 Dlouh\u00e9 str\u00e1n\u011b (131 km\/2847 v\u00fd\u0161kov\u00fdch metr\u016f)<\/p>\n\n\n\n<p><strong>1. \u010dervna \u2013 4.etapa:<\/strong> Jesen\u00edk \u2013 \u0160umperk (121 km\/1878 v\u00fd\u0161kov\u00fdch metr\u016f)<\/p>\n\n\n\n<p>Foto: Z\u00e1vod m\u00edru<\/p>\n","protected":false},"excerpt":{"rendered":"<p>Budouc\u00ed hv\u011bzdy sv\u011btov\u00e9 silni\u010dn\u00ed cyklistiky se op\u011bt chystaj\u00ed do \u010ceska. Dvan\u00e1ct\u00fd ro\u010dn\u00edk Z\u00e1vodu m\u00edru jezdc\u016f do 23 let se letos kon\u00e1 od 29. kv\u011btna do 1. \u010dervna a d\u011bji\u0161t\u011bm souboj\u016f nastupuj\u00edc\u00ed generace elitn\u00edch z\u00e1vodn\u00edk\u016f budou znovu n\u00e1ro\u010dn\u00e9 trat\u011b v Jesen\u00edk\u00e1ch v\u010detn\u011b legend\u00e1rn\u00edho v\u00fdjezdu na Dlouh\u00e9 str\u00e1n\u011b. \u201ePo roce se op\u011bt m\u016f\u017eeme t\u011b\u0161it na atraktivn\u00ed souboj [&hellip;]<\/p>\n","protected":false},"author":30,"featured_media":34728,"comment_status":"closed","ping_status":"open","sticky":false,"template":"","format":"standard","meta":{"footnotes":""},"categories":[2,18],"tags":[11],"class_list":["post-34725","post","type-post","status-publish","format-standard","has-post-thumbnail","hentry","category-novinky","category-silnice","tag-silnice"],"_links":{"self":[{"href":"https:\/\/www.czechcyclingfederation.com\/en\/wp-json\/wp\/v2\/posts\/34725","targetHints":{"allow":["GET"]}}],"collection":[{"href":"https:\/\/www.czechcyclingfederation.com\/en\/wp-json\/wp\/v2\/posts"}],"about":[{"href":"https:\/\/www.czechcyclingfederation.com\/en\/wp-json\/wp\/v2\/types\/post"}],"author":[{"embeddable":true,"href":"https:\/\/www.czechcyclingfederation.com\/en\/wp-json\/wp\/v2\/users\/30"}],"replies":[{"embeddable":true,"href":"https:\/\/www.czechcyclingfederation.com\/en\/wp-json\/wp\/v2\/comments?post=34725"}],"version-history":[{"count":1,"href":"https:\/\/www.czechcyclingfederation.com\/en\/wp-json\/wp\/v2\/posts\/34725\/revisions"}],"predecessor-version":[{"id":34734,"href":"https:\/\/www.czechcyclingfederation.com\/en\/wp-json\/wp\/v2\/posts\/34725\/revisions\/34734"}],"wp:featuredmedia":[{"embeddable":true,"href":"https:\/\/www.czechcyclingfederation.com\/en\/wp-json\/wp\/v2\/media\/34728"}],"wp:attachment":[{"href":"https:\/\/www.czechcyclingfederation.com\/en\/wp-json\/wp\/v2\/media?parent=34725"}],"wp:term":[{"taxonomy":"category","embeddable":true,"href":"https:\/\/www.czechcyclingfederation.com\/en\/wp-json\/wp\/v2\/categories?post=34725"},{"taxonomy":"post_tag","embeddable":true,"href":"https:\/\/www.czechcyclingfederation.com\/en\/wp-json\/wp\/v2\/tags?post=34725"}],"curies":[{"name":"wp","href":"https:\/\/api.w.org\/{rel}","templated":true}]}}