{"id":34680,"date":"2025-04-01T06:34:11","date_gmt":"2025-04-01T04:34:11","guid":{"rendered":"https:\/\/www.czechcyclingfederation.com\/?p=34680"},"modified":"2025-04-01T10:37:08","modified_gmt":"2025-04-01T08:37:08","slug":"700-startujicich-v-uvodnim-zavode-skoda-prazskeho-mtb-poharu","status":"publish","type":"post","link":"https:\/\/www.czechcyclingfederation.com\/en\/700-startujicich-v-uvodnim-zavode-skoda-prazskeho-mtb-poharu\/","title":{"rendered":"700 startuj\u00edc\u00edch v \u00favodn\u00edm z\u00e1vod\u011b \u0160KODA Pra\u017esk\u00e9ho MTB poh\u00e1ru"},"content":{"rendered":"\n<p>V\u00edce ne\u017e 700 registrac\u00ed evidoval online syst\u00e9m pro \u00favodn\u00ed dva z\u00e1vody \u0160KODA Pra\u017esk\u00e9ho MTB poh\u00e1ru 2025 v&nbsp;olympijsk\u00e9m cross-country, ji\u017e 13. ro\u010dn\u00edku volno\u010dasov\u00e9ho seri\u00e1lu horsk\u00fdch kol pro v\u0161echny v\u011bkov\u00e9 a v\u00fdkonnostn\u00ed kategorie cyklist\u016f, v\u010detn\u011b cyklist\u016f s&nbsp;handicapem, kter\u00fd se uskute\u010dnil v&nbsp;motolsk\u00fdch trailech jako Memori\u00e1l Petra Marka.<\/p>\n\n\n\n<p>V&nbsp;sobotu z\u00e1vodn\u00edci bojovali v&nbsp;OPEN z\u00e1vod\u011b o tituly Mistr\u016f Prahy v&nbsp;Short Tracku, v&nbsp;ned\u011bli pak o poh\u00e1rov\u00e9 body v klasick\u00e9m XCO.<\/p>\n\n\n\n<p>U\u017e sobotn\u00ed \u201eroz\u0159azovac\u00ed\u201c z\u00e1vod v neolympijsk\u00e9m Short Tracku p\u0159inesl dramatick\u00e9 souboje a kvalitn\u00ed sportovn\u00ed v\u00fdkony. To potvrzuje i nov\u00fd tra\u0165ov\u00fd rekord v\u00a0\u00favodn\u00ed individu\u00e1ln\u00ed \u010dasovce na jedno XCC kolo, o kter\u00fd se postarala juniorka Am\u00e1lie Gottwaldov\u00e1, kdy\u017e \u010dasem 2:40 zlep\u0161ila sv\u016fj vlastn\u00ed, rok star\u00fd rekord na motolsk\u00e9 trati o cel\u00e9 4 sekundy. \u00a0<\/p>\n\n\n\n<p>Z\u00e1vod se uskute\u010dnil jako historicky prvn\u00ed \u201eOPEN\u201c Mistrovstv\u00ed Prahy XCC a zaj\u00edmavost\u00ed je, \u017ee t\u0159i mistrovsk\u00e9 tituly z\u016fst\u00e1vaj\u00ed v&nbsp;pra\u017esk\u00fdch klubech, zat\u00edmco ostatn\u00ed m\u00ed\u0159\u00ed do dal\u0161\u00edch region\u016f na\u0161\u00ed republiky. &nbsp;&nbsp;<\/p>\n\n\n\n<p>V\u00edt\u011bzi jednotliv\u00fdch kategori\u00ed a vlastn\u00edky unik\u00e1tn\u00edho cyklistick\u00e9ho dresu s&nbsp;duhou v&nbsp;pra\u017esk\u00fdch barv\u00e1ch se stali:<\/p>\n\n\n\n<p>\u017d\u00e1kyn\u011b I.:&nbsp;<strong>H\u00e1jkov\u00e1 Emma, CP Team<\/strong>, \u017d\u00e1ci I.:&nbsp;<strong>\u010cern\u00fd Miroslav, CK LOKO Rakovn\u00edk<\/strong>, \u017d\u00e1kyn\u011b II.:&nbsp;<strong>Slukov\u00e1 Babeta, DUKLA Praha<\/strong>, \u017d\u00e1ci II.:&nbsp;<strong>Janata Jakub, Rexonix Kovo Praha<\/strong>, Kadetky:&nbsp;<strong>Drongov\u00e1 Eli\u0161ka, Bike Pro Racing<\/strong>, Kadeti:&nbsp;<strong>Bukovsk\u00fd Ond\u0159ej, DK BIKESHOP Racing Team<\/strong>, \u017deny \u2013 juniorky:&nbsp;<strong>Bukovsk\u00e1 Barbora, DK BIKESHOP Racing Team<\/strong>, Mu\u017ei Elite\/Open:&nbsp;<strong>Holub Filip, ASPIRE OPPORTUNITY BRNO<\/strong>, Junio\u0159i:&nbsp;<strong>Severyn Richard, Expres CZ BMD Team Kol\u00edn<\/strong>, Masters I.:&nbsp;<strong>Kar\u00e1sek Vladislav, Czech MultiSport Coaching<\/strong>, Masters II.:&nbsp;<strong>Bukovsk\u00fd Luk\u00e1\u0161, DK BIKESHOP Racing Team<\/strong>, Masters III.:&nbsp;<strong>\u0160\u00edpak Ivan, AUTHOR MASTERS TEAM<\/strong>, SUPERMASTERS:&nbsp;<strong>Van\u011bk Milo\u0161, MKV Sport.<\/strong><\/p>\n\n\n\n<figure class=\"wp-block-image size-large\"><img loading=\"lazy\" decoding=\"async\" width=\"1024\" height=\"683\" src=\"https:\/\/www.czechcyclingfederation.com\/wp-content\/uploads\/2025\/04\/motol-2-1024x683.jpg\" alt=\"\" class=\"wp-image-34683\" srcset=\"https:\/\/www.czechcyclingfederation.com\/wp-content\/uploads\/2025\/04\/motol-2-1024x683.jpg 1024w, https:\/\/www.czechcyclingfederation.com\/wp-content\/uploads\/2025\/04\/motol-2-300x200.jpg 300w, https:\/\/www.czechcyclingfederation.com\/wp-content\/uploads\/2025\/04\/motol-2-768x512.jpg 768w, https:\/\/www.czechcyclingfederation.com\/wp-content\/uploads\/2025\/04\/motol-2-1536x1024.jpg 1536w, https:\/\/www.czechcyclingfederation.com\/wp-content\/uploads\/2025\/04\/motol-2-1320x880.jpg 1320w, https:\/\/www.czechcyclingfederation.com\/wp-content\/uploads\/2025\/04\/motol-2.jpg 2048w\" sizes=\"auto, (max-width: 1024px) 100vw, 1024px\" \/><\/figure>\n\n\n\n<p>Ned\u011bln\u00ed program v&nbsp;olympijsk\u00e9m cross country podtrhoval vysok\u00e9 sobotn\u00ed nasazen\u00ed v\u0161ech z\u00fa\u010dastn\u011bn\u00fdch. Na fyzicky i technicky n\u00e1ro\u010dn\u00e9 motolsk\u00e9 trati zaujal zejm\u00e9na souboj ve spojen\u00e9 kategorii \u017een a juniorek. Barbora Bukovsk\u00e1 (DK BIKESHOP Racing Team), Lucie Grohov\u00e1 (DUKLA Praha) a Am\u00e1lie Gottwaldov\u00e1 (CP Team) p\u0159edstavuj\u00ed juniorskou \u0161pi\u010dku nejenom v&nbsp;rozm\u011bru na\u0161\u00ed republiky. V\u00edt\u011bzstv\u00ed si z&nbsp;Prahy do Ostravy odv\u00e1\u017e\u00ed prvoro\u010da\u010dka Barbora Bukovsk\u00e1. Ta si ve druh\u00e9m kole&nbsp;vybudovala n\u00e1skok, kter\u00fd nakonec uh\u00e1jila p\u0159ed stejn\u011b starou a v&nbsp;pr\u016fb\u011bhu z\u00e1vodu zrychluj\u00edc\u00ed reprezenta\u010dn\u00ed kolegyn\u00ed Luci\u00ed Grohovou a Am\u00e1li\u00ed Gottwaldovou.<\/p>\n\n\n\n<p>Z\u00e1vodu mu\u017e\u016f dominoval v\u011bkem je\u0161t\u011b t\u0159iadvac\u00edtk\u00e1\u0159, Filip Holub (ASPIRE OPPORTUNITY BRNO). \u010clen brn\u011bnsk\u00e9 st\u00e1je po \u00favodn\u00ed \u010dasovce a z\u00e1vodu XCC zv\u00edt\u011bzil stylem start \u2013 c\u00edl i v&nbsp;ned\u011bln\u00edm z\u00e1vod\u011b XCO p\u0159ed Petrem \u0160ichem (SUPERIOR RIDERS) a Michalem Bub\u00edlkem (North Bike Club).<\/p>\n\n\n\n<p>Zaj\u00edmavost\u00ed motolsk\u00e9ho z\u00e1vodu je rodinn\u00fd \u201ezlat\u00fd hattrick\u201c rodiny Bukovsk\u00fdch, kde v\u00edt\u011bzstv\u00ed v z\u00e1vodech XCC i XCO p\u0159idali k&nbsp;Barbo\u0159e Bukovsk\u00e9 i bratr Ond\u0159ej, kter\u00fd ovl\u00e1dl kategorii kadet\u016f a tat\u00ednek Luk\u00e1\u0161 (v\u0161ichni DK BIKESHOP Racing Team), kter\u00fd v&nbsp;kategorii Masters II., po dlouh\u00e9 dob\u011b, dok\u00e1zal \u201esesadit\u201c z&nbsp;pomysln\u00e9ho pra\u017esk\u00e9ho tr\u016fnu Ji\u0159\u00edho Chybu z&nbsp;po\u0159\u00e1daj\u00edc\u00edho klubu Nutrend Specialized SKR Racing. &nbsp;&nbsp;<\/p>\n\n\n\n<p>Kompletn\u00ed v\u00fdsledky ze soboty najdete <a href=\"https:\/\/www.sportt.cz\/racesResults\/resultlist\/1413\">ZDE<\/a>, ned\u011bln\u00ed v\u00fdsledky na <a href=\"https:\/\/www.sportt.cz\/racesResults\/resultlist\/1414\">TOMTO ODKAZU<\/a>.<\/p>\n\n\n\n<p>T\u0159et\u00ed z\u00e1vod \u0160KODA Pra\u017esk\u00e9ho MTB poh\u00e1ru se uskute\u010dn\u00ed, ji\u017e tradi\u010dn\u011b 1. kv\u011btna v&nbsp;Lesoparku Let\u0148any \u2013 Kbely.<\/p>\n\n\n\n<p>Foto: Pavel K\u0159ikava<\/p>\n","protected":false},"excerpt":{"rendered":"<p>V\u00edce ne\u017e 700 registrac\u00ed evidoval online syst\u00e9m pro \u00favodn\u00ed dva z\u00e1vody \u0160KODA Pra\u017esk\u00e9ho MTB poh\u00e1ru 2025 v&nbsp;olympijsk\u00e9m cross-country, ji\u017e 13. ro\u010dn\u00edku volno\u010dasov\u00e9ho seri\u00e1lu horsk\u00fdch kol pro v\u0161echny v\u011bkov\u00e9 a v\u00fdkonnostn\u00ed kategorie cyklist\u016f, v\u010detn\u011b cyklist\u016f s&nbsp;handicapem, kter\u00fd se uskute\u010dnil v&nbsp;motolsk\u00fdch trailech jako Memori\u00e1l Petra Marka. V&nbsp;sobotu z\u00e1vodn\u00edci bojovali v&nbsp;OPEN z\u00e1vod\u011b o tituly Mistr\u016f Prahy v&nbsp;Short Tracku, [&hellip;]<\/p>\n","protected":false},"author":30,"featured_media":34681,"comment_status":"closed","ping_status":"open","sticky":false,"template":"","format":"standard","meta":{"footnotes":""},"categories":[6,2],"tags":[10],"class_list":["post-34680","post","type-post","status-publish","format-standard","has-post-thumbnail","hentry","category-mtb","category-novinky","tag-mtb"],"_links":{"self":[{"href":"https:\/\/www.czechcyclingfederation.com\/en\/wp-json\/wp\/v2\/posts\/34680","targetHints":{"allow":["GET"]}}],"collection":[{"href":"https:\/\/www.czechcyclingfederation.com\/en\/wp-json\/wp\/v2\/posts"}],"about":[{"href":"https:\/\/www.czechcyclingfederation.com\/en\/wp-json\/wp\/v2\/types\/post"}],"author":[{"embeddable":true,"href":"https:\/\/www.czechcyclingfederation.com\/en\/wp-json\/wp\/v2\/users\/30"}],"replies":[{"embeddable":true,"href":"https:\/\/www.czechcyclingfederation.com\/en\/wp-json\/wp\/v2\/comments?post=34680"}],"version-history":[{"count":1,"href":"https:\/\/www.czechcyclingfederation.com\/en\/wp-json\/wp\/v2\/posts\/34680\/revisions"}],"predecessor-version":[{"id":34685,"href":"https:\/\/www.czechcyclingfederation.com\/en\/wp-json\/wp\/v2\/posts\/34680\/revisions\/34685"}],"wp:featuredmedia":[{"embeddable":true,"href":"https:\/\/www.czechcyclingfederation.com\/en\/wp-json\/wp\/v2\/media\/34681"}],"wp:attachment":[{"href":"https:\/\/www.czechcyclingfederation.com\/en\/wp-json\/wp\/v2\/media?parent=34680"}],"wp:term":[{"taxonomy":"category","embeddable":true,"href":"https:\/\/www.czechcyclingfederation.com\/en\/wp-json\/wp\/v2\/categories?post=34680"},{"taxonomy":"post_tag","embeddable":true,"href":"https:\/\/www.czechcyclingfederation.com\/en\/wp-json\/wp\/v2\/tags?post=34680"}],"curies":[{"name":"wp","href":"https:\/\/api.w.org\/{rel}","templated":true}]}}