{"id":34668,"date":"2025-03-31T10:43:43","date_gmt":"2025-03-31T08:43:43","guid":{"rendered":"https:\/\/www.czechcyclingfederation.com\/?p=34668"},"modified":"2025-03-31T15:45:50","modified_gmt":"2025-03-31T13:45:50","slug":"cabelicka-vyhrala-v-langenlois","status":"publish","type":"post","link":"https:\/\/www.czechcyclingfederation.com\/en\/cabelicka-vyhrala-v-langenlois\/","title":{"rendered":"\u010c\u00e1belick\u00e1 vyhr\u00e1la v Langenlois"},"content":{"rendered":"\n<p><strong>Jitka \u010c\u00e1belick\u00e1 ovl\u00e1dla t\u0159iat\u0159ic\u00e1t\u00fd ro\u010dn\u00edk Kamptal Trophy v rakousk\u00e9m Langenlois. Pro p\u011btat\u0159icetiletou bikerku \u0161lo o druh\u00fd triumf v kari\u00e9\u0159e na tradi\u010dn\u00edm otv\u00edr\u00e1ku sezony cross country.<\/strong><\/p>\n\n\n\n<p>&#8220;Z\u00e1vod byl mimo\u0159\u00e1dn\u011b n\u00e1ro\u010dn\u00fd, hodn\u011b rozbahn\u011bn\u00fd. M\u00edsty se muselo b\u011bhat. Sna\u017eila jsem se jet hlavn\u011b bez chyb. Jsem n\u00e1ramn\u011b spokojen\u00e1,&#8221; uvedla pro mtbs.cz z\u00e1vodnice t\u00fdmu Cabtech Racing, kter\u00e1 v Rakousku nav\u00e1zala na triumf ze sezony 2018. <\/p>\n\n\n\n<p>Trasa v Langenlois je tvo\u0159ena hlavn\u011b del\u0161\u00edmi v\u00fdjezdy ve vinic\u00edch, nejde o extr\u00e9mn\u011b n\u00e1ro\u010dnou tra\u0165 z hlediska techniky. V letech 2021, 2022 a 2023 fini\u0161ovala na tamn\u00edm z\u00e1vod\u011b t\u0159et\u00ed. <\/p>\n\n\n\n<figure class=\"wp-block-image size-large\"><img loading=\"lazy\" decoding=\"async\" width=\"1024\" height=\"683\" src=\"https:\/\/www.czechcyclingfederation.com\/wp-content\/uploads\/2025\/03\/487204666_1178918500693541_7408827594271000061_n-1024x683.jpg\" alt=\"\" class=\"wp-image-34669\" srcset=\"https:\/\/www.czechcyclingfederation.com\/wp-content\/uploads\/2025\/03\/487204666_1178918500693541_7408827594271000061_n-1024x683.jpg 1024w, https:\/\/www.czechcyclingfederation.com\/wp-content\/uploads\/2025\/03\/487204666_1178918500693541_7408827594271000061_n-300x200.jpg 300w, https:\/\/www.czechcyclingfederation.com\/wp-content\/uploads\/2025\/03\/487204666_1178918500693541_7408827594271000061_n-768x512.jpg 768w, https:\/\/www.czechcyclingfederation.com\/wp-content\/uploads\/2025\/03\/487204666_1178918500693541_7408827594271000061_n-1536x1024.jpg 1536w, https:\/\/www.czechcyclingfederation.com\/wp-content\/uploads\/2025\/03\/487204666_1178918500693541_7408827594271000061_n-1320x880.jpg 1320w, https:\/\/www.czechcyclingfederation.com\/wp-content\/uploads\/2025\/03\/487204666_1178918500693541_7408827594271000061_n.jpg 2048w\" sizes=\"auto, (max-width: 1024px) 100vw, 1024px\" \/><\/figure>\n\n\n\n<p>Jitka \u010c\u00e1belick\u00e1 vyhr\u00e1la s n\u00e1skokem \u0161estat\u0159iceti sekund na druhou Polku Podgorskou, t\u0159et\u00ed byla jej\u00ed krajanka Szczecinska. Do elitn\u00ed dvac\u00edtky se z \u010desk\u00fdch z\u00e1vodnic ve\u0161la je\u0161t\u011b jeden\u00e1ct\u00e1 Han\u00e1kov\u00e1, sedmn\u00e1ct\u00e1 Malo\u0161\u00edkov\u00e1 a osmn\u00e1ct\u00e1 Z\u00e1rybnick\u00e1.<\/p>\n\n\n\n<p>Mezi mu\u017ei vyhr\u00e1l Raku\u0161an Mario Bair p\u0159ed Fagerhaugem z Norska a t\u0159et\u00edm Lukasikem z Polska. Nejlep\u0161\u00ed z \u010desk\u00fdch biker\u016f byl des\u00e1t\u00fd \u010cern\u00fd, t\u0159in\u00e1ct\u00fd fini\u0161oval Hojka a patn\u00e1ct\u00fd Kobes.<\/p>\n\n\n\n<p><em>Foto: KTM Kamptal Trophy<\/em><\/p>\n\n\n\n<p><\/p>\n","protected":false},"excerpt":{"rendered":"<p>Jitka \u010c\u00e1belick\u00e1 ovl\u00e1dla t\u0159iat\u0159ic\u00e1t\u00fd ro\u010dn\u00edk Kamptal Trophy v rakousk\u00e9m Langenlois. Pro p\u011btat\u0159icetiletou bikerku \u0161lo o druh\u00fd triumf v kari\u00e9\u0159e na tradi\u010dn\u00edm otv\u00edr\u00e1ku sezony cross country. &#8220;Z\u00e1vod byl mimo\u0159\u00e1dn\u011b n\u00e1ro\u010dn\u00fd, hodn\u011b rozbahn\u011bn\u00fd. M\u00edsty se muselo b\u011bhat. Sna\u017eila jsem se jet hlavn\u011b bez chyb. Jsem n\u00e1ramn\u011b spokojen\u00e1,&#8221; uvedla pro mtbs.cz z\u00e1vodnice t\u00fdmu Cabtech Racing, kter\u00e1 v Rakousku [&hellip;]<\/p>\n","protected":false},"author":30,"featured_media":34673,"comment_status":"closed","ping_status":"open","sticky":false,"template":"","format":"standard","meta":{"footnotes":""},"categories":[6,2,46],"tags":[10],"class_list":["post-34668","post","type-post","status-publish","format-standard","has-post-thumbnail","hentry","category-mtb","category-novinky","category-novinky-sportovni-centra","tag-mtb"],"_links":{"self":[{"href":"https:\/\/www.czechcyclingfederation.com\/en\/wp-json\/wp\/v2\/posts\/34668","targetHints":{"allow":["GET"]}}],"collection":[{"href":"https:\/\/www.czechcyclingfederation.com\/en\/wp-json\/wp\/v2\/posts"}],"about":[{"href":"https:\/\/www.czechcyclingfederation.com\/en\/wp-json\/wp\/v2\/types\/post"}],"author":[{"embeddable":true,"href":"https:\/\/www.czechcyclingfederation.com\/en\/wp-json\/wp\/v2\/users\/30"}],"replies":[{"embeddable":true,"href":"https:\/\/www.czechcyclingfederation.com\/en\/wp-json\/wp\/v2\/comments?post=34668"}],"version-history":[{"count":1,"href":"https:\/\/www.czechcyclingfederation.com\/en\/wp-json\/wp\/v2\/posts\/34668\/revisions"}],"predecessor-version":[{"id":34675,"href":"https:\/\/www.czechcyclingfederation.com\/en\/wp-json\/wp\/v2\/posts\/34668\/revisions\/34675"}],"wp:featuredmedia":[{"embeddable":true,"href":"https:\/\/www.czechcyclingfederation.com\/en\/wp-json\/wp\/v2\/media\/34673"}],"wp:attachment":[{"href":"https:\/\/www.czechcyclingfederation.com\/en\/wp-json\/wp\/v2\/media?parent=34668"}],"wp:term":[{"taxonomy":"category","embeddable":true,"href":"https:\/\/www.czechcyclingfederation.com\/en\/wp-json\/wp\/v2\/categories?post=34668"},{"taxonomy":"post_tag","embeddable":true,"href":"https:\/\/www.czechcyclingfederation.com\/en\/wp-json\/wp\/v2\/tags?post=34668"}],"curies":[{"name":"wp","href":"https:\/\/api.w.org\/{rel}","templated":true}]}}