{"id":34640,"date":"2025-03-28T17:23:51","date_gmt":"2025-03-28T16:23:51","guid":{"rendered":"https:\/\/www.czechcyclingfederation.com\/?p=34640"},"modified":"2025-03-30T07:45:33","modified_gmt":"2025-03-30T05:45:33","slug":"bittner-treti-v-etape-kolem-katalanska","status":"publish","type":"post","link":"https:\/\/www.czechcyclingfederation.com\/en\/bittner-treti-v-etape-kolem-katalanska\/","title":{"rendered":"Bittner dvakr\u00e1t na p\u00f3diu Kolem Katal\u00e1nska"},"content":{"rendered":"\n<p>\u010cesk\u00fd reprezentant <strong>Pavel Bittner<\/strong> z\u00a0t\u00fdmu Picnic PostNL se v etapov\u00e9m z\u00e1vod\u011b Kolem Katal\u00e1nska dostal dvakr\u00e1t na p\u00f3dium, kdy\u017e nejprve v p\u00e1tek obsadil t\u0159et\u00ed m\u00edsto ve spurtu\u00a05. etapy a o den pozd\u011bji byl dokonce druh\u00fd.<\/p>\n\n\n\n<p><em>\u201eObrovsk\u00fd d\u00edk pat\u0159\u00ed t\u00fdmu. Byli jsme cel\u00fd den pohromad\u011b vp\u0159edu, kluci se tam st\u0159\u00eddali a j\u00e1 se c\u00edtil hodn\u011b dob\u0159e. Moc jsem se t\u011b\u0161il na fin\u00e1le. Tro\u0161ku se n\u00e1m to roztrhalo na v\u011btru a vp\u0159edu se mnou z\u016fstal od n\u00e1s z\u00a0t\u00fdmu Nils Eekhoff. Bohu\u017eel taky nakonec odpadl, proto\u017ee ho bolela achillovka a nemohl skoro \u0161lapat. Z\u016fstalo to na mn\u011b, ale dost jsem si v\u011b\u0159il,\u201c <\/em>popisoval \u010desk\u00fd cyklista p\u00e1te\u010dn\u00ed etapu.<\/p>\n\n\n\n<p><em>\u201eSoust\u0159edil jsem se na dva nejrychlej\u0161\u00ed z\u00e1vodn\u00edky z\u00a0t\u00e9 skupiny, ale Brennan a Del Grosso se za mnou vyvezli a ud\u011blali chyt\u0159ej\u0161\u00ed sprint ne\u017e j\u00e1. Docela m\u011b to mrz\u00ed, proto\u017ee jsem to m\u011bl jako na zlat\u00e9m podnose. Jsem tro\u0161ku zklaman\u00fd ze t\u0159et\u00edho m\u00edsta, ale mohu b\u00fdt maxim\u00e1ln\u011b spokojen\u00fd, jak\u00fd t\u00fdmov\u00fd v\u00fdkon jsme p\u0159edvedli,\u201c<\/em> dodal Bittner po 3. m\u00edst\u011b.<\/p>\n\n\n\n<p>Sobotn\u00ed 6. etapa byla kv\u016fli siln\u00e9mu v\u011btru \u0159\u00e1dn\u011b zredukov\u00e1na a po neutralizac\u00edch zbylo na cyklisty jen 25 z\u00e1vodn\u00edch kilometr\u016f. Bittner skon\u010dil druh\u00fd, prvenstv\u00ed vybojoval Ameri\u010dan Simmons.<\/p>\n\n\n\n<p><em>\u201eByl to hodn\u011b zaj\u00edmav\u00fd den. Se v\u0161emi zm\u011bnami to byl jen p\u016flhodinov\u00fd z\u00e1vod, ale na samotn\u00fd z\u00e1v\u011br jsem byl v\u00a0dobr\u00e9 pozici. Simmons nastoupil u\u017e kilometr do c\u00edle, j\u00e1 po\u0159\u00e1d tro\u0161ku vy\u010dk\u00e1val a mo\u017en\u00e1 jsme tam promarnili \u0161anci. Nakonec jsem se k\u00a0n\u011bmu na p\u00e1sku hodn\u011b p\u0159ibl\u00ed\u017eil, ale on to t\u011bsn\u011b udr\u017eel. Pro m\u011b druh\u00e9 m\u00edsto, co\u017e je dal\u0161\u00ed dobr\u00fd v\u00fdsledek. Je to p\u0159\u00edslib k\u00a0dal\u0161\u00edm z\u00e1vod\u016fm,\u201c<\/em> uvedl Bittner.<\/p>\n\n\n\n<p>Foto: Team Picnic PostNL<\/p>\n","protected":false},"excerpt":{"rendered":"<p>\u010cesk\u00fd reprezentant Pavel Bittner z\u00a0t\u00fdmu Picnic PostNL se v etapov\u00e9m z\u00e1vod\u011b Kolem Katal\u00e1nska dostal dvakr\u00e1t na p\u00f3dium, kdy\u017e nejprve v p\u00e1tek obsadil t\u0159et\u00ed m\u00edsto ve spurtu\u00a05. etapy a o den pozd\u011bji byl dokonce druh\u00fd. \u201eObrovsk\u00fd d\u00edk pat\u0159\u00ed t\u00fdmu. Byli jsme cel\u00fd den pohromad\u011b vp\u0159edu, kluci se tam st\u0159\u00eddali a j\u00e1 se c\u00edtil hodn\u011b dob\u0159e. Moc [&hellip;]<\/p>\n","protected":false},"author":15,"featured_media":34641,"comment_status":"closed","ping_status":"open","sticky":false,"template":"","format":"standard","meta":{"footnotes":""},"categories":[2,18],"tags":[11],"class_list":["post-34640","post","type-post","status-publish","format-standard","has-post-thumbnail","hentry","category-novinky","category-silnice","tag-silnice"],"_links":{"self":[{"href":"https:\/\/www.czechcyclingfederation.com\/en\/wp-json\/wp\/v2\/posts\/34640","targetHints":{"allow":["GET"]}}],"collection":[{"href":"https:\/\/www.czechcyclingfederation.com\/en\/wp-json\/wp\/v2\/posts"}],"about":[{"href":"https:\/\/www.czechcyclingfederation.com\/en\/wp-json\/wp\/v2\/types\/post"}],"author":[{"embeddable":true,"href":"https:\/\/www.czechcyclingfederation.com\/en\/wp-json\/wp\/v2\/users\/15"}],"replies":[{"embeddable":true,"href":"https:\/\/www.czechcyclingfederation.com\/en\/wp-json\/wp\/v2\/comments?post=34640"}],"version-history":[{"count":3,"href":"https:\/\/www.czechcyclingfederation.com\/en\/wp-json\/wp\/v2\/posts\/34640\/revisions"}],"predecessor-version":[{"id":34646,"href":"https:\/\/www.czechcyclingfederation.com\/en\/wp-json\/wp\/v2\/posts\/34640\/revisions\/34646"}],"wp:featuredmedia":[{"embeddable":true,"href":"https:\/\/www.czechcyclingfederation.com\/en\/wp-json\/wp\/v2\/media\/34641"}],"wp:attachment":[{"href":"https:\/\/www.czechcyclingfederation.com\/en\/wp-json\/wp\/v2\/media?parent=34640"}],"wp:term":[{"taxonomy":"category","embeddable":true,"href":"https:\/\/www.czechcyclingfederation.com\/en\/wp-json\/wp\/v2\/categories?post=34640"},{"taxonomy":"post_tag","embeddable":true,"href":"https:\/\/www.czechcyclingfederation.com\/en\/wp-json\/wp\/v2\/tags?post=34640"}],"curies":[{"name":"wp","href":"https:\/\/api.w.org\/{rel}","templated":true}]}}