{"id":34601,"date":"2025-03-27T07:11:58","date_gmt":"2025-03-27T06:11:58","guid":{"rendered":"https:\/\/www.czechcyclingfederation.com\/?p=34601"},"modified":"2025-03-30T10:16:05","modified_gmt":"2025-03-30T08:16:05","slug":"skoda-cup-2025-okoreni-novinka-v-orlickych-horach","status":"publish","type":"post","link":"https:\/\/www.czechcyclingfederation.com\/en\/skoda-cup-2025-okoreni-novinka-v-orlickych-horach\/","title":{"rendered":"\u0160koda Cup 2025 oko\u0159en\u00ed novinka v Orlick\u00fdch hor\u00e1ch"},"content":{"rendered":"\n<p>Nov\u00fd podnik Road Stage, kter\u00fd se uskute\u010dn\u00ed v Orlick\u00fdch hor\u00e1ch v \u00favodu \u010dervna, oko\u0159en\u00ed \u0160koda Cup 2025. \u010cesk\u00fd poh\u00e1r v silni\u010dn\u00ed cyklistice vypsan\u00fd pro mu\u017ee kategorie Elite a U23 odstartuje tradi\u010dn\u011b posledn\u00ed b\u0159eznovou ned\u011bli klasick\u00fdm dom\u00e1c\u00edm otv\u00edr\u00e1kem Velk\u00e1 B\u00edte\u0161-Brno-Velk\u00e1 B\u00edte\u0161.<\/p>\n\n\n\n<p>Dev\u011bta\u010dty\u0159ic\u00e1t\u00fd ro\u010dn\u00edk tuzemsk\u00e9 \u201eprimavery\u201c se startem na Masarykov\u011b n\u00e1m\u011bst\u00ed ve Velk\u00e9 B\u00edte\u0161i v prav\u00e9 poledne je dlouh\u00fd 162 kilometr\u016f, p\u0159i\u010dem\u017e peloton postupn\u011b zdol\u00e1 okruh dlouh\u00fd 70 kilometr\u016f, n\u00e1sledn\u011b pojedou cyklist\u00e9 okruh o d\u00e9lce 38,5 kilometru a v posledn\u00ed \u010d\u00e1sti u\u017e je \u010dek\u00e1 jen 17,8 kilometr\u016f. Posledn\u00ed z okruh\u016f cyklist\u00e9 pojedou 3x.<\/p>\n\n\n\n<p>P\u0159\u00edm\u00fd p\u0159enos z \u00favodn\u00edho z\u00e1vodu je mo\u017en\u00e9 sledovat na odkazu n\u00ed\u017ee, start z\u00e1vodu je ve 12 hod a p\u0159edpokl\u00e1dan\u00fd p\u0159\u00edjezd do c\u00edle okolo 16 hod.<\/p>\n\n\n\n<figure class=\"wp-block-embed is-type-video is-provider-youtube wp-block-embed-youtube wp-embed-aspect-4-3 wp-has-aspect-ratio\"><div class=\"wp-block-embed__wrapper\">\n<iframe loading=\"lazy\" title=\"\ud83d\udd34 VELK\u00c1 B\u00cdTE\u0160 - BRNO - VELK\u00c1 B\u00cdTE\u0160 2025\" width=\"500\" height=\"375\" src=\"https:\/\/www.youtube.com\/embed\/z8YGs5cb4gA?feature=oembed\" frameborder=\"0\" allow=\"accelerometer; autoplay; clipboard-write; encrypted-media; gyroscope; picture-in-picture; web-share\" referrerpolicy=\"strict-origin-when-cross-origin\" allowfullscreen><\/iframe>\n<\/div><figcaption class=\"wp-element-caption\">P\u0159\u00edm\u00fd p\u0159enos z\u00e1vodu Velk\u00e1 B\u00edte\u0161 &#8211; Brno -Velk\u00e1 B\u00edte\u0161<\/figcaption><\/figure>\n\n\n\n<p>V\u00edt\u011bzstv\u00ed obhajuje Filip \u0158eha z formace ATT Investments, kter\u00e1 z\u00e1vod ovl\u00e1dla Pavlem Kelemenem i v sezon\u011b 2023. Sestava ATT dominovala celkov\u00e9mu po\u0159ad\u00ed \u0160koda Cupu mezi t\u00fdmy i jednotlivci posledn\u00ed dv\u011b sezony. \u0160ampion Jakub Otruba po dvou letech vl\u00e1dy zam\u00ed\u0159il do \u0160pan\u011blska, a tak se hled\u00e1 jeho n\u00e1stupce.<\/p>\n\n\n\n<p><em>\u201eRozhodn\u011b nehled\u00edme k sezon\u011b na dom\u00e1c\u00ed sc\u00e9n\u011b jako k souboji s ATT Investments. Jejich cesta je ve srovn\u00e1n\u00ed s na\u0161\u00ed pon\u011bkud odli\u0161n\u00e1. S v\u00fdjimkou \u0160to\u010dka s\u00e1z\u00edme jen na \u010desk\u00e9 jezdce. Z\u00e1vody vyb\u00edr\u00e1me tak, abychom mohli d\u00e1t \u0161anci i na\u0161im mlad\u00fdm z\u00e1vodn\u00edk\u016fm a poskytli jsme jim prostor k v\u00fdkonnostn\u00edmu r\u016fstu,\u201c <\/em>pronesl <strong>Petr Kaltofen<\/strong>, sportovn\u00ed \u0159editel st\u00e1je Elkov Kasper.<\/p>\n\n\n\n<figure class=\"wp-block-image size-large\"><img loading=\"lazy\" decoding=\"async\" width=\"1024\" height=\"684\" src=\"https:\/\/www.czechcyclingfederation.com\/wp-content\/uploads\/2025\/03\/ilustracka-kamenice-1024x684.jpg\" alt=\"\" class=\"wp-image-34607\" srcset=\"https:\/\/www.czechcyclingfederation.com\/wp-content\/uploads\/2025\/03\/ilustracka-kamenice-1024x684.jpg 1024w, https:\/\/www.czechcyclingfederation.com\/wp-content\/uploads\/2025\/03\/ilustracka-kamenice-300x200.jpg 300w, https:\/\/www.czechcyclingfederation.com\/wp-content\/uploads\/2025\/03\/ilustracka-kamenice-768x513.jpg 768w, https:\/\/www.czechcyclingfederation.com\/wp-content\/uploads\/2025\/03\/ilustracka-kamenice-1536x1025.jpg 1536w, https:\/\/www.czechcyclingfederation.com\/wp-content\/uploads\/2025\/03\/ilustracka-kamenice-2048x1367.jpg 2048w, https:\/\/www.czechcyclingfederation.com\/wp-content\/uploads\/2025\/03\/ilustracka-kamenice-1320x881.jpg 1320w\" sizes=\"auto, (max-width: 1024px) 100vw, 1024px\" \/><\/figure>\n\n\n\n<p>Seri\u00e1l z\u00e1vod\u016f \u010cesk\u00e9ho poh\u00e1ru bude tvo\u0159it \u0161est z\u00e1vod\u016f. <em>\u201e\u0160koda Cup 2025 by si i letos m\u011bl dr\u017eet vysokou z\u00e1vodn\u00ed \u00farove\u0148 tak, jako tomu bylo v minul\u00fdch letech. Ji\u017e tradi\u010dn\u011b za\u010d\u00edn\u00e1me \u201eotv\u00edr\u00e1kem\u201c silni\u010dn\u00ed elitn\u00ed sezony, j\u00edm\u017e je z\u00e1vod Velk\u00e1 B\u00edte\u0161 \u2013 Brno \u2013 Velk\u00e1 B\u00edte\u0161. Z\u00e1v\u011br poh\u00e1ru by se pak m\u011bl s nejv\u011bt\u0161\u00ed pravd\u011bpodobnost\u00ed konat v Tisov\u00e9 u Vysok\u00e9ho M\u00fdta. Tam ale s po\u0159adatelem st\u00e1le jedn\u00e1me a z\u00e1v\u011bre\u010dn\u00fd z\u00e1vod \u0159e\u0161\u00edme. P\u016fvodn\u00ed fin\u00e1le poh\u00e1ru m\u011blo b\u00fdt stejn\u011b jako minul\u00fd rok v Hrabyni, tam se ale z\u00e1vody letos nakonec bohu\u017eel neuskute\u010dn\u00ed. Nov\u00fdm z\u00e1vodem pro tento rok&nbsp;je tak\u00e9 Road Stage Orlick\u00e9 hory, kter\u00fd za\u0161ti\u0165uje zku\u0161en\u00fd po\u0159adatel Ond\u0159ej Ryb\u00edn. M\u00e1 p\u0159ipravenou zaj\u00edmavou tra\u0165 a na tento z\u00e1vod se j\u00e1 osobn\u011b velmi t\u011b\u0161\u00edm,\u201c<\/em> uvedl <strong>Jakub Edr<\/strong>, p\u0159edseda silni\u010dn\u00ed komise \u010cSC.<\/p>\n\n\n\n<figure class=\"wp-block-image size-large\"><img loading=\"lazy\" decoding=\"async\" width=\"1024\" height=\"683\" src=\"https:\/\/www.czechcyclingfederation.com\/wp-content\/uploads\/2025\/03\/auto-csc-1024x683.jpg\" alt=\"\" class=\"wp-image-34610\" srcset=\"https:\/\/www.czechcyclingfederation.com\/wp-content\/uploads\/2025\/03\/auto-csc-1024x683.jpg 1024w, https:\/\/www.czechcyclingfederation.com\/wp-content\/uploads\/2025\/03\/auto-csc-300x200.jpg 300w, https:\/\/www.czechcyclingfederation.com\/wp-content\/uploads\/2025\/03\/auto-csc-768x512.jpg 768w, https:\/\/www.czechcyclingfederation.com\/wp-content\/uploads\/2025\/03\/auto-csc-1536x1024.jpg 1536w, https:\/\/www.czechcyclingfederation.com\/wp-content\/uploads\/2025\/03\/auto-csc-2048x1365.jpg 2048w, https:\/\/www.czechcyclingfederation.com\/wp-content\/uploads\/2025\/03\/auto-csc-1320x880.jpg 1320w\" sizes=\"auto, (max-width: 1024px) 100vw, 1024px\" \/><\/figure>\n\n\n\n<p><em>\u201eSmutnou zpr\u00e1vou v\u0161ak je, \u017ee se n\u00e1m nepoda\u0159ilo udr\u017eet tradici z\u00e1vodu Visegradsk\u00e9 4. Z d\u016fvodu nedostatku finan\u010dn\u00edch prost\u0159edk\u016f a kolize term\u00ednu s Moto GP se tak tento vlo\u017een\u00fd z\u00e1vod, kter\u00fd se stal za n\u011bkolik posledn\u00edch let tradic\u00ed i na\u0161eho n\u00e1rodn\u00edho poh\u00e1ru, letos konat nebude,\u201c <\/em>dodal Edr.<\/p>\n\n\n\n<p>Zm\u00edn\u011bnou novinkou v seri\u00e1lu \u0160koda Cup je z\u00e1vod Road Stage, kter\u00fd se jede 7. \u010dervna v malebn\u00e9m prost\u0159ed\u00ed Orlick\u00fdch hor, p\u0159i\u010dem\u017e start bude p\u0159\u00edmo v De\u0161tn\u00e9m. Z\u00e1vod m\u011b\u0159\u00ed 155 kilometr\u016f a bitva vyvrchol\u00ed vrcha\u0159sk\u00fdm c\u00edlem na ho\u0159e \u0160erlich. Krom\u011b elitn\u00edch cyklist\u016f bojuj\u00edc\u00edch v r\u00e1mci \u010cesk\u00e9ho poh\u00e1ru dostanou p\u0159\u00edle\u017eitost okusit trasu i amat\u00e9\u0159i, pro n\u011b\u017e je p\u0159ipravena nav\u00edc trasa dlouh\u00e1 77 kilometr\u016f.<br><br><em>\u201eCyklistick\u00fd z\u00e1vod Road Stage 2025 c\u00edl\u00ed na amat\u00e9rsk\u00e9 i profesion\u00e1ln\u00ed jezdce d\u00edky sv\u00e9mu jedine\u010dn\u00e9mu profilu a n\u00e1ro\u010dn\u00fdm v\u00fdzv\u00e1m, kter\u00e9 jsou z\u00e1rukou atraktivn\u00edho sportovn\u00edho z\u00e1\u017eitku. Cyklist\u00e9 mohou o\u010dek\u00e1vat nejen luxusn\u00ed v\u00fdhledy na Orlick\u00e9 hory, ale i technicky n\u00e1ro\u010dn\u00e9 \u00faseky, kter\u00e9 prov\u011b\u0159\u00ed jejich schopnosti a odhodl\u00e1n\u00ed. Tento z\u00e1vod je ide\u00e1ln\u00ed p\u0159\u00edle\u017eitost\u00ed pro v\u0161echny, kte\u0159\u00ed cht\u011bj\u00ed zm\u011b\u0159it sv\u00e9 s\u00edly s ostatn\u00edmi jezdci v horsk\u00e9m prost\u0159ed\u00ed,\u201c<\/em> \u0159\u00edk\u00e1 \u0159editel z\u00e1vodu Ond\u0159ej Ryb\u00edn.<br><br><strong>Program seri\u00e1lu \u0160koda Cup 2025<br><\/strong><br><strong>30. b\u0159ezna:<\/strong> Velk\u00e1 B\u00edte\u0161-Brno-Velk\u00e1 B\u00edte\u0161, <strong>26. dubna<\/strong>: Peklo severu 1 (Kr\u00e1sn\u00e1 L\u00edpa), <strong>27. dubna:<\/strong> Peklo severu 2 (\u010cesk\u00e1 Kamenice), <strong>18. kv\u011btna:<\/strong> Kyjovsk\u00e9 Slov\u00e1cko (Kyjov), <strong>7. \u010dervna:<\/strong> Road Stage Orlick\u00e9 Hory, <strong>13. z\u00e1\u0159\u00ed:<\/strong> bude up\u0159esn\u011bno.<\/p>\n\n\n\n<p class=\"has-medium-font-size\"><\/p>\n\n\n\n<figure class=\"wp-block-image size-large\"><img loading=\"lazy\" decoding=\"async\" width=\"1024\" height=\"682\" src=\"https:\/\/www.czechcyclingfederation.com\/wp-content\/uploads\/2025\/03\/zavodnici-pohar-1-1024x682.jpg\" alt=\"\" class=\"wp-image-34624\" srcset=\"https:\/\/www.czechcyclingfederation.com\/wp-content\/uploads\/2025\/03\/zavodnici-pohar-1-1024x682.jpg 1024w, https:\/\/www.czechcyclingfederation.com\/wp-content\/uploads\/2025\/03\/zavodnici-pohar-1-300x200.jpg 300w, https:\/\/www.czechcyclingfederation.com\/wp-content\/uploads\/2025\/03\/zavodnici-pohar-1-768x511.jpg 768w, https:\/\/www.czechcyclingfederation.com\/wp-content\/uploads\/2025\/03\/zavodnici-pohar-1-1536x1022.jpg 1536w, https:\/\/www.czechcyclingfederation.com\/wp-content\/uploads\/2025\/03\/zavodnici-pohar-1-2048x1363.jpg 2048w, https:\/\/www.czechcyclingfederation.com\/wp-content\/uploads\/2025\/03\/zavodnici-pohar-1-1320x879.jpg 1320w\" sizes=\"auto, (max-width: 1024px) 100vw, 1024px\" \/><\/figure>\n\n\n\n<p>Foto: Jan Brychta<\/p>\n","protected":false},"excerpt":{"rendered":"<p>Nov\u00fd podnik Road Stage, kter\u00fd se uskute\u010dn\u00ed v Orlick\u00fdch hor\u00e1ch v \u00favodu \u010dervna, oko\u0159en\u00ed \u0160koda Cup 2025. \u010cesk\u00fd poh\u00e1r v silni\u010dn\u00ed cyklistice vypsan\u00fd pro mu\u017ee kategorie Elite a U23 odstartuje tradi\u010dn\u011b posledn\u00ed b\u0159eznovou ned\u011bli klasick\u00fdm dom\u00e1c\u00edm otv\u00edr\u00e1kem Velk\u00e1 B\u00edte\u0161-Brno-Velk\u00e1 B\u00edte\u0161. Dev\u011bta\u010dty\u0159ic\u00e1t\u00fd ro\u010dn\u00edk tuzemsk\u00e9 \u201eprimavery\u201c se startem na Masarykov\u011b n\u00e1m\u011bst\u00ed ve Velk\u00e9 B\u00edte\u0161i v prav\u00e9 poledne [&hellip;]<\/p>\n","protected":false},"author":30,"featured_media":34603,"comment_status":"closed","ping_status":"open","sticky":false,"template":"","format":"standard","meta":{"footnotes":""},"categories":[2,18],"tags":[11],"class_list":["post-34601","post","type-post","status-publish","format-standard","has-post-thumbnail","hentry","category-novinky","category-silnice","tag-silnice"],"_links":{"self":[{"href":"https:\/\/www.czechcyclingfederation.com\/en\/wp-json\/wp\/v2\/posts\/34601","targetHints":{"allow":["GET"]}}],"collection":[{"href":"https:\/\/www.czechcyclingfederation.com\/en\/wp-json\/wp\/v2\/posts"}],"about":[{"href":"https:\/\/www.czechcyclingfederation.com\/en\/wp-json\/wp\/v2\/types\/post"}],"author":[{"embeddable":true,"href":"https:\/\/www.czechcyclingfederation.com\/en\/wp-json\/wp\/v2\/users\/30"}],"replies":[{"embeddable":true,"href":"https:\/\/www.czechcyclingfederation.com\/en\/wp-json\/wp\/v2\/comments?post=34601"}],"version-history":[{"count":10,"href":"https:\/\/www.czechcyclingfederation.com\/en\/wp-json\/wp\/v2\/posts\/34601\/revisions"}],"predecessor-version":[{"id":34649,"href":"https:\/\/www.czechcyclingfederation.com\/en\/wp-json\/wp\/v2\/posts\/34601\/revisions\/34649"}],"wp:featuredmedia":[{"embeddable":true,"href":"https:\/\/www.czechcyclingfederation.com\/en\/wp-json\/wp\/v2\/media\/34603"}],"wp:attachment":[{"href":"https:\/\/www.czechcyclingfederation.com\/en\/wp-json\/wp\/v2\/media?parent=34601"}],"wp:term":[{"taxonomy":"category","embeddable":true,"href":"https:\/\/www.czechcyclingfederation.com\/en\/wp-json\/wp\/v2\/categories?post=34601"},{"taxonomy":"post_tag","embeddable":true,"href":"https:\/\/www.czechcyclingfederation.com\/en\/wp-json\/wp\/v2\/tags?post=34601"}],"curies":[{"name":"wp","href":"https:\/\/api.w.org\/{rel}","templated":true}]}}