{"id":34565,"date":"2025-03-24T06:39:38","date_gmt":"2025-03-24T05:39:38","guid":{"rendered":"https:\/\/www.czechcyclingfederation.com\/?p=34565"},"modified":"2025-03-24T06:39:41","modified_gmt":"2025-03-24T05:39:41","slug":"silnicni-reprezentaci-ceka-nabity-rok-vcetne-ms-v-africe","status":"publish","type":"post","link":"https:\/\/www.czechcyclingfederation.com\/en\/silnicni-reprezentaci-ceka-nabity-rok-vcetne-ms-v-africe\/","title":{"rendered":"Silni\u010dn\u00ed reprezentaci \u010dek\u00e1 nabit\u00fd rok. V\u010detn\u011b MS v\u00a0Africe"},"content":{"rendered":"\n<p>Hodn\u011b nabit\u00e1 sezona s&nbsp;vrcholem na mistrovstv\u00ed sv\u011bta v&nbsp;exotick\u00e9 Rwand\u011b \u010dek\u00e1 letos \u010deskou reprezentaci v&nbsp;silni\u010dn\u00ed cyklistice. Mana\u017eer reprezentace Petr Kaltofen u\u017e se v\u0161emi adepty reprezenta\u010dn\u00edho dresu komunikuje a pomalu si skl\u00e1d\u00e1 mozaiku z\u00e1vodn\u00edk\u016f, kte\u0159\u00ed na nejv\u011bt\u0161\u00ed akce p\u0159ich\u00e1zej\u00ed do \u00favahy.<\/p>\n\n\n\n<p><em>\u201eV podstat\u011b se v\u0161emi kl\u00ed\u010dov\u00fdmi z\u00e1vodn\u00edky u\u017e jsem na t\u00e9ma nejv\u011bt\u0161\u00edch reprezenta\u010dn\u00edch akc\u00ed hovo\u0159il. U mu\u017e\u016f jde jen o mistrovstv\u00ed sv\u011bta a Evropy, u t\u0159iadvac\u00edtky je\u0161t\u011b o Sv\u011btov\u00e9 poh\u00e1ry v\u010detn\u011b vrchol\u016f v&nbsp;podob\u011b Z\u00e1vodu m\u00edru U23 a Tour de l\u00b4Avenir,\u201c<\/em> prozrazuje Kaltofen.<\/p>\n\n\n\n<p>K&nbsp;ruce mu budou Ji\u0159\u00ed Petru\u0161, kter\u00fd bude na reprezenta\u010dn\u00ed akce jezdit s juniory, v\u00fdjezdy juniorek bude zabezpe\u010dovat Vojt\u011bch \u0158epa.<\/p>\n\n\n\n<p>Mistrovstv\u00ed sv\u011bta se letos bude konat poprv\u00e9 v&nbsp;historii na africk\u00e9m kontinentu, konkr\u00e9tn\u011b ve Rwand\u011b. St\u00e1le to vzbuzuje \u0159adu rozpak\u016f, p\u0159esto\u017ee je tento africk\u00fd st\u00e1t u\u017e d\u00e1vno bezpe\u010dnou zem\u00ed a kon\u00e1 se tam mj. etapov\u00fd z\u00e1vod Tour of Rwanda, kter\u00e9ho se pravideln\u011b z\u00fa\u010dast\u0148uj\u00ed i t\u00fdmy z&nbsp;Evropy. Letos se jel u\u017e jeho 17. ro\u010dn\u00edk.<\/p>\n\n\n\n<figure class=\"wp-block-image size-large\"><img loading=\"lazy\" decoding=\"async\" width=\"1024\" height=\"683\" src=\"https:\/\/www.czechcyclingfederation.com\/wp-content\/uploads\/2025\/03\/kaltofen-2-1024x683.jpg\" alt=\"\" class=\"wp-image-34569\" srcset=\"https:\/\/www.czechcyclingfederation.com\/wp-content\/uploads\/2025\/03\/kaltofen-2-1024x683.jpg 1024w, https:\/\/www.czechcyclingfederation.com\/wp-content\/uploads\/2025\/03\/kaltofen-2-300x200.jpg 300w, https:\/\/www.czechcyclingfederation.com\/wp-content\/uploads\/2025\/03\/kaltofen-2-768x512.jpg 768w, https:\/\/www.czechcyclingfederation.com\/wp-content\/uploads\/2025\/03\/kaltofen-2-1536x1024.jpg 1536w, https:\/\/www.czechcyclingfederation.com\/wp-content\/uploads\/2025\/03\/kaltofen-2-2048x1365.jpg 2048w, https:\/\/www.czechcyclingfederation.com\/wp-content\/uploads\/2025\/03\/kaltofen-2-1320x880.jpg 1320w\" sizes=\"auto, (max-width: 1024px) 100vw, 1024px\" \/><\/figure>\n\n\n\n<p><em>\u201ePo\u0159\u00e1d kolem toho jsou n\u011bjak\u00e9 otazn\u00edky, ale my zat\u00edm pracuje s&nbsp;t\u00edm, \u017ee se tam mistrovstv\u00ed sv\u011bta pojede. Z&nbsp;bezpe\u010dnosti obavy nem\u00e1m, Rwanda je nyn\u00ed pova\u017eov\u00e1na za \u0160v\u00fdcarsko Afriky. Je to relativn\u011b bezpe\u010dn\u00fd a bohat\u00fd st\u00e1t, ale pro na\u0161i kulturu a mentalitu jde o n\u011bco \u00fapln\u011b jin\u00e9ho. Nechceme nic podcenit a ponechat n\u00e1hod\u011b, tak\u017ee jsme u\u017e na m\u00edst\u011b m\u011bli \u010dlov\u011bka a m\u00e1me zamluven\u00fd i hotel,\u201c<\/em> \u0159\u00edk\u00e1 Kaltofen.<\/p>\n\n\n\n<p>Sv\u011btov\u00fd \u0161ampion\u00e1t se uskute\u010dn\u00ed na konci z\u00e1\u0159\u00ed a netradi\u010dn\u011b a\u017e po n\u011bm prob\u011bhne mistrovstv\u00ed Evropy ve Francii, kter\u00e9 na MS prakticky navazuje.<\/p>\n\n\n\n<p><em>\u201eCo se t\u00fd\u010de elity, na Evropu bychom m\u011bli m\u00edt pro silni\u010dn\u00ed z\u00e1vod maxim\u00e1ln\u00ed po\u010det \u0161esti lid\u00ed, na sv\u011bt se ty kv\u00f3ty budou uzav\u00edrat a\u017e v&nbsp;srpnu. Rwanda bude hodn\u011b t\u011b\u017ek\u00e1, za z\u00e1vod mu\u017e\u016f se nastoup\u00e1 5000 metr\u016f. Proto by se tam m\u011bli uk\u00e1zat hlavn\u011b kluci jako Hirt nebo Vacek. S&nbsp;ob\u011bma jsem mluvil, Vacek chce jet sv\u011bt i Evropu, ot\u00e1zkou je, jestli by ve Rwand\u011b t\u0159eba nejel jen \u010dasovku. Hirt je\u0161t\u011b \u00fa\u010dast stoprocentn\u011b nepotvrdil ani nevylou\u010dil, chce si nechat n\u011bjak\u00fd prostor, jak se bude c\u00edtit v&nbsp;sezon\u011b, jak\u00e9 bude m\u00edt povinnosti v&nbsp;t\u00fdmu. Oba by m\u011bli jet se sv\u00fdmi t\u00fdmy Giro, d\u00e1l se uvid\u00ed,\u201c<\/em> \u0159\u00edk\u00e1 mana\u017eer reprezentace.<\/p>\n\n\n\n<figure class=\"wp-block-image size-large\"><img loading=\"lazy\" decoding=\"async\" width=\"1024\" height=\"683\" src=\"http:\/\/www.czechcyclingfederation.com\/wp-content\/uploads\/2025\/03\/kaltofen-1024x683.jpg\" alt=\"\" class=\"wp-image-34538\" srcset=\"https:\/\/www.czechcyclingfederation.com\/wp-content\/uploads\/2025\/03\/kaltofen-1024x683.jpg 1024w, https:\/\/www.czechcyclingfederation.com\/wp-content\/uploads\/2025\/03\/kaltofen-300x200.jpg 300w, https:\/\/www.czechcyclingfederation.com\/wp-content\/uploads\/2025\/03\/kaltofen-768x512.jpg 768w, https:\/\/www.czechcyclingfederation.com\/wp-content\/uploads\/2025\/03\/kaltofen-1536x1024.jpg 1536w, https:\/\/www.czechcyclingfederation.com\/wp-content\/uploads\/2025\/03\/kaltofen-2048x1365.jpg 2048w, https:\/\/www.czechcyclingfederation.com\/wp-content\/uploads\/2025\/03\/kaltofen-1320x880.jpg 1320w\" sizes=\"auto, (max-width: 1024px) 100vw, 1024px\" \/><\/figure>\n\n\n\n<p><em>\u201eEvropa by m\u011bla b\u00fdt sp\u00ed\u0161 pro klasik\u00e1\u0159e, tam u\u017e mi p\u0159isl\u00edbil \u00fa\u010dast Pavel Bittner, kter\u00fd by m\u011bl b\u00fdt jedn\u00edm z&nbsp;l\u00eddr\u016f. A v&nbsp;hlav\u011b m\u00e1m v&nbsp;tuto chv\u00edli l n\u011bmu lidi jako Adam \u0164oupal\u00edk, brat\u0159i Kope\u010dt\u00ed, Petr Kelemen a samoz\u0159ejm\u011b Mathias Vacek, pokud pojede. Ale bude z\u00e1le\u017eet na aktu\u00e1ln\u00ed form\u011b a rozpolo\u017een\u00ed kluk\u016f,\u201c<\/em> vysv\u011btluje Kaltofen.<\/p>\n\n\n\n<p>S\u00e1m p\u016fsob\u00ed je\u0161t\u011b v&nbsp;roli hlavn\u00edho sportovn\u00edho \u0159editele v&nbsp;t\u00fdmu Elkov Kasper, ale probl\u00e9m v&nbsp;tom nevid\u00ed. <em>\u201eSp\u00ed\u0161 je v\u00fdhoda, \u017ee jezd\u00edm po v\u011bt\u0161in\u011b z\u00e1vod\u016f a \u0159adu lid\u00ed nap\u0159\u00ed\u010d kategoriemi, hlavn\u011b juniory a U23, vid\u00edm \u010dasto v&nbsp;akci. M\u00e1m dobr\u00e9 spolupracovn\u00edky a moje role u reprezentace je hlavn\u011b mana\u017eersk\u00e1 ne\u017e tren\u00e9rsk\u00e1. Je to v&nbsp;prvn\u00ed \u0159ad\u011b o organizaci v\u00fdjezd\u016f, komunikaci se z\u00e1vodn\u00edky, pl\u00e1nov\u00e1n\u00ed a pak i o nominac\u00edch t\u011bch nejlep\u0161\u00edch na reprezenta\u010dn\u00ed akce, kter\u00e9 d\u011bl\u00e1me ve spolupr\u00e1ci se silni\u010dn\u00ed komis\u00ed svazu,\u201c<\/em> dod\u00e1v\u00e1 mana\u017eer silni\u010dn\u00ed reprezentace.<\/p>\n\n\n\n<p class=\"has-medium-font-size\"><strong>Reprezenta\u010dn\u00ed akce 2025:<\/strong><\/p>\n\n\n\n<p><strong>MS Rwanda<\/strong>, 21. \u2013 28. 9. (v\u0161echny kategorie)<\/p>\n\n\n\n<p><strong>ME Francie<\/strong>, 1. \u2013 5. 10. (v\u0161echny kategorie)<\/p>\n\n\n\n<p><strong>Mu\u017ei U23<\/strong>, 14. \u2013 17. 5.: Orlen Nations Grand Prix (Pol.), 29. 5. \u2013 1. 6.: Z\u00e1vod m\u00edru U23 (\u010cR), 17. 8. \u2013 24. 8.: Tour de l\u00b4Avenir (Fr.).<\/p>\n\n\n\n<p><strong>Junio\u0159i,<\/strong> 8. \u2013 11. 5.: Z\u00e1vod m\u00edru junior\u016f (\u010cR), 22. \u2013 25. 5.: Tour du Pays de Vaud (\u0160v\u00fdc.), 19. \u2013 22. 6.: LVM Saarland Trofeo (N\u011bm.), 18. \u2013 20. 7.: Medzin\u00e1rodn\u00e9 dni cyklistiky (SR), 14. \u2013 15. 8.: Nation\u00b4s Cup Hungary (Ma\u010f.), 4. \u2013 7. 9.: Giro Della Lunigiana (It.).<\/p>\n\n\n\n<p><strong>\u017deny\/juniorky, <\/strong>15. \u2013 18. 5.: Tour de Feminin (\u010cR)<\/p>\n\n\n\n<p><strong>\u017deny U23<\/strong>, 17. \u2013 22. 8.: Tour de l&#8217;Avenir Femmes (Fr.)<\/p>\n\n\n\n<p><strong>Junioky:<\/strong> 25. \u2013 27. 7.: Watersley Ladies Challenge (Niz.)<\/p>\n\n\n\n<p>Foto: Filip Bezd\u011bk<\/p>\n","protected":false},"excerpt":{"rendered":"<p>Hodn\u011b nabit\u00e1 sezona s&nbsp;vrcholem na mistrovstv\u00ed sv\u011bta v&nbsp;exotick\u00e9 Rwand\u011b \u010dek\u00e1 letos \u010deskou reprezentaci v&nbsp;silni\u010dn\u00ed cyklistice. Mana\u017eer reprezentace Petr Kaltofen u\u017e se v\u0161emi adepty reprezenta\u010dn\u00edho dresu komunikuje a pomalu si skl\u00e1d\u00e1 mozaiku z\u00e1vodn\u00edk\u016f, kte\u0159\u00ed na nejv\u011bt\u0161\u00ed akce p\u0159ich\u00e1zej\u00ed do \u00favahy. \u201eV podstat\u011b se v\u0161emi kl\u00ed\u010dov\u00fdmi z\u00e1vodn\u00edky u\u017e jsem na t\u00e9ma nejv\u011bt\u0161\u00edch reprezenta\u010dn\u00edch akc\u00ed hovo\u0159il. U mu\u017e\u016f [&hellip;]<\/p>\n","protected":false},"author":15,"featured_media":34567,"comment_status":"closed","ping_status":"open","sticky":false,"template":"","format":"standard","meta":{"footnotes":""},"categories":[2,18],"tags":[11],"class_list":["post-34565","post","type-post","status-publish","format-standard","has-post-thumbnail","hentry","category-novinky","category-silnice","tag-silnice"],"_links":{"self":[{"href":"https:\/\/www.czechcyclingfederation.com\/en\/wp-json\/wp\/v2\/posts\/34565","targetHints":{"allow":["GET"]}}],"collection":[{"href":"https:\/\/www.czechcyclingfederation.com\/en\/wp-json\/wp\/v2\/posts"}],"about":[{"href":"https:\/\/www.czechcyclingfederation.com\/en\/wp-json\/wp\/v2\/types\/post"}],"author":[{"embeddable":true,"href":"https:\/\/www.czechcyclingfederation.com\/en\/wp-json\/wp\/v2\/users\/15"}],"replies":[{"embeddable":true,"href":"https:\/\/www.czechcyclingfederation.com\/en\/wp-json\/wp\/v2\/comments?post=34565"}],"version-history":[{"count":3,"href":"https:\/\/www.czechcyclingfederation.com\/en\/wp-json\/wp\/v2\/posts\/34565\/revisions"}],"predecessor-version":[{"id":34572,"href":"https:\/\/www.czechcyclingfederation.com\/en\/wp-json\/wp\/v2\/posts\/34565\/revisions\/34572"}],"wp:featuredmedia":[{"embeddable":true,"href":"https:\/\/www.czechcyclingfederation.com\/en\/wp-json\/wp\/v2\/media\/34567"}],"wp:attachment":[{"href":"https:\/\/www.czechcyclingfederation.com\/en\/wp-json\/wp\/v2\/media?parent=34565"}],"wp:term":[{"taxonomy":"category","embeddable":true,"href":"https:\/\/www.czechcyclingfederation.com\/en\/wp-json\/wp\/v2\/categories?post=34565"},{"taxonomy":"post_tag","embeddable":true,"href":"https:\/\/www.czechcyclingfederation.com\/en\/wp-json\/wp\/v2\/tags?post=34565"}],"curies":[{"name":"wp","href":"https:\/\/api.w.org\/{rel}","templated":true}]}}