{"id":34551,"date":"2025-03-21T09:43:19","date_gmt":"2025-03-21T08:43:19","guid":{"rendered":"https:\/\/www.czechcyclingfederation.com\/?p=34551"},"modified":"2025-03-21T09:58:15","modified_gmt":"2025-03-21T08:58:15","slug":"tour-de-feminin-29-tymu-z-13-zemi","status":"publish","type":"post","link":"https:\/\/www.czechcyclingfederation.com\/en\/tour-de-feminin-29-tymu-z-13-zemi\/","title":{"rendered":"Tour de Feminin: 29 t\u00fdm\u016f z 13 zem\u00ed"},"content":{"rendered":"\n<p><strong>Mimo\u0159\u00e1dn\u011b pestr\u00e1 je startovn\u00ed listina etapov\u00e9ho z\u00e1vodu Tour de Feminin, kter\u00fd se uskute\u010dn\u00ed na severu \u010cech od 15. do 18. kv\u011btna. Celkem se na start postav\u00ed dev\u011btadvacet t\u00fdm\u016f z t\u0159in\u00e1cti zem\u00ed, p\u0159i\u010dem\u017e mezi vybran\u00fdmi figuruj\u00ed t\u0159i dom\u00e1c\u00ed sestavy. Dvan\u00e1ct vybran\u00fdch pat\u0159\u00ed do kategorie UCI Continental. Nechyb\u00ed ani \u010dty\u0159i n\u00e1rodn\u00ed v\u00fdb\u011bry, v\u010detn\u011b \u010desk\u00e9ho.<\/strong><\/p>\n\n\n\n<p>Zastoupen\u00ed tuzemsk\u00fdch t\u00fdm\u016f bude letos v\u00fdrazn\u011b posiln\u011bno, proto\u017ee krom\u011b n\u00e1rodn\u00ed sestavy se vrac\u00ed tak\u00e9 pra\u017esk\u00e1 Dukla, kter\u00e1 m\u00e1 ve sv\u00e9m st\u0159edu \u00fa\u0159aduj\u00edc\u00ed \u010deskou mistryni v silni\u010dn\u00edm z\u00e1vod\u011b Barboru N\u011bmcovou, a zbrusu nov\u00fd t\u00fdm VIF Cycling, kde p\u016fsob\u00ed cyklokrosov\u00e1 mistryn\u011b Krist\u00fdna Zemanov\u00e1 a talentovan\u00e9 \u010desk\u00e9 cyklistky \u0160t\u011bp\u00e1nka Dubcov\u00e1 a Eli\u0161ka Kvasni\u010dkov\u00e1 (3. celkov\u011b v roce 2023).<\/p>\n\n\n\n<p>Tour de Feminin se letos kon\u00e1 od 15. do 18. kv\u011btna a v jarn\u00edm term\u00ednu je o z\u00e1vod\u011bn\u00ed mimo\u0159\u00e1dn\u00fd z\u00e1jem. Zahrani\u010dn\u00ed t\u00fdmy se na sever \u010cech r\u00e1dy vrac\u00ed, proto\u017ee maj\u00ed v\u00fdborn\u00e9 zku\u0161enosti se zabezpe\u010den\u00edm trati, atraktivitou etap a kvalitou startovn\u00edho pole. \u010cty\u0159i z\u00e1vodn\u00ed dny v kr\u00e1sn\u00e9m prost\u0159ed\u00ed \u010cesk\u00e9ho \u0160v\u00fdcarska, \u0160luknovsk\u00e9 pahorkatiny a Lu\u017eick\u00fdch hor jsou velkou motivac\u00ed pro celky z r\u016fzn\u00fdch kout\u016f sv\u011bta. Na \u010dekac\u00ed listin\u011b je st\u00e1le jeden\u00e1ct formac\u00ed, kter\u00e9 doufaj\u00ed, \u017ee na n\u011b p\u0159ijde \u0159ada v p\u0159\u00edpad\u011b odm\u00edtnut\u00ed n\u011bkter\u00e9ho z vybran\u00fdch celk\u016f.<\/p>\n\n\n\n<figure class=\"wp-block-image size-large\"><img loading=\"lazy\" decoding=\"async\" width=\"1024\" height=\"683\" src=\"http:\/\/www.czechcyclingfederation.com\/wp-content\/uploads\/2023\/05\/Kvasnickova-a-Kopecky-1024x683.jpg\" alt=\"\" class=\"wp-image-25298\" srcset=\"https:\/\/www.czechcyclingfederation.com\/wp-content\/uploads\/2023\/05\/Kvasnickova-a-Kopecky-1024x683.jpg 1024w, https:\/\/www.czechcyclingfederation.com\/wp-content\/uploads\/2023\/05\/Kvasnickova-a-Kopecky-300x200.jpg 300w, https:\/\/www.czechcyclingfederation.com\/wp-content\/uploads\/2023\/05\/Kvasnickova-a-Kopecky-768x512.jpg 768w, https:\/\/www.czechcyclingfederation.com\/wp-content\/uploads\/2023\/05\/Kvasnickova-a-Kopecky-1536x1024.jpg 1536w, https:\/\/www.czechcyclingfederation.com\/wp-content\/uploads\/2023\/05\/Kvasnickova-a-Kopecky-2048x1365.jpg 2048w, https:\/\/www.czechcyclingfederation.com\/wp-content\/uploads\/2023\/05\/Kvasnickova-a-Kopecky-1320x880.jpg 1320w\" sizes=\"auto, (max-width: 1024px) 100vw, 1024px\" \/><\/figure>\n\n\n\n<p>Pro mlad\u00e9 a talentovan\u00e9 cyklistky je Tour de Feminin p\u0159\u00edle\u017eitost\u00ed na sebe upozornit, jako se to poda\u0159ilo prvn\u00edm dv\u011bma z\u00e1vodnic\u00edm lo\u0148sk\u00e9ho ro\u010dn\u00edku. V\u00edt\u011bzka Julia Kopeck\u00fd od leto\u0161n\u00edho roku jezd\u00ed za World Team SD Worx ProTime a druh\u00e1 Femke de Vriesov\u00e1 tak\u00e9 p\u016fsob\u00ed v nejvy\u0161\u0161\u00ed lize, v t\u00fdmu Visma-Lease a Bike.<\/p>\n\n\n\n<p>Na start Tour de Feminin se vr\u00e1t\u00ed v\u017edy siln\u00fd polsk\u00fd t\u00fdm MAT Atom Deweloper, v\u010detn\u011b v\u00edt\u011bzky etapy z roku 2023 Malwiny Mul, n\u011bmeck\u00fd klub Wheel Divas se zku\u0161enou Corinnou Lechnerovou (v\u00edt\u011bzka etapy v roce 2021) a mezi favoritky celkov\u00e9ho po\u0159ad\u00ed bude pat\u0159it Karoline Goldschmidtov\u00e1 z kontinent\u00e1ln\u00edho t\u00fdmu LKT, \u010dtvrt\u00e1 nejlep\u0161\u00ed z\u00e1vodnice lo\u0148sk\u00e9ho po\u0159ad\u00ed.<\/p>\n\n\n\n<p>Krom\u011b \u010desk\u00e9ho n\u00e1rodn\u00edho t\u00fdmu nastoup\u00ed do z\u00e1vodu od 15. do 18. kv\u011btna tak\u00e9 v\u00fdb\u011bry ze Slovinska, Rakouska a mimo\u0159\u00e1dn\u011b siln\u00e9 Belgie. Dal\u0161\u00ed dva n\u00e1rodn\u00ed t\u00fdmy jsou na \u010dekac\u00ed listin\u011b Tour de Feminin. V potvrzen\u00e9 startovn\u00ed listin\u011b je nejv\u00edce nizozemsk\u00fdch t\u00fdm\u016f. Z ba\u0161ty \u017eensk\u00e9 silni\u010dn\u00ed cyklistiky p\u0159ijede \u0161est celk\u016f. \u010cty\u0159i sestavy jsou z Velk\u00e9 Brit\u00e1nie a Belgie, t\u0159i z N\u011bmecka. Severo\u010desk\u00e9 silnice si vyzkou\u0161\u00ed i mexick\u00fd t\u00fdm, korejsk\u00fd a dokonce novoz\u00e9landsk\u00fd.<\/p>\n","protected":false},"excerpt":{"rendered":"<p>Mimo\u0159\u00e1dn\u011b pestr\u00e1 je startovn\u00ed listina etapov\u00e9ho z\u00e1vodu Tour de Feminin, kter\u00fd se uskute\u010dn\u00ed na severu \u010cech od 15. do 18. kv\u011btna. Celkem se na start postav\u00ed dev\u011btadvacet t\u00fdm\u016f z t\u0159in\u00e1cti zem\u00ed, p\u0159i\u010dem\u017e mezi vybran\u00fdmi figuruj\u00ed t\u0159i dom\u00e1c\u00ed sestavy. Dvan\u00e1ct vybran\u00fdch pat\u0159\u00ed do kategorie UCI Continental. Nechyb\u00ed ani \u010dty\u0159i n\u00e1rodn\u00ed v\u00fdb\u011bry, v\u010detn\u011b \u010desk\u00e9ho. Zastoupen\u00ed tuzemsk\u00fdch t\u00fdm\u016f [&hellip;]<\/p>\n","protected":false},"author":30,"featured_media":29958,"comment_status":"closed","ping_status":"open","sticky":false,"template":"","format":"standard","meta":{"footnotes":""},"categories":[2,18],"tags":[11],"class_list":["post-34551","post","type-post","status-publish","format-standard","has-post-thumbnail","hentry","category-novinky","category-silnice","tag-silnice"],"_links":{"self":[{"href":"https:\/\/www.czechcyclingfederation.com\/en\/wp-json\/wp\/v2\/posts\/34551","targetHints":{"allow":["GET"]}}],"collection":[{"href":"https:\/\/www.czechcyclingfederation.com\/en\/wp-json\/wp\/v2\/posts"}],"about":[{"href":"https:\/\/www.czechcyclingfederation.com\/en\/wp-json\/wp\/v2\/types\/post"}],"author":[{"embeddable":true,"href":"https:\/\/www.czechcyclingfederation.com\/en\/wp-json\/wp\/v2\/users\/30"}],"replies":[{"embeddable":true,"href":"https:\/\/www.czechcyclingfederation.com\/en\/wp-json\/wp\/v2\/comments?post=34551"}],"version-history":[{"count":2,"href":"https:\/\/www.czechcyclingfederation.com\/en\/wp-json\/wp\/v2\/posts\/34551\/revisions"}],"predecessor-version":[{"id":34554,"href":"https:\/\/www.czechcyclingfederation.com\/en\/wp-json\/wp\/v2\/posts\/34551\/revisions\/34554"}],"wp:featuredmedia":[{"embeddable":true,"href":"https:\/\/www.czechcyclingfederation.com\/en\/wp-json\/wp\/v2\/media\/29958"}],"wp:attachment":[{"href":"https:\/\/www.czechcyclingfederation.com\/en\/wp-json\/wp\/v2\/media?parent=34551"}],"wp:term":[{"taxonomy":"category","embeddable":true,"href":"https:\/\/www.czechcyclingfederation.com\/en\/wp-json\/wp\/v2\/categories?post=34551"},{"taxonomy":"post_tag","embeddable":true,"href":"https:\/\/www.czechcyclingfederation.com\/en\/wp-json\/wp\/v2\/tags?post=34551"}],"curies":[{"name":"wp","href":"https:\/\/api.w.org\/{rel}","templated":true}]}}