{"id":34528,"date":"2025-03-18T19:10:49","date_gmt":"2025-03-18T18:10:49","guid":{"rendered":"https:\/\/www.czechcyclingfederation.com\/?p=34528"},"modified":"2025-03-18T19:10:52","modified_gmt":"2025-03-18T18:10:52","slug":"stosek-slavil-na-cape-epic-vitezstvi-v-casovce","status":"publish","type":"post","link":"https:\/\/www.czechcyclingfederation.com\/en\/stosek-slavil-na-cape-epic-vitezstvi-v-casovce\/","title":{"rendered":"Sto\u0161ek slavil na Cape Epic v\u00edt\u011bzstv\u00ed v\u00a0\u010dasovce"},"content":{"rendered":"\n<p>\u010cesko-belgick\u00e1 dvojice <strong>Martin Sto\u0161ek<\/strong>, <strong>Wout Alleman<\/strong> (Buff Megamo) se po dvou nevyda\u0159en\u00fdch dnech do\u010dkala na etapov\u00e9m z\u00e1vod\u011b horsk\u00fdch kol Cape Epic v&nbsp;Jihoafrick\u00e9 republice satisfakce, kdy\u017e vyhr\u00e1la \u010dasovku na 66 km s&nbsp;p\u0159ev\u00fd\u0161en\u00edm 950 m.<\/p>\n\n\n\n<p>\u010ce\u0161t\u00ed bike\u0159i se bl\u00fdskli hned dv\u011bma triumfy. Sto\u0161ek a Alleman zv\u00edt\u011bzili absolutn\u011b, <strong>Pavel Gonda<\/strong> se \u0160v\u00fdcarem Tobiasem L\u00fcthim zajeli nejrychlej\u0161\u00ed \u010das v kategorii Masters. Bronz p\u0159idaly i <strong>Kl\u00e1ra Vit\u00e1skov\u00e1 a Hanka Uhl\u00edkov\u00e1 <\/strong>mezi \u017eenami.<\/p>\n\n\n\n<p>\u010casovka nen\u00ed v programu Cape Epic ka\u017edoro\u010dn\u011b, naposledy se jela p\u0159ed dv\u011bma lety. Ta leto\u0161n\u00ed v\u0161ak byla nejdel\u0161\u00ed v historii z\u00e1vodu.<\/p>\n\n\n\n<p><em>\u201eTu\u0161il jsem, \u017ee to je rychl\u00e9, ale myslel jsem si, \u017ee n\u00e1s n\u011bkter\u00fd z t\u00fdm\u016f za n\u00e1mi p\u0159esko\u010d\u00ed. Ned\u011blal jsem si velk\u00e9 nad\u011bje. Je t\u011b\u017ek\u00e9 si v\u011b\u0159it po dvou \u0161patn\u00fdch dnech,\u201c<\/em> \u0159\u00edkal v c\u00edli Sto\u0161ek pro mtbs.cz.<\/p>\n\n\n\n<p><em>\u201eJeli jsme dobr\u00e9 tempo od za\u010d\u00e1tku, ale j\u00e1 si celou dobu myslel, \u017ee nejsem schopen to udr\u017eet, proto\u017ee jsem trp\u011bl. Po hodin\u011b jsem toho m\u011bl dost. Wout do toho hodn\u011b tla\u010dil, ale j\u00e1 se sna\u017eil st\u0159\u00eddat. Jel tak dob\u0159e, a\u017e jsem m\u011bl pocit, \u017ee ho brzd\u00edm a \u017ee ten \u010das nebude dobr\u00fd. Po\u0159\u00e1d n\u00e1m hl\u00e1sili, \u017ee jsme na tom dob\u0159e, ale nev\u011bd\u011bl jsem, jestli po\u010d\u00edtali v\u0161echny. Nakonec to dopadlo v\u00fdborn\u011b,\u201c<\/em> p\u0159iznal \u010desk\u00fd reprezentant.<\/p>\n\n\n\n<figure class=\"wp-block-image size-large\"><img loading=\"lazy\" decoding=\"async\" width=\"1024\" height=\"683\" src=\"https:\/\/www.czechcyclingfederation.com\/wp-content\/uploads\/2025\/03\/stosek-2-1024x683.jpg\" alt=\"\" class=\"wp-image-34531\" srcset=\"https:\/\/www.czechcyclingfederation.com\/wp-content\/uploads\/2025\/03\/stosek-2-1024x683.jpg 1024w, https:\/\/www.czechcyclingfederation.com\/wp-content\/uploads\/2025\/03\/stosek-2-300x200.jpg 300w, https:\/\/www.czechcyclingfederation.com\/wp-content\/uploads\/2025\/03\/stosek-2-768x512.jpg 768w, https:\/\/www.czechcyclingfederation.com\/wp-content\/uploads\/2025\/03\/stosek-2.jpg 1080w\" sizes=\"auto, (max-width: 1024px) 100vw, 1024px\" \/><\/figure>\n\n\n\n<p><em>\u201ePo v\u010derej\u0161ku jsem byl hodn\u011b smutn\u00fd. Takov\u00fd start v nov\u00e9m t\u00fdmu jsem si nep\u0159edstavoval. Neb\u00fdt na tom nejl\u00edp, prost\u011b nepot\u011b\u0161\u00ed. Na\u0161t\u011bst\u00ed m\u011b ale kluci podr\u017eeli, Wout m\u011b podr\u017eel, nikdo na m\u011b netla\u010dil. Podr\u017eel m\u011b i tren\u00e9r, kter\u00fd je tady se mnou. Prvn\u00ed dva dny byly zkr\u00e1tka \u0161patn\u00e9, ale s t\u00edm se pot\u00fdk\u00e1 spousta z\u00e1vodn\u00edk\u016f. \u010clov\u011bk nikdy nev\u00ed, jak\u00fd efekt bude m\u00edt nachlazen\u00ed, kter\u00e9 jsem prod\u011blal p\u0159ed Epicem. C\u00edtil jsem se p\u0159ed z\u00e1vodem u\u017e zdrav\u00fd, ale asi se to n\u011bjak\u00fdm zp\u016fsobem podepsalo,\u201c<\/em> dodal Sto\u0161ek, kter\u00fd si tak od roku 2021 p\u0159ipsal t\u0159et\u00ed etapov\u00e9 v\u00edt\u011bzstv\u00ed.<\/p>\n\n\n\n<p>V pr\u016fb\u011b\u017en\u00e9m se s&nbsp;belgick\u00fdm par\u0165\u00e1kem posunuli do TOP 10 \u2013 nyn\u00ed jsou osm\u00ed se ztr\u00e1tou 9:17 min. na l\u00eddry a necel\u00fdch 5 minut na medailovou pozici.<\/p>\n\n\n\n<p>Foto: Jan N\u011bmec\/mtbs.cz<\/p>\n","protected":false},"excerpt":{"rendered":"<p>\u010cesko-belgick\u00e1 dvojice Martin Sto\u0161ek, Wout Alleman (Buff Megamo) se po dvou nevyda\u0159en\u00fdch dnech do\u010dkala na etapov\u00e9m z\u00e1vod\u011b horsk\u00fdch kol Cape Epic v&nbsp;Jihoafrick\u00e9 republice satisfakce, kdy\u017e vyhr\u00e1la \u010dasovku na 66 km s&nbsp;p\u0159ev\u00fd\u0161en\u00edm 950 m. \u010ce\u0161t\u00ed bike\u0159i se bl\u00fdskli hned dv\u011bma triumfy. Sto\u0161ek a Alleman zv\u00edt\u011bzili absolutn\u011b, Pavel Gonda se \u0160v\u00fdcarem Tobiasem L\u00fcthim zajeli nejrychlej\u0161\u00ed \u010das v [&hellip;]<\/p>\n","protected":false},"author":15,"featured_media":34529,"comment_status":"closed","ping_status":"open","sticky":false,"template":"","format":"standard","meta":{"footnotes":""},"categories":[6,2],"tags":[],"class_list":["post-34528","post","type-post","status-publish","format-standard","has-post-thumbnail","hentry","category-mtb","category-novinky"],"_links":{"self":[{"href":"https:\/\/www.czechcyclingfederation.com\/en\/wp-json\/wp\/v2\/posts\/34528","targetHints":{"allow":["GET"]}}],"collection":[{"href":"https:\/\/www.czechcyclingfederation.com\/en\/wp-json\/wp\/v2\/posts"}],"about":[{"href":"https:\/\/www.czechcyclingfederation.com\/en\/wp-json\/wp\/v2\/types\/post"}],"author":[{"embeddable":true,"href":"https:\/\/www.czechcyclingfederation.com\/en\/wp-json\/wp\/v2\/users\/15"}],"replies":[{"embeddable":true,"href":"https:\/\/www.czechcyclingfederation.com\/en\/wp-json\/wp\/v2\/comments?post=34528"}],"version-history":[{"count":1,"href":"https:\/\/www.czechcyclingfederation.com\/en\/wp-json\/wp\/v2\/posts\/34528\/revisions"}],"predecessor-version":[{"id":34533,"href":"https:\/\/www.czechcyclingfederation.com\/en\/wp-json\/wp\/v2\/posts\/34528\/revisions\/34533"}],"wp:featuredmedia":[{"embeddable":true,"href":"https:\/\/www.czechcyclingfederation.com\/en\/wp-json\/wp\/v2\/media\/34529"}],"wp:attachment":[{"href":"https:\/\/www.czechcyclingfederation.com\/en\/wp-json\/wp\/v2\/media?parent=34528"}],"wp:term":[{"taxonomy":"category","embeddable":true,"href":"https:\/\/www.czechcyclingfederation.com\/en\/wp-json\/wp\/v2\/categories?post=34528"},{"taxonomy":"post_tag","embeddable":true,"href":"https:\/\/www.czechcyclingfederation.com\/en\/wp-json\/wp\/v2\/tags?post=34528"}],"curies":[{"name":"wp","href":"https:\/\/api.w.org\/{rel}","templated":true}]}}