{"id":345,"date":"2020-05-28T03:12:17","date_gmt":"2020-05-28T01:12:17","guid":{"rendered":"http:\/\/www.czechcyclingfederation.com\/?p=345"},"modified":"2020-07-16T13:41:09","modified_gmt":"2020-07-16T11:41:09","slug":"novy-uci-mtb-kalendar-a-kvalifikacni-system-oh","status":"publish","type":"post","link":"https:\/\/www.czechcyclingfederation.com\/en\/novy-uci-mtb-kalendar-a-kvalifikacni-system-oh\/","title":{"rendered":"Nov\u00fd UCI MTB kalend\u00e1\u0159 a kvalifika\u010dn\u00ed syst\u00e9m OH"},"content":{"rendered":"\n<p>UCI oznamuje schv\u00e1len\u00ed nov\u00fdch term\u00edn\u016f v 2020 mezin\u00e1rodn\u00edm kalend\u00e1\u0159i pro discipl\u00ednu horsk\u00fdch kol t\u00fdkaj\u00edc\u00ed se mistrovstv\u00ed sv\u011bta, sv\u011btov\u00fdch poh\u00e1r\u016f, n\u00e1rodn\u00edch mistrovstv\u00ed MTB a BMX. Mimo jin\u00e9 tak\u00e9 schvaluje nov\u00fd kvalifika\u010dn\u00ed syst\u00e9m pro olympijsk\u00e9 a paralympijsk\u00e9 hry v Tokiu 2020, p\u0159izp\u016fsoben\u00e9 odlo\u017een\u00fdm sout\u011b\u017e\u00edm na rok 2021.Nov\u00fdm po\u0159adatelem leto\u0161n\u00edho mistrovstv\u00ed sv\u011bta pro discipl\u00edny&nbsp;<strong>MTB XCO, XCR a E-bike<\/strong>&nbsp;se stalo rakousk\u00e9 m\u011bsto Leogang, kter\u00e9 m\u00e1 v&nbsp;programu ji\u017e mistrovstv\u00ed sv\u011bta v&nbsp;<strong>Downhill&nbsp;<\/strong>a&nbsp;<strong>Red Bull Pump Track<\/strong>, kter\u00e9 se bude se bude konat od 5. do 11. \u0159\u00edjna 2020.&nbsp;<\/p>\n\n\n\n<p>Mistrovstv\u00ed sv\u011bta pro&nbsp;<strong>XCE, 4X a XCM<\/strong>&nbsp;se budou konat v n\u00e1sleduj\u00edc\u00edch term\u00ednech a m\u00edstech:<\/p>\n\n\n\n<p>2020 MS XCE &#8211; 23. srpna, Leuven (Belgie)<\/p>\n\n\n\n<p>2020 MS 4X &#8211; 10. \u2013 11. z\u00e1\u0159\u00ed, Val di Sole (It\u00e1lie)<\/p>\n\n\n\n<p>2020 MS XCM &#8211; &nbsp;24. &#8211; 25. \u0159\u00edjna, Sakarya (Turecko)<\/p>\n\n\n\n<p>V&nbsp;d\u016fsledku pandemie byly zru\u0161eny \u010dty\u0159i term\u00edny sv\u011btov\u00fdch poh\u00e1r\u016f v horsk\u00fdch kolech. Nov\u00fd kalend\u00e1\u0159 nyn\u00ed zahrnuje \u0161est destinac\u00ed, z&nbsp;nich\u017e t\u0159i budou po\u0159\u00e1dat dv\u011b kola.<\/p>\n\n\n\n<p>Term\u00edny a m\u00edsto jsou n\u00e1sleduj\u00edc\u00ed:<\/p>\n\n\n\n<p>5. &#8211; 6. z\u00e1\u0159\u00ed: Lenzerheide, \u0160v\u00fdcarsko (XCO \/ DHI)<\/p>\n\n\n\n<p>12. &#8211; 13. z\u00e1\u0159\u00ed: Val di Sole, It\u00e1lie (XCO \/ DHI)<\/p>\n\n\n\n<p>19. &#8211; 20. z\u00e1\u0159\u00ed: Les Gets, Francie (XCO \/ DHI)<\/p>\n\n\n\n<p>29. z\u00e1\u0159\u00ed &#8211; 4. \u0159\u00edjna: Nov\u00e9 M\u011bsto na Morav\u011b, \u010cesk\u00e1 republika (XCO) &#8211; dv\u011b kola<\/p>\n\n\n\n<p>15. &#8211; 18. \u0159\u00edjna: Maribor, Slovinsko (DHI) &#8211; dv\u011b kola<\/p>\n\n\n\n<p>29. \u0159\u00edjna &#8211; 1. listopadu: Lousa, Portugalsko (DHI) &#8211; dv\u011b kola<\/p>\n\n\n\n<p>P\u0159id\u011blen\u00ed term\u00edn\u016f&nbsp;<strong>n\u00e1rodn\u00edch mistrovstv\u00ed v&nbsp;MTB a BMX<\/strong>&nbsp;UCI nech\u00e1v\u00e1 na rozhodnut\u00ed n\u00e1rodn\u00edch federac\u00ed. Body z&nbsp;t\u011bchto mistrovstv\u00ed budou p\u0159ipo\u010dteny do \u017eeb\u0159\u00ed\u010dku UCI k&nbsp;31. 12. 2020.<\/p>\n\n\n\n<p>Nov\u00e9 kvalifika\u010dn\u00ed syst\u00e9my pro olympijsk\u00e9 a paralympijsk\u00e9 hry v Tokiu 2021 p\u0159ijal od UCI Mezin\u00e1rodn\u00ed olympijsk\u00fd v\u00fdbor (MOV):<\/p>\n\n\n\n<p>Kvalifika\u010dn\u00ed obdob\u00ed pro&nbsp;<strong>silni\u010dn\u00ed cyklistiku a dr\u00e1hovou cyklistiku<\/strong>&nbsp;bude zachov\u00e1no z&nbsp;2020. (Silni\u010dn\u00ed cyklistika k 22. \u0159\u00edjnu 2019 a dr\u00e1hov\u00e1 cyklistika k 2. b\u0159eznu 2020.<\/p>\n\n\n\n<p>V p\u0159\u00edpad\u011b&nbsp;<strong>BMX Freestyle, MTB a BMX Racing<\/strong>, u nich\u017e m\u011blo b\u00fdt kvalifika\u010dn\u00ed obdob\u00ed ukon\u010deno 11. kv\u011btna 2020, 27. kv\u011btna 2020 a 1. \u010dervna 2020, MOV odpov\u011bd\u011bl p\u0159\u00edzniv\u011b na n\u00e1sleduj\u00edc\u00ed n\u00e1vrh:<\/p>\n\n\n\n<p><strong>MTB<\/strong>: Body p\u0159id\u011blen\u00e9 ve dvou v\u00edkendech sv\u011btov\u00e9ho poh\u00e1ru UCI b\u011bhem sez\u00f3ny 2021 budou p\u0159i\u010dteny k bod\u016fm v&nbsp;\u017eeb\u0159\u00ed\u010dku k 3. b\u0159eznu 2020. O term\u00ednech dvou sv\u011btov\u00fdch poh\u00e1r\u016f v&nbsp;2021 je\u0161t\u011b nebylo rozhodnuto.<\/p>\n\n\n\n<p><strong>BMX Racing<\/strong>: Body p\u0159id\u011blen\u00e9 na dvou v\u00edkendech sv\u011btov\u00e9ho poh\u00e1ru UCI b\u011bhem sez\u00f3ny 2021 a na mistrovstv\u00ed sv\u011bta UCI BMX v&nbsp;roce 2020 budou p\u0159i\u010dteny k bod\u016fm v&nbsp;\u017eeb\u0159\u00ed\u010dku k 3. b\u0159eznu 2020. O term\u00ednech dvou sv\u011btov\u00fdch poh\u00e1r\u016f v&nbsp;2021 je\u0161t\u011b nebylo rozhodnuto.<\/p>\n\n\n\n<p><strong>BMX Freestyle<\/strong>: Body p\u0159id\u011blen\u00e9 ve dvou v\u00edkendech sv\u011btov\u00e9ho poh\u00e1ru UCI b\u011bhem sez\u00f3ny 2021 budou p\u0159i\u010dteny k bod\u016fm v&nbsp;\u017eeb\u0159\u00ed\u010dku k 3. b\u0159eznu 2020. O term\u00ednech dvou sv\u011btov\u00fdch poh\u00e1r\u016f v&nbsp;2021 je\u0161t\u011b nebylo rozhodnuto.<\/p>\n\n\n\n<p>V\u00edce informac\u00ed a odkazy na kvalifika\u010dn\u00ed syst\u00e9m Olympijsk\u00fdch her, term\u00edny test event\u016f pro BMX Freestyle and dr\u00e1hovou cyklistku a n\u00e1vrh na kvalifika\u010dn\u00ed syst\u00e9m pro paralympi\u00e1du najdete n\u00ed\u017ee.<\/p>\n\n\n\n<p><a href=\"https:\/\/www.uci.org\/news\/2020\/the-uci-reveals-the-new-calendar-for-the-mountain-bike-uci-world-cup-and-world-championships-and-the-olympic-and-paralympic-qualification-system-for-tokyo-2020\">https:\/\/www.uci.org\/news\/2020\/the-uci-reveals-the-new-calendar-for-the-mountain-bike-uci-world-cup-and-world-championships-and-the-olympic-and-paralympic-qualification-system-for-tokyo-2020<\/a><\/p>\n","protected":false},"excerpt":{"rendered":"<p>UCI oznamuje schv\u00e1len\u00ed nov\u00fdch term\u00edn\u016f v 2020 mezin\u00e1rodn\u00edm kalend\u00e1\u0159i pro discipl\u00ednu horsk\u00fdch kol t\u00fdkaj\u00edc\u00ed se mistrovstv\u00ed sv\u011bta, sv\u011btov\u00fdch poh\u00e1r\u016f, n\u00e1rodn\u00edch mistrovstv\u00ed MTB a BMX. Mimo jin\u00e9 tak\u00e9 schvaluje nov\u00fd kvalifika\u010dn\u00ed syst\u00e9m pro olympijsk\u00e9 a paralympijsk\u00e9 hry v Tokiu 2020, p\u0159izp\u016fsoben\u00e9 odlo\u017een\u00fdm sout\u011b\u017e\u00edm na rok 2021.Nov\u00fdm po\u0159adatelem leto\u0161n\u00edho mistrovstv\u00ed sv\u011bta pro discipl\u00edny&nbsp;MTB XCO, XCR a E-bike&nbsp;se [&hellip;]<\/p>\n","protected":false},"author":1,"featured_media":81,"comment_status":"closed","ping_status":"open","sticky":false,"template":"","format":"standard","meta":{"footnotes":""},"categories":[2],"tags":[56],"class_list":["post-345","post","type-post","status-publish","format-standard","has-post-thumbnail","hentry","category-novinky","tag-uci"],"_links":{"self":[{"href":"https:\/\/www.czechcyclingfederation.com\/en\/wp-json\/wp\/v2\/posts\/345","targetHints":{"allow":["GET"]}}],"collection":[{"href":"https:\/\/www.czechcyclingfederation.com\/en\/wp-json\/wp\/v2\/posts"}],"about":[{"href":"https:\/\/www.czechcyclingfederation.com\/en\/wp-json\/wp\/v2\/types\/post"}],"author":[{"embeddable":true,"href":"https:\/\/www.czechcyclingfederation.com\/en\/wp-json\/wp\/v2\/users\/1"}],"replies":[{"embeddable":true,"href":"https:\/\/www.czechcyclingfederation.com\/en\/wp-json\/wp\/v2\/comments?post=345"}],"version-history":[{"count":1,"href":"https:\/\/www.czechcyclingfederation.com\/en\/wp-json\/wp\/v2\/posts\/345\/revisions"}],"predecessor-version":[{"id":346,"href":"https:\/\/www.czechcyclingfederation.com\/en\/wp-json\/wp\/v2\/posts\/345\/revisions\/346"}],"wp:featuredmedia":[{"embeddable":true,"href":"https:\/\/www.czechcyclingfederation.com\/en\/wp-json\/wp\/v2\/media\/81"}],"wp:attachment":[{"href":"https:\/\/www.czechcyclingfederation.com\/en\/wp-json\/wp\/v2\/media?parent=345"}],"wp:term":[{"taxonomy":"category","embeddable":true,"href":"https:\/\/www.czechcyclingfederation.com\/en\/wp-json\/wp\/v2\/categories?post=345"},{"taxonomy":"post_tag","embeddable":true,"href":"https:\/\/www.czechcyclingfederation.com\/en\/wp-json\/wp\/v2\/tags?post=345"}],"curies":[{"name":"wp","href":"https:\/\/api.w.org\/{rel}","templated":true}]}}