{"id":34456,"date":"2025-03-14T19:38:46","date_gmt":"2025-03-14T18:38:46","guid":{"rendered":"https:\/\/www.czechcyclingfederation.com\/?p=34456"},"modified":"2025-03-14T20:00:45","modified_gmt":"2025-03-14T19:00:45","slug":"trio-v-tymovem-sprintu-na-nations-cupu-skoncilo-seste","status":"publish","type":"post","link":"https:\/\/www.czechcyclingfederation.com\/en\/trio-v-tymovem-sprintu-na-nations-cupu-skoncilo-seste\/","title":{"rendered":"\u010cesk\u00e9 rekordy v t\u00fdmov\u00e9m sprintu na Nations Cupu v Turecku"},"content":{"rendered":"\n<p>V\u00fdborn\u00e9 \u0161est\u00e9 m\u00edsto obsadilo \u010desk\u00e9 trio David Peterka, Mat\u011bj Tamme a Martin \u010cechman v \u00favodn\u00ed den Nations cupu na dr\u00e1ze v\u00a0tureck\u00e9m m\u011bst\u011b Konya. V jedin\u00e9m podniku t\u00e9to s\u00e9rie leto\u0161n\u00edho roku tak z\u00edskalo velice slu\u0161nou porci bod\u016f do sv\u011btov\u00e9ho \u017eeb\u0159\u00ed\u010dku, kter\u00fd je z\u00e1rove\u0148 kvalifikac\u00ed na mistrovstv\u00ed sv\u011bta.<\/p>\n\n\n\n<p>V kvalifikaci zajeli jezdci Dukly Brno p\u00e1t\u00fd nejrychlej\u0161\u00ed \u010das 42,696, co\u017e byl nov\u00fd \u010desk\u00fd rekord. A v n\u00e1sledn\u00e9m souboji o postup o medaile jej je\u0161t\u011b vylep\u0161ilo na 42,646, ov\u0161em ani to na francouzsk\u00e9 trio nesta\u010dilo a \u010ce\u0161i tak skon\u010dili \u0161est\u00ed. Jen o jedno m\u00edsto h\u016f\u0159e byly klasifikov\u00e1ny \u017eeny, i trio Anna Jaborn\u00edkov\u00e1, Veronika Jaborn\u00edkov\u00e1 a S\u00e1ra Kate\u0159ina Peterkov\u00e1 vylep\u0161ilo \u010desk\u00fd rekord. V kvalifikaci zajely 48,732, ale nad jejich s\u00edly byly britsk\u00e9 sprinterky i p\u0159es dal\u0161\u00ed \u010desk\u00e9 zlep\u0161en\u00ed na 48,521.<\/p>\n\n\n\n<p>Gabriela B\u00e1rtov\u00e1 s jistotou postoupila do fin\u00e1le vylu\u010dovac\u00edho z\u00e1vodu, to sam\u00e9 se poda\u0159ilo ve stejn\u00e9 discipl\u00edn\u011b Maty\u00e1\u0161i Kobl\u00ed\u017ekovi. Ten ale v z\u00e1vod\u011b obsadil&nbsp;a\u017e 18. m\u00edsto, B\u00e1rtov\u00e1 skon\u010dila t\u0159in\u00e1ct\u00e1.<\/p>\n\n\n\n<p class=\"has-medium-font-size\"><strong>V\u00fdsledky &#8211; mu\u017ei<\/strong><\/p>\n\n\n\n<p><strong>Vylu\u010dovac\u00ed z\u00e1vod: <\/strong>1. Hesters (Belg.), 2. Wulff (D\u00e1n.), 3. Wafler (Rak), 4. Hoppezak (Niz.), 5. Savekin, 6. Bleddyn (N. Z\u00e9l.), ..<strong>. 18. Kobl\u00ed\u017eek (\u010cR).<\/strong><\/p>\n\n\n\n<p><strong>T\u00fdmov\u00fd sprint &#8211; fin\u00e1le:<\/strong> Brit\u00e1nie (Ledingham-Horn, Radford, Richardson) 42,060 &#8211; Japonsko (Nasako, Obara, Ota) 42,194, <strong>o 3. m\u00edsto: <\/strong>Austr\u00e1lie (Barber, Elliot, Hoffman) 42,352 &#8211; Francie 42, 696, &#8230; <strong>6. \u010cR<\/strong> <strong>(\u010cechman, Tamme, Peterka)<\/strong>.<\/p>\n\n\n\n<p><strong>\u017deny &#8211; vylu\u010dovac\u00ed z\u00e1vod: <\/strong>1. Acevedov\u00e1 (Mex.), 2. van Belleov\u00e1 (Niz.), 3. Ikedaov\u00e1 (Jap.), 4. Hjollundov\u00e1 (D\u00e1n.), 5. Wolastonov\u00e1 (N. Z\u00e9l.), 6. Valgonenov\u00e1, &#8230;<strong>13. B\u00e1rtov\u00e1<\/strong> (\u010cR).<\/p>\n\n\n\n<p><strong>T\u00fdmov\u00fd sprint, fin\u00e1le: <\/strong>Nizozemsko (Kaleeov\u00e1, van de Wouwov\u00e1, van der Peetov\u00e1) 45,283 &#8211; Brit\u00e1nie (Bellov\u00e1, Edmundsoov\u00e1, Thomasov\u00e1) 46,004, o 3. m\u00edsto: N\u011bmecko (Friedrichov\u00e1, Graboschov\u00e1, Schneiderov\u00e1) 46,398 &#8211; Polsko 46,901, &#8230; <strong>7. \u010cR (A. Jaborn\u00edkov\u00e1, V. Jaborn\u00edkov\u00e1, Peterkov\u00e1).<\/strong><\/p>\n\n\n\n<p>Foto: Arne Mill<\/p>\n","protected":false},"excerpt":{"rendered":"<p>V\u00fdborn\u00e9 \u0161est\u00e9 m\u00edsto obsadilo \u010desk\u00e9 trio David Peterka, Mat\u011bj Tamme a Martin \u010cechman v \u00favodn\u00ed den Nations cupu na dr\u00e1ze v\u00a0tureck\u00e9m m\u011bst\u011b Konya. V jedin\u00e9m podniku t\u00e9to s\u00e9rie leto\u0161n\u00edho roku tak z\u00edskalo velice slu\u0161nou porci bod\u016f do sv\u011btov\u00e9ho \u017eeb\u0159\u00ed\u010dku, kter\u00fd je z\u00e1rove\u0148 kvalifikac\u00ed na mistrovstv\u00ed sv\u011bta. V kvalifikaci zajeli jezdci Dukly Brno p\u00e1t\u00fd nejrychlej\u0161\u00ed \u010das [&hellip;]<\/p>\n","protected":false},"author":8,"featured_media":34457,"comment_status":"closed","ping_status":"open","sticky":false,"template":"","format":"standard","meta":{"footnotes":""},"categories":[54,2],"tags":[9],"class_list":["post-34456","post","type-post","status-publish","format-standard","has-post-thumbnail","hentry","category-draha","category-novinky","tag-draha"],"_links":{"self":[{"href":"https:\/\/www.czechcyclingfederation.com\/en\/wp-json\/wp\/v2\/posts\/34456","targetHints":{"allow":["GET"]}}],"collection":[{"href":"https:\/\/www.czechcyclingfederation.com\/en\/wp-json\/wp\/v2\/posts"}],"about":[{"href":"https:\/\/www.czechcyclingfederation.com\/en\/wp-json\/wp\/v2\/types\/post"}],"author":[{"embeddable":true,"href":"https:\/\/www.czechcyclingfederation.com\/en\/wp-json\/wp\/v2\/users\/8"}],"replies":[{"embeddable":true,"href":"https:\/\/www.czechcyclingfederation.com\/en\/wp-json\/wp\/v2\/comments?post=34456"}],"version-history":[{"count":3,"href":"https:\/\/www.czechcyclingfederation.com\/en\/wp-json\/wp\/v2\/posts\/34456\/revisions"}],"predecessor-version":[{"id":34462,"href":"https:\/\/www.czechcyclingfederation.com\/en\/wp-json\/wp\/v2\/posts\/34456\/revisions\/34462"}],"wp:featuredmedia":[{"embeddable":true,"href":"https:\/\/www.czechcyclingfederation.com\/en\/wp-json\/wp\/v2\/media\/34457"}],"wp:attachment":[{"href":"https:\/\/www.czechcyclingfederation.com\/en\/wp-json\/wp\/v2\/media?parent=34456"}],"wp:term":[{"taxonomy":"category","embeddable":true,"href":"https:\/\/www.czechcyclingfederation.com\/en\/wp-json\/wp\/v2\/categories?post=34456"},{"taxonomy":"post_tag","embeddable":true,"href":"https:\/\/www.czechcyclingfederation.com\/en\/wp-json\/wp\/v2\/tags?post=34456"}],"curies":[{"name":"wp","href":"https:\/\/api.w.org\/{rel}","templated":true}]}}