{"id":3440,"date":"2021-02-09T18:17:25","date_gmt":"2021-02-09T17:17:25","guid":{"rendered":"http:\/\/www.czechcyclingfederation.com\/?p=3440"},"modified":"2021-02-28T22:15:09","modified_gmt":"2021-02-28T21:15:09","slug":"babor-vyhral-na-mcr-bodovaci-zavod","status":"publish","type":"post","link":"https:\/\/www.czechcyclingfederation.com\/en\/babor-vyhral-na-mcr-bodovaci-zavod\/","title":{"rendered":"Babor vyhr\u00e1l na M\u010cR bodovac\u00ed z\u00e1vod"},"content":{"rendered":"\n<p>Po prvenstv\u00ed v \u00favodn\u00ed den dom\u00e1c\u00edho dr\u00e1hov\u00e9ho \u0161ampion\u00e1tu \u0160koda Cupu v omniu, vybojoval dnes dal\u0161\u00ed dv\u011b medaile Daniel Babor z TUFO Pardus Prost\u011bjov. Nejprve z\u00edskal bronz ve st\u00edhac\u00edm z\u00e1vodu a pak zcela jasn\u011b v\u00e9vodil bodovac\u00edmu z\u00e1vodu. Dv\u011b nejcenn\u011bj\u0161\u00ed medaile z\u00edskala dnes v hale v Praze Motole Petra \u0160ev\u010d\u00edkov\u00e1 z Dukly Praha, kter\u00e1 byla nejlep\u0161\u00ed ve vylu\u010dovac\u00edm z\u00e1vodu a pot\u00e9 i s Kate\u0159inou Kohoutkovou v madisonu.<\/p>\n\n\n\n<p>Posledn\u00ed dne\u0161n\u00ed zlato vybojoval p\u0159i obhajob\u011b titulu v st\u00edhac\u00edm z\u00e1vodu na 4 km Nicolas Pietrula (Dukla Praha), kdy\u017e \u010dasem 4:36,73 porazil ve fin\u00e1le sv\u00e9ho odd\u00edlov\u00e9ho kolegu Jana Krause o \u0161est vte\u0159in. Velmi dob\u0159e si vedl v pond\u011bln\u00edm omniu i dnes v bodovac\u00edm z\u00e1vodu junior Milan Kadlec. Syn reprezenta\u010dn\u00edho kou\u010de startoval, stejn\u011b jako dal\u0161\u00ed junio\u0159i, mimo sout\u011b\u017e. V obou discipl\u00edn\u00e1ch byl t\u0159et\u00ed nejlep\u0161\u00ed.<\/p>\n\n\n\n<p>Po pond\u011bln\u00edm zlatu v omniu dnes 49 titul do sv\u00e9 sb\u00edrky nep\u0159idala Jarmila Macha\u010dov\u00e1, ve vylu\u010dovac\u00edm z\u00e1vodu i v madisonu spolu s Dagmar Hejhalovou byla druh\u00e1.<\/p>\n\n\n\n<p>&#8220;Minul\u00e1 sezona nebyla z m\u00e9ho pohledu nejlep\u0161\u00ed. Nechci \u0159\u00edkat, \u017ee jsem m\u011bl sm\u016flu, ale sp\u00ed\u0161e nem\u011bl \u0161t\u011bst\u00ed. Proto jsem leto\u0161n\u00ed rok cht\u011bl zah\u00e1jit zlat\u00fdmi medailemi a to se mi zat\u00edm da\u0159\u00ed. Cenn\u011bj\u0161\u00ed je prvenstv\u00ed z omnia, trak jsem si to musel vyjet s\u00e1m, dnes v bodova\u010dce mi dost pomohli kolegov\u00e9 z t\u00fdmu,&#8221; \u0159ekl Daniel Babor.<\/p>\n\n\n\n<p>V\u00fdsledky:<\/p>\n\n\n\n<p>Mu\u017ei:<\/p>\n\n\n\n<p>St\u00edhac\u00ed z\u00e1vod na 4 km:<\/p>\n\n\n\n<p>Fin\u00e1le: Pietrula 4:36,73 &#8211; Kraus (oba Dukla Praha) 4:42,66, o 3. m\u00edsto Babor (TUFO Pardus Prost\u011bjov) 2:15,48 &#8211; Vone\u0161 dojet, 5. Pavel Kelemen (Dukla Praha) 4:45,45, 6. \u0158eha (TUFO Pardus Prost\u011bjov) 4:47,86.<\/p>\n\n\n\n<p>Bodovac\u00ed z\u00e1vod:<\/p>\n\n\n\n<p>1. Babor 89, 2. Pietrula 67, 3. Kraus 29, 4. Pavel Kelemen 15, 5. Sm\u00e9kal (TUFO Pardus Prost\u011bjov) 12, 6. Vone\u0161 (Dukla Praha) 7.<\/p>\n\n\n\n<p>\u017deny:<\/p>\n\n\n\n<p>Vylu\u010dovac\u00ed z\u00e1vod:<\/p>\n\n\n\n<p>1. \u0160ev\u010d\u00edkov\u00e1, 2. Macha\u010dov\u00e1, 3. Kohoutkov\u00e1, 4. Burlov\u00e1, 5. A. D\u017eerengov\u00e1 (v\u0161echny Dukla Praha), 6. V. Barton\u00edkov\u00e1 (Dukla Brno).<\/p>\n\n\n\n<p>Madison:<\/p>\n\n\n\n<p>1.\u0160ev\u010d\u00edkov\u00e1, Kohoutkov\u00e1 88, 2. Macha\u010dov\u00e1, Hejhalov\u00e1 (Dukla Praha) 35, 3. S. D\u017eerengov\u00e1, Burlov\u00e1&nbsp; -27, 4. V. Barton\u00edkov\u00e1, N\u011bmcov\u00e1 (Dukla Brno\/Sportcomplec B\u0159eclav) -65.<\/p>\n\n\n\n<p>FOTO Jaroslav C\u00edcha<\/p>\n\n\n\n<figure class=\"wp-block-image size-large\"><img loading=\"lazy\" decoding=\"async\" width=\"1024\" height=\"768\" src=\"https:\/\/www.czechcyclingfederation.com\/wp-content\/uploads\/2021\/02\/20210209_144809-1024x768.jpg\" alt=\"\" class=\"wp-image-3442\" srcset=\"https:\/\/www.czechcyclingfederation.com\/wp-content\/uploads\/2021\/02\/20210209_144809-1024x768.jpg 1024w, https:\/\/www.czechcyclingfederation.com\/wp-content\/uploads\/2021\/02\/20210209_144809-267x200.jpg 267w, https:\/\/www.czechcyclingfederation.com\/wp-content\/uploads\/2021\/02\/20210209_144809-768x576.jpg 768w, https:\/\/www.czechcyclingfederation.com\/wp-content\/uploads\/2021\/02\/20210209_144809-1536x1152.jpg 1536w, https:\/\/www.czechcyclingfederation.com\/wp-content\/uploads\/2021\/02\/20210209_144809-2048x1536.jpg 2048w, https:\/\/www.czechcyclingfederation.com\/wp-content\/uploads\/2021\/02\/20210209_144809-1320x990.jpg 1320w\" sizes=\"auto, (max-width: 1024px) 100vw, 1024px\" \/><\/figure>\n\n\n\n<figure class=\"wp-block-image size-large\"><img loading=\"lazy\" decoding=\"async\" width=\"1024\" height=\"875\" src=\"https:\/\/www.czechcyclingfederation.com\/wp-content\/uploads\/2021\/02\/IMG-20210209-WA0001-1024x875.jpg\" alt=\"\" class=\"wp-image-3443\" srcset=\"https:\/\/www.czechcyclingfederation.com\/wp-content\/uploads\/2021\/02\/IMG-20210209-WA0001-1024x875.jpg 1024w, https:\/\/www.czechcyclingfederation.com\/wp-content\/uploads\/2021\/02\/IMG-20210209-WA0001-234x200.jpg 234w, https:\/\/www.czechcyclingfederation.com\/wp-content\/uploads\/2021\/02\/IMG-20210209-WA0001-768x656.jpg 768w, https:\/\/www.czechcyclingfederation.com\/wp-content\/uploads\/2021\/02\/IMG-20210209-WA0001-1320x1128.jpg 1320w, https:\/\/www.czechcyclingfederation.com\/wp-content\/uploads\/2021\/02\/IMG-20210209-WA0001.jpg 1372w\" sizes=\"auto, (max-width: 1024px) 100vw, 1024px\" \/><\/figure>\n\n\n\n<figure class=\"wp-block-image size-large\"><img loading=\"lazy\" decoding=\"async\" width=\"1024\" height=\"768\" src=\"https:\/\/www.czechcyclingfederation.com\/wp-content\/uploads\/2021\/02\/20210209_155555-1024x768.jpg\" alt=\"\" class=\"wp-image-3444\" srcset=\"https:\/\/www.czechcyclingfederation.com\/wp-content\/uploads\/2021\/02\/20210209_155555-1024x768.jpg 1024w, https:\/\/www.czechcyclingfederation.com\/wp-content\/uploads\/2021\/02\/20210209_155555-267x200.jpg 267w, https:\/\/www.czechcyclingfederation.com\/wp-content\/uploads\/2021\/02\/20210209_155555-768x576.jpg 768w, https:\/\/www.czechcyclingfederation.com\/wp-content\/uploads\/2021\/02\/20210209_155555-1536x1152.jpg 1536w, https:\/\/www.czechcyclingfederation.com\/wp-content\/uploads\/2021\/02\/20210209_155555-2048x1536.jpg 2048w, https:\/\/www.czechcyclingfederation.com\/wp-content\/uploads\/2021\/02\/20210209_155555-1320x990.jpg 1320w\" sizes=\"auto, (max-width: 1024px) 100vw, 1024px\" \/><\/figure>\n","protected":false},"excerpt":{"rendered":"<p>Po prvenstv\u00ed v \u00favodn\u00ed den dom\u00e1c\u00edho dr\u00e1hov\u00e9ho \u0161ampion\u00e1tu \u0160koda Cupu v omniu, vybojoval dnes dal\u0161\u00ed dv\u011b medaile Daniel Babor z TUFO Pardus Prost\u011bjov. Nejprve z\u00edskal bronz ve st\u00edhac\u00edm z\u00e1vodu a pak zcela jasn\u011b v\u00e9vodil bodovac\u00edmu z\u00e1vodu. Dv\u011b nejcenn\u011bj\u0161\u00ed medaile z\u00edskala dnes v hale v Praze Motole Petra \u0160ev\u010d\u00edkov\u00e1 z Dukly Praha, kter\u00e1 byla nejlep\u0161\u00ed ve [&hellip;]<\/p>\n","protected":false},"author":8,"featured_media":3441,"comment_status":"closed","ping_status":"open","sticky":false,"template":"","format":"standard","meta":{"footnotes":""},"categories":[54,2],"tags":[9],"class_list":["post-3440","post","type-post","status-publish","format-standard","has-post-thumbnail","hentry","category-draha","category-novinky","tag-draha"],"_links":{"self":[{"href":"https:\/\/www.czechcyclingfederation.com\/en\/wp-json\/wp\/v2\/posts\/3440","targetHints":{"allow":["GET"]}}],"collection":[{"href":"https:\/\/www.czechcyclingfederation.com\/en\/wp-json\/wp\/v2\/posts"}],"about":[{"href":"https:\/\/www.czechcyclingfederation.com\/en\/wp-json\/wp\/v2\/types\/post"}],"author":[{"embeddable":true,"href":"https:\/\/www.czechcyclingfederation.com\/en\/wp-json\/wp\/v2\/users\/8"}],"replies":[{"embeddable":true,"href":"https:\/\/www.czechcyclingfederation.com\/en\/wp-json\/wp\/v2\/comments?post=3440"}],"version-history":[{"count":1,"href":"https:\/\/www.czechcyclingfederation.com\/en\/wp-json\/wp\/v2\/posts\/3440\/revisions"}],"predecessor-version":[{"id":3445,"href":"https:\/\/www.czechcyclingfederation.com\/en\/wp-json\/wp\/v2\/posts\/3440\/revisions\/3445"}],"wp:featuredmedia":[{"embeddable":true,"href":"https:\/\/www.czechcyclingfederation.com\/en\/wp-json\/wp\/v2\/media\/3441"}],"wp:attachment":[{"href":"https:\/\/www.czechcyclingfederation.com\/en\/wp-json\/wp\/v2\/media?parent=3440"}],"wp:term":[{"taxonomy":"category","embeddable":true,"href":"https:\/\/www.czechcyclingfederation.com\/en\/wp-json\/wp\/v2\/categories?post=3440"},{"taxonomy":"post_tag","embeddable":true,"href":"https:\/\/www.czechcyclingfederation.com\/en\/wp-json\/wp\/v2\/tags?post=3440"}],"curies":[{"name":"wp","href":"https:\/\/api.w.org\/{rel}","templated":true}]}}