{"id":34393,"date":"2025-03-12T22:19:50","date_gmt":"2025-03-12T21:19:50","guid":{"rendered":"https:\/\/www.czechcyclingfederation.com\/?p=34393"},"modified":"2025-03-14T09:23:29","modified_gmt":"2025-03-14T08:23:29","slug":"o-vikendu-se-pojede-jediny-drahovy-zavod-nations-cupu","status":"publish","type":"post","link":"https:\/\/www.czechcyclingfederation.com\/en\/o-vikendu-se-pojede-jediny-drahovy-zavod-nations-cupu\/","title":{"rendered":"V Turecku se jede jedin\u00fd z\u00e1vod dr\u00e1hov\u00e9ho Nations Cupu"},"content":{"rendered":"\n<p>V&nbsp;leto\u0161n\u00edm poolympijsk\u00e9m roce je v&nbsp;programu Nations Cupu v&nbsp;dr\u00e1hov\u00fdch discipl\u00edn\u00e1ch jedin\u00fd podnik. A ten se uskute\u010dn\u00ed od p\u00e1tku do ned\u011ble (14. \u2013 16. b\u0159ezna) v&nbsp;tureck\u00e9 Konyi. P\u016fjde o velmi d\u016fle\u017eit\u00fd z\u00e1vod vzhledem k&nbsp;\u00fa\u010dasti na sv\u011btov\u00e9m \u0161ampion\u00e1tu, kter\u00fd se uskute\u010dn\u00ed v&nbsp;Santiagu de Chile 22. \u2013 26. \u0159\u00edjna. Pro\u010d ta d\u016fle\u017eitost? D\u00e1 se tam toti\u017e z\u00edskal obrovsk\u00e1 porce bod\u016f do sv\u011btov\u00e9ho \u017eeb\u0159\u00ed\u010dku na jeho\u017e z\u00e1klad\u011b se st\u00e1ty (jezdci) kvalifikuj\u00ed na \u0161ampion\u00e1t.<\/p>\n\n\n\n<p><em>\u201eJe to v podstat\u011b jen jeden tak v\u00fdrazn\u011b bodovan\u00fd z\u00e1vod v poolympijsk\u00e9 sezon\u011b a ty body jsou stra\u0161n\u011b d\u016fle\u017eit\u00e9. Je to jedna ze z\u00e1sadn\u00edch akc\u00ed sezony, jinak se budou po\u010d\u00edtat jedni\u010dkov\u00e9 z\u00e1vody,\u201c <\/em>\u0159\u00edk\u00e1 \u0161\u00e9ftren\u00e9r vytrvalostn\u00edch discipl\u00edn Milan Kadlec a dopl\u0148uje. <em>\u201eU vytrvalc\u016f bude veden jen jeden \u017eeb\u0159\u00ed\u010dek pro vylu\u010dova\u010dku, bodova\u010dku, omnium a scratch a bude tvo\u0159en sou\u010dtem z\u00edskan\u00fdch bod\u016f z&nbsp;t\u011bchto discipl\u00edn. V podstatn\u011b kdo zav\u00e1h\u00e1, t\u0159eba vystoup\u00ed ze Sv\u011btov\u00e9ho poh\u00e1ru, tak to velice t\u011b\u017eko bude doh\u00e1n\u011bt.\u201c<\/em><\/p>\n\n\n\n<figure class=\"wp-block-image size-large\"><img loading=\"lazy\" decoding=\"async\" width=\"1024\" height=\"633\" src=\"http:\/\/www.czechcyclingfederation.com\/wp-content\/uploads\/2025\/03\/drahari-foto-1-1-1024x633.jpg\" alt=\"\" class=\"wp-image-34397\" srcset=\"https:\/\/www.czechcyclingfederation.com\/wp-content\/uploads\/2025\/03\/drahari-foto-1-1-1024x633.jpg 1024w, https:\/\/www.czechcyclingfederation.com\/wp-content\/uploads\/2025\/03\/drahari-foto-1-1-300x185.jpg 300w, https:\/\/www.czechcyclingfederation.com\/wp-content\/uploads\/2025\/03\/drahari-foto-1-1-768x475.jpg 768w, https:\/\/www.czechcyclingfederation.com\/wp-content\/uploads\/2025\/03\/drahari-foto-1-1-1320x816.jpg 1320w, https:\/\/www.czechcyclingfederation.com\/wp-content\/uploads\/2025\/03\/drahari-foto-1-1.jpg 1440w\" sizes=\"auto, (max-width: 1024px) 100vw, 1024px\" \/><\/figure>\n\n\n\n<p>V&nbsp;Konyi bude startovat to nejlep\u0161\u00ed, co je k&nbsp;dispozici. P\u0159edem bylo jasn\u00e9, \u017ee nepojede Barbora N\u011bmcov\u00e1, kter\u00e1 m\u00e1 ji\u017e silni\u010dn\u00ed program a pochopiteln\u011b i Denis Rugovac, kter\u00fd se d\u00e1v\u00e1 dohromady po v\u00e1\u017en\u00e9m zran\u011bn\u00ed.<\/p>\n\n\n\n<p>Podobn\u011b to vn\u00edm\u00e1 i \u0161\u00e9f sprinter\u016f Svatopluk Buchta. <em>\u201eVzhledem k tomu, \u017ee je to jedin\u00fd z\u00e1vod Sv\u011btov\u00e9ho poh\u00e1ru, tak bude nesm\u00edrn\u011b d\u016fle\u017eit\u00fd. Nikde jinde nebude dal\u0161\u00ed takov\u00e1 \u0161ance si hr\u00e1bnout na tolik bod\u016f pro nominaci na MS,\u201c<\/em> \u0159ekl Buchta. I sprinter\u016fm bude chyb\u011bt jeden z\u00a0d\u016fle\u017eit\u00fdch jezdc\u016f. Zran\u011bn\u00fd Dominik Topinka, ale ji\u017e pomalu za\u010d\u00edn\u00e1 tr\u00e9novat.<\/p>\n\n\n\n<h3 class=\"wp-block-heading\"><strong>Nominace pro Nation Cup v\u00a0Konyi:<\/strong><\/h3>\n\n\n\n<p><strong>Vytrvalostn\u00ed discipl\u00edny:<\/strong><\/p>\n\n\n\n<p>Adam K\u0159enek, Jan Vone\u0161, Maty\u00e1\u0161 Kobl\u00ed\u017eek, Gabriela B\u00e1rtov\u00e1, Petra \u0160ev\u010d\u00edkov\u00e1.<\/p>\n\n\n\n<p><strong>Sprintersk\u00e9 discipl\u00edny:<\/strong><\/p>\n\n\n\n<p>David Peterka, Martin \u010cechman, Mat\u011bj Tamme, S\u00e1ra Kate\u0159ina Peterkov\u00e1, Veronika Jaborn\u00edkov\u00e1, Anna Jaborn\u00edkov\u00e1.<\/p>\n","protected":false},"excerpt":{"rendered":"<p>V&nbsp;leto\u0161n\u00edm poolympijsk\u00e9m roce je v&nbsp;programu Nations Cupu v&nbsp;dr\u00e1hov\u00fdch discipl\u00edn\u00e1ch jedin\u00fd podnik. A ten se uskute\u010dn\u00ed od p\u00e1tku do ned\u011ble (14. \u2013 16. b\u0159ezna) v&nbsp;tureck\u00e9 Konyi. P\u016fjde o velmi d\u016fle\u017eit\u00fd z\u00e1vod vzhledem k&nbsp;\u00fa\u010dasti na sv\u011btov\u00e9m \u0161ampion\u00e1tu, kter\u00fd se uskute\u010dn\u00ed v&nbsp;Santiagu de Chile 22. \u2013 26. \u0159\u00edjna. Pro\u010d ta d\u016fle\u017eitost? D\u00e1 se tam toti\u017e z\u00edskal obrovsk\u00e1 porce [&hellip;]<\/p>\n","protected":false},"author":8,"featured_media":34409,"comment_status":"closed","ping_status":"open","sticky":false,"template":"","format":"standard","meta":{"footnotes":""},"categories":[54,2],"tags":[9],"class_list":["post-34393","post","type-post","status-publish","format-standard","has-post-thumbnail","hentry","category-draha","category-novinky","tag-draha"],"_links":{"self":[{"href":"https:\/\/www.czechcyclingfederation.com\/en\/wp-json\/wp\/v2\/posts\/34393","targetHints":{"allow":["GET"]}}],"collection":[{"href":"https:\/\/www.czechcyclingfederation.com\/en\/wp-json\/wp\/v2\/posts"}],"about":[{"href":"https:\/\/www.czechcyclingfederation.com\/en\/wp-json\/wp\/v2\/types\/post"}],"author":[{"embeddable":true,"href":"https:\/\/www.czechcyclingfederation.com\/en\/wp-json\/wp\/v2\/users\/8"}],"replies":[{"embeddable":true,"href":"https:\/\/www.czechcyclingfederation.com\/en\/wp-json\/wp\/v2\/comments?post=34393"}],"version-history":[{"count":3,"href":"https:\/\/www.czechcyclingfederation.com\/en\/wp-json\/wp\/v2\/posts\/34393\/revisions"}],"predecessor-version":[{"id":34411,"href":"https:\/\/www.czechcyclingfederation.com\/en\/wp-json\/wp\/v2\/posts\/34393\/revisions\/34411"}],"wp:featuredmedia":[{"embeddable":true,"href":"https:\/\/www.czechcyclingfederation.com\/en\/wp-json\/wp\/v2\/media\/34409"}],"wp:attachment":[{"href":"https:\/\/www.czechcyclingfederation.com\/en\/wp-json\/wp\/v2\/media?parent=34393"}],"wp:term":[{"taxonomy":"category","embeddable":true,"href":"https:\/\/www.czechcyclingfederation.com\/en\/wp-json\/wp\/v2\/categories?post=34393"},{"taxonomy":"post_tag","embeddable":true,"href":"https:\/\/www.czechcyclingfederation.com\/en\/wp-json\/wp\/v2\/tags?post=34393"}],"curies":[{"name":"wp","href":"https:\/\/api.w.org\/{rel}","templated":true}]}}