{"id":34363,"date":"2025-03-12T07:05:36","date_gmt":"2025-03-12T06:05:36","guid":{"rendered":"https:\/\/www.czechcyclingfederation.com\/?p=34363"},"modified":"2025-03-12T07:05:44","modified_gmt":"2025-03-12T06:05:44","slug":"stepanka-dubcova-oddalila-konec-kariery-a-tesi-se-na-nove-vyzvy","status":"publish","type":"post","link":"https:\/\/www.czechcyclingfederation.com\/en\/stepanka-dubcova-oddalila-konec-kariery-a-tesi-se-na-nove-vyzvy\/","title":{"rendered":"\u0160t\u011bp\u00e1nka Dubcov\u00e1 odd\u00e1lila konec kari\u00e9ry a t\u011b\u0161\u00ed se na nov\u00e9 v\u00fdzvy"},"content":{"rendered":"\n<p>Vloni je\u0161t\u011b coby juniorka zaz\u00e1\u0159ila <strong>\u0160t\u011bp\u00e1nka Dubcov\u00e1<\/strong> (18) na mistrovstv\u00ed Evropy v\u00a0Belgii, kdy\u017e v\u00a0silni\u010dn\u00edm z\u00e1vod\u011b vybojovala ne\u010dekan\u00fd bronz. P\u0159esto po sezon\u011b zva\u017eovala kv\u016fli studiu ne\u010dekan\u00fd konec kari\u00e9ry. Ten si nakonec rozmyslela a zaznamenala v\u00fdrazn\u00fd kari\u00e9rn\u00ed posun, kdy\u017e podepsala smlouvu v\u00a0nov\u011b vznikl\u00e9m \u017eensk\u00e9m t\u00fdmu VIF Cycling, kde bude z\u00e1vodit s\u00a0\u017eenskou elitou.<\/p>\n\n\n\n<p>Za sebou u\u017e dokonce m\u00e1 prvn\u00ed z\u00e1vod v&nbsp;nov\u00e9m dresu, kdy\u017e na Umag Classic Ladies v&nbsp;Chorvatsku skon\u010dila ve spurtu jeden\u00e1ct\u00e1 a byla nejlep\u0161\u00ed \u010ce\u0161kou.<\/p>\n\n\n\n<figure class=\"wp-block-image size-large\"><img loading=\"lazy\" decoding=\"async\" width=\"1024\" height=\"683\" src=\"https:\/\/www.czechcyclingfederation.com\/wp-content\/uploads\/2025\/03\/Tymove-soustredeni-VIF-Cycling-Team-Mallorca-ESP-_-\u00a9Filip-Bezdek-2025-104-1024x683.jpg\" alt=\"\" class=\"wp-image-34368\" srcset=\"https:\/\/www.czechcyclingfederation.com\/wp-content\/uploads\/2025\/03\/Tymove-soustredeni-VIF-Cycling-Team-Mallorca-ESP-_-\u00a9Filip-Bezdek-2025-104-1024x683.jpg 1024w, https:\/\/www.czechcyclingfederation.com\/wp-content\/uploads\/2025\/03\/Tymove-soustredeni-VIF-Cycling-Team-Mallorca-ESP-_-\u00a9Filip-Bezdek-2025-104-300x200.jpg 300w, https:\/\/www.czechcyclingfederation.com\/wp-content\/uploads\/2025\/03\/Tymove-soustredeni-VIF-Cycling-Team-Mallorca-ESP-_-\u00a9Filip-Bezdek-2025-104-768x512.jpg 768w, https:\/\/www.czechcyclingfederation.com\/wp-content\/uploads\/2025\/03\/Tymove-soustredeni-VIF-Cycling-Team-Mallorca-ESP-_-\u00a9Filip-Bezdek-2025-104-1536x1024.jpg 1536w, https:\/\/www.czechcyclingfederation.com\/wp-content\/uploads\/2025\/03\/Tymove-soustredeni-VIF-Cycling-Team-Mallorca-ESP-_-\u00a9Filip-Bezdek-2025-104-2048x1365.jpg 2048w, https:\/\/www.czechcyclingfederation.com\/wp-content\/uploads\/2025\/03\/Tymove-soustredeni-VIF-Cycling-Team-Mallorca-ESP-_-\u00a9Filip-Bezdek-2025-104-1320x880.jpg 1320w\" sizes=\"auto, (max-width: 1024px) 100vw, 1024px\" \/><\/figure>\n\n\n\n<p><strong>Co pro v\u00e1s p\u0159estup do ryze \u017eensk\u00e9ho t\u00fdmu znamen\u00e1?<\/strong><\/p>\n\n\n\n<p>Ur\u010dit\u011b je to velk\u00fd skok, proto\u017ee jdu do vy\u0161\u0161\u00ed ligy. Ale u\u017e minul\u00fd rok jsem zkusila velk\u00e9 \u017eensk\u00e9 z\u00e1vody jako Gracia nebo Tour de Feminin, tak ta adaptace snad bude trochu snaz\u0161\u00ed. Je to pro m\u011b velk\u00e1 v\u00fdzva a velk\u00e9 plus, proto\u017ee v&nbsp;minul\u00e9m t\u00fdmu jsme byly dv\u011b nebo t\u0159i holky a tady jsem jen v \u017eensk\u00e9m t\u00fdmu.<\/p>\n\n\n\n<p><strong>Berete to tak, \u017ee se prvn\u00edm rokem budete na velk\u00fdch mezin\u00e1rodn\u00edch z\u00e1vodech v&nbsp;elitn\u00ed kategorii hlavn\u011b u\u010dit?<\/strong><\/p>\n\n\n\n<p>Ur\u010dit\u011b, to je jist\u00e9. Ale mysl\u00edm, \u017ee na n\u011bkter\u00fdch z\u00e1vodech dostanu \u0161anci a mohla bych prodat, co u\u017e um\u00edm. R\u00e1da bych se taky n\u011bkde uk\u00e1zala.<\/p>\n\n\n\n<p><strong>Na Evrop\u011b jste z\u00edskala bronz ve spurtu, tak\u017ee je to va\u0161e nejv\u011bt\u0161\u00ed deviza? Co je je\u0161t\u011b va\u0161\u00ed silnou str\u00e1nkou?<\/strong><\/p>\n\n\n\n<p>Mysl\u00edm \u017ee pr\u00e1v\u011b ten spurt, ale uvid\u00edme, jak to p\u016fjde letos. \u017densk\u00fd peloton je zas o n\u011b\u010dem jin\u00e9m ne\u017e ten juniorsk\u00fd, klidn\u011b to m\u016f\u017eu i n\u011bkomu rozj\u00ed\u017ed\u011bt. Krom\u011b toho se um\u00edm i docela slu\u0161n\u011b pohybovat v&nbsp;bal\u00edku.<\/p>\n\n\n\n<figure class=\"wp-block-image size-large\"><img loading=\"lazy\" decoding=\"async\" width=\"1024\" height=\"683\" src=\"https:\/\/www.czechcyclingfederation.com\/wp-content\/uploads\/2025\/03\/ME-Limburg-2024-Juniorky-3-1024x683.jpg\" alt=\"\" class=\"wp-image-34370\" srcset=\"https:\/\/www.czechcyclingfederation.com\/wp-content\/uploads\/2025\/03\/ME-Limburg-2024-Juniorky-3-1024x683.jpg 1024w, https:\/\/www.czechcyclingfederation.com\/wp-content\/uploads\/2025\/03\/ME-Limburg-2024-Juniorky-3-300x200.jpg 300w, https:\/\/www.czechcyclingfederation.com\/wp-content\/uploads\/2025\/03\/ME-Limburg-2024-Juniorky-3-768x512.jpg 768w, https:\/\/www.czechcyclingfederation.com\/wp-content\/uploads\/2025\/03\/ME-Limburg-2024-Juniorky-3-1536x1024.jpg 1536w, https:\/\/www.czechcyclingfederation.com\/wp-content\/uploads\/2025\/03\/ME-Limburg-2024-Juniorky-3-2048x1366.jpg 2048w, https:\/\/www.czechcyclingfederation.com\/wp-content\/uploads\/2025\/03\/ME-Limburg-2024-Juniorky-3-1320x880.jpg 1320w\" sizes=\"auto, (max-width: 1024px) 100vw, 1024px\" \/><\/figure>\n\n\n\n<p><strong>Tu rychlost u\u017e m\u00e1te v sob\u011b od ml\u00e1d\u00ed nebo se to tak postupn\u011b vyprofilovalo?<\/strong><\/p>\n\n\n\n<p>J\u00e1 o tom ani po\u0159\u00e1dn\u011b nev\u011bd\u011bla do t\u00e9 Evropy \ud83d\ude0a. Myslela jsem si, \u017ee um\u00edm sp\u00ed\u0161 kopce. Ale jsem teprve na za\u010d\u00e1tku, mus\u00edm se hodn\u011b v\u011bc\u00ed u\u010dit. Kdy\u017e na sob\u011b budu pracovat, m\u016f\u017eu se posouvat d\u00e1l.<\/p>\n\n\n\n<p><strong>Jak\u00e9 si d\u00e1v\u00e1te c\u00edle v&nbsp;sezon\u011b? Co je pro v\u00e1s vrchol a\u0165 u\u017e na t\u00fdmov\u00e9 nebo reprezenta\u010dn\u00ed \u00farovni?<\/strong><\/p>\n\n\n\n<p>Presti\u017en\u011b beru ka\u017ed\u00fd z\u00e1vod, chci b\u00fdt \u00fasp\u011b\u0161n\u00e1 a taky co nejv\u00edc pomoci t\u00fdmu. V&nbsp;reprezentaci bych se r\u00e1da probojovala t\u0159eba na Evropu a kdyby to vy\u0161lo znovu na medaili, ur\u010dit\u011b se nebudu zlobit.<\/p>\n\n\n\n<p><strong>M\u016f\u017eete popsat svou dosavadn\u00ed kari\u00e9ru? Kdy jste za\u010dala s&nbsp;cyklistikou?<\/strong><\/p>\n\n\n\n<p>Prvn\u00ed z\u00e1vody jsem jela v roce 2012 na biku. Od t\u00e9 doby jezdila hlavn\u011b horsk\u00e1 kola, i n\u011bjak\u00e9 \u010cesk\u00e9 poh\u00e1ry. Ale postupem \u010dasu jsem zjistila, \u017ee biky bez silnice nejdou, \u017ee je pot\u0159eba naj\u00ed\u017ed\u011bt kilometry. No a na konec jsem na silnici \u00fapln\u011b p\u0159esedlala. Celou dobu jsem jezdila v&nbsp;t\u00fdmu z&nbsp;Nov\u00e9ho Ji\u010d\u00edna Forman Cinelli.<\/p>\n\n\n\n<figure class=\"wp-block-image size-large\"><img loading=\"lazy\" decoding=\"async\" width=\"1024\" height=\"683\" src=\"https:\/\/www.czechcyclingfederation.com\/wp-content\/uploads\/2025\/03\/dubcova-1-1-1024x683.jpg\" alt=\"\" class=\"wp-image-34372\" srcset=\"https:\/\/www.czechcyclingfederation.com\/wp-content\/uploads\/2025\/03\/dubcova-1-1-1024x683.jpg 1024w, https:\/\/www.czechcyclingfederation.com\/wp-content\/uploads\/2025\/03\/dubcova-1-1-300x200.jpg 300w, https:\/\/www.czechcyclingfederation.com\/wp-content\/uploads\/2025\/03\/dubcova-1-1-768x512.jpg 768w, https:\/\/www.czechcyclingfederation.com\/wp-content\/uploads\/2025\/03\/dubcova-1-1-1536x1024.jpg 1536w, https:\/\/www.czechcyclingfederation.com\/wp-content\/uploads\/2025\/03\/dubcova-1-1-2048x1365.jpg 2048w, https:\/\/www.czechcyclingfederation.com\/wp-content\/uploads\/2025\/03\/dubcova-1-1-1320x880.jpg 1320w\" sizes=\"auto, (max-width: 1024px) 100vw, 1024px\" \/><\/figure>\n\n\n\n<p><strong>Po \u00fasp\u011b\u0161n\u00e9 minul\u00e9 sezon\u011b jste ne\u010dekan\u011b ozn\u00e1mila, \u017ee s&nbsp;cyklistikou kon\u010d\u00edte kv\u016fli studiu. Byl to jedin\u00fd d\u016fvod?<\/strong><\/p>\n\n\n\n<p>Po dvan\u00e1cti letech m\u011b to v\u0161echno n\u011bjak dohnalo. Z\u00e1vody jsou \u010dasto stresov\u00e9, \u010dek\u00e1 m\u011b te\u010f maturita, p\u0159ij\u00edma\u010dky na vysokou. \u0160kola je pro m\u011b d\u016fle\u017eit\u00e1. Kdy\u017e ud\u011bl\u00e1m jen gymn\u00e1zium, nebude ze m\u011b nic. Proto bych cht\u011bla pokra\u010dovat ve studiu d\u00e1l: bu\u010f fyzioterapii nebo je\u0161t\u011b vy\u0161\u0161\u00ed ligu zuba\u0159inu. Nev\u00edm, kam se dostanu, jak to p\u016fjde skloubit s&nbsp;cyklistikou. Ale v\u011b\u0159\u00edm, \u017ee to zvl\u00e1dnu.<\/p>\n\n\n\n<p><strong>Pro\u010d jste nakonec sv\u00e9 rozhodnut\u00ed o konci kari\u00e9ry p\u0159ehodnotila?<\/strong><\/p>\n\n\n\n<p>Nab\u00eddka od VIF Cycling Teamu byla hodn\u011b zaj\u00edmav\u00e1. Asi m\u011bs\u00edc jsem nad n\u00ed p\u0159em\u00fd\u0161lela, skoro jsem z&nbsp;toho nemohla sp\u00e1t. Nakonec jsem si \u0159ekla, \u017ee kdy\u017e p\u0159i\u0161la takov\u00e1 nab\u00eddka, nem\u016f\u017eu toho nechat.<\/p>\n\n\n\n<p>Foto: Filip Bezd\u011bk<\/p>\n","protected":false},"excerpt":{"rendered":"<p>Vloni je\u0161t\u011b coby juniorka zaz\u00e1\u0159ila \u0160t\u011bp\u00e1nka Dubcov\u00e1 (18) na mistrovstv\u00ed Evropy v\u00a0Belgii, kdy\u017e v\u00a0silni\u010dn\u00edm z\u00e1vod\u011b vybojovala ne\u010dekan\u00fd bronz. P\u0159esto po sezon\u011b zva\u017eovala kv\u016fli studiu ne\u010dekan\u00fd konec kari\u00e9ry. Ten si nakonec rozmyslela a zaznamenala v\u00fdrazn\u00fd kari\u00e9rn\u00ed posun, kdy\u017e podepsala smlouvu v\u00a0nov\u011b vznikl\u00e9m \u017eensk\u00e9m t\u00fdmu VIF Cycling, kde bude z\u00e1vodit s\u00a0\u017eenskou elitou. Za sebou u\u017e dokonce m\u00e1 [&hellip;]<\/p>\n","protected":false},"author":15,"featured_media":34366,"comment_status":"closed","ping_status":"open","sticky":false,"template":"","format":"standard","meta":{"footnotes":""},"categories":[2,18],"tags":[11],"class_list":["post-34363","post","type-post","status-publish","format-standard","has-post-thumbnail","hentry","category-novinky","category-silnice","tag-silnice"],"_links":{"self":[{"href":"https:\/\/www.czechcyclingfederation.com\/en\/wp-json\/wp\/v2\/posts\/34363","targetHints":{"allow":["GET"]}}],"collection":[{"href":"https:\/\/www.czechcyclingfederation.com\/en\/wp-json\/wp\/v2\/posts"}],"about":[{"href":"https:\/\/www.czechcyclingfederation.com\/en\/wp-json\/wp\/v2\/types\/post"}],"author":[{"embeddable":true,"href":"https:\/\/www.czechcyclingfederation.com\/en\/wp-json\/wp\/v2\/users\/15"}],"replies":[{"embeddable":true,"href":"https:\/\/www.czechcyclingfederation.com\/en\/wp-json\/wp\/v2\/comments?post=34363"}],"version-history":[{"count":2,"href":"https:\/\/www.czechcyclingfederation.com\/en\/wp-json\/wp\/v2\/posts\/34363\/revisions"}],"predecessor-version":[{"id":34375,"href":"https:\/\/www.czechcyclingfederation.com\/en\/wp-json\/wp\/v2\/posts\/34363\/revisions\/34375"}],"wp:featuredmedia":[{"embeddable":true,"href":"https:\/\/www.czechcyclingfederation.com\/en\/wp-json\/wp\/v2\/media\/34366"}],"wp:attachment":[{"href":"https:\/\/www.czechcyclingfederation.com\/en\/wp-json\/wp\/v2\/media?parent=34363"}],"wp:term":[{"taxonomy":"category","embeddable":true,"href":"https:\/\/www.czechcyclingfederation.com\/en\/wp-json\/wp\/v2\/categories?post=34363"},{"taxonomy":"post_tag","embeddable":true,"href":"https:\/\/www.czechcyclingfederation.com\/en\/wp-json\/wp\/v2\/tags?post=34363"}],"curies":[{"name":"wp","href":"https:\/\/api.w.org\/{rel}","templated":true}]}}