{"id":3434,"date":"2021-02-08T18:20:05","date_gmt":"2021-02-08T17:20:05","guid":{"rendered":"http:\/\/www.czechcyclingfederation.com\/?p=3434"},"modified":"2021-02-28T22:15:49","modified_gmt":"2021-02-28T21:15:49","slug":"machacova-a-babor-ovladli-mcr-v-omniu","status":"publish","type":"post","link":"https:\/\/www.czechcyclingfederation.com\/en\/machacova-a-babor-ovladli-mcr-v-omniu\/","title":{"rendered":"Macha\u010dov\u00e1 a Babor ovl\u00e1dli M\u010cR v omniu"},"content":{"rendered":"\n<p>Dr\u00e1hov\u00fdmi mistry republiky v omniu, kter\u00e9 bylo z\u00e1rove\u0148 jedn\u00edm z podbik\u016f \u0160KODA \u010cesk\u00fd poh\u00e1r 2020\/21 se dnes v hale v Motole stali Jarmila Macha\u010dov\u00e1 z Dukly Praha a mezi mu\u017ei na odlo\u017een\u00e9m \u0161ampion\u00e1tu z prosince Daniel Babor (TUFO PARDUS Prost\u011bjov). T<\/p>\n\n\n\n<p>Babor na nejvy\u0161\u0161\u00edm stupni vyst\u0159\u00eddal Petra Kelemena, kter\u00fd tentokr\u00e1t nestartoval. Za Baborem skon\u010dil druh\u00fd Jan Kraus a bronz z\u00edskal Nicolas Pietrula (oba Dukly Praha).&nbsp;<\/p>\n\n\n\n<p>Ceny nejlep\u0161\u00edm mu\u017e\u016fm i \u017een\u00e1m p\u0159edal \u0159editel Arm\u00e1dn\u00edho sportovn\u00edho centra Dukly Praha Pavel Benc a m\u011bl jist\u011b radost. Obh\u00e1jkyni zlata doprovodily na stupn\u011b nejlep\u0161\u00edch dal\u0161\u00ed dv\u011b cyklistky Dukly Petra \u0160ev\u010d\u00edkov\u00e1 a Kate\u0159ina Kohoutkov\u00e1.<\/p>\n\n\n\n<p>V\u00fdsledky:<\/p>\n\n\n\n<p>\u017deny:<\/p>\n\n\n\n<p>1. Macha\u010dov\u00e1 186, 2. \u0160ev\u010d\u00edkov\u00e1 180, 3. Kohoutkov\u00e1 152, 4. Burlov\u00e1 140, 5. S. D\u017eerengov\u00e1 (v\u0161echny Dukla Praha) 88, 6. V. Barton\u00edkov\u00e1 (Dukla Brno) 72.<\/p>\n\n\n\n<p>Mu\u017ei:<\/p>\n\n\n\n<p>1. Babor (TUFO PARDUS Prost\u011bjov) 170, 2. Kraus 144, 3. Pietrula 130, 4. Pavel Kelemen (v\u0161ichni Dukla Praha) 111, 5. \u0158eha 104, 6. Doln\u00ed\u010dek (oba TUFO PARDUS Prost\u011bjov) 81.<\/p>\n\n\n\n<p>FOTO Milan Kadlec a Luk\u00e1\u0161 Thun<\/p>\n\n\n\n<figure class=\"wp-block-image size-large\"><img loading=\"lazy\" decoding=\"async\" width=\"1024\" height=\"768\" src=\"https:\/\/www.czechcyclingfederation.com\/wp-content\/uploads\/2021\/02\/IMG-20210208-WA0005.jpg\" alt=\"\" class=\"wp-image-3436\" srcset=\"https:\/\/www.czechcyclingfederation.com\/wp-content\/uploads\/2021\/02\/IMG-20210208-WA0005.jpg 1024w, https:\/\/www.czechcyclingfederation.com\/wp-content\/uploads\/2021\/02\/IMG-20210208-WA0005-267x200.jpg 267w, https:\/\/www.czechcyclingfederation.com\/wp-content\/uploads\/2021\/02\/IMG-20210208-WA0005-768x576.jpg 768w\" sizes=\"auto, (max-width: 1024px) 100vw, 1024px\" \/><\/figure>\n\n\n\n<figure class=\"wp-block-image size-large\"><img loading=\"lazy\" decoding=\"async\" width=\"1024\" height=\"768\" src=\"http:\/\/www.czechcyclingfederation.com\/wp-content\/uploads\/2021\/02\/IMG-20210208-WA0004.jpg\" alt=\"\" class=\"wp-image-3435\" srcset=\"https:\/\/www.czechcyclingfederation.com\/wp-content\/uploads\/2021\/02\/IMG-20210208-WA0004.jpg 1024w, https:\/\/www.czechcyclingfederation.com\/wp-content\/uploads\/2021\/02\/IMG-20210208-WA0004-267x200.jpg 267w, https:\/\/www.czechcyclingfederation.com\/wp-content\/uploads\/2021\/02\/IMG-20210208-WA0004-768x576.jpg 768w\" sizes=\"auto, (max-width: 1024px) 100vw, 1024px\" \/><\/figure>\n","protected":false},"excerpt":{"rendered":"<p>Dr\u00e1hov\u00fdmi mistry republiky v omniu, kter\u00e9 bylo z\u00e1rove\u0148 jedn\u00edm z podbik\u016f \u0160KODA \u010cesk\u00fd poh\u00e1r 2020\/21 se dnes v hale v Motole stali Jarmila Macha\u010dov\u00e1 z Dukly Praha a mezi mu\u017ei na odlo\u017een\u00e9m \u0161ampion\u00e1tu z prosince Daniel Babor (TUFO PARDUS Prost\u011bjov). T Babor na nejvy\u0161\u0161\u00edm stupni vyst\u0159\u00eddal Petra Kelemena, kter\u00fd tentokr\u00e1t nestartoval. Za Baborem skon\u010dil druh\u00fd [&hellip;]<\/p>\n","protected":false},"author":8,"featured_media":3435,"comment_status":"closed","ping_status":"open","sticky":false,"template":"","format":"standard","meta":{"footnotes":""},"categories":[54,2],"tags":[9],"class_list":["post-3434","post","type-post","status-publish","format-standard","has-post-thumbnail","hentry","category-draha","category-novinky","tag-draha"],"_links":{"self":[{"href":"https:\/\/www.czechcyclingfederation.com\/en\/wp-json\/wp\/v2\/posts\/3434","targetHints":{"allow":["GET"]}}],"collection":[{"href":"https:\/\/www.czechcyclingfederation.com\/en\/wp-json\/wp\/v2\/posts"}],"about":[{"href":"https:\/\/www.czechcyclingfederation.com\/en\/wp-json\/wp\/v2\/types\/post"}],"author":[{"embeddable":true,"href":"https:\/\/www.czechcyclingfederation.com\/en\/wp-json\/wp\/v2\/users\/8"}],"replies":[{"embeddable":true,"href":"https:\/\/www.czechcyclingfederation.com\/en\/wp-json\/wp\/v2\/comments?post=3434"}],"version-history":[{"count":2,"href":"https:\/\/www.czechcyclingfederation.com\/en\/wp-json\/wp\/v2\/posts\/3434\/revisions"}],"predecessor-version":[{"id":3614,"href":"https:\/\/www.czechcyclingfederation.com\/en\/wp-json\/wp\/v2\/posts\/3434\/revisions\/3614"}],"wp:featuredmedia":[{"embeddable":true,"href":"https:\/\/www.czechcyclingfederation.com\/en\/wp-json\/wp\/v2\/media\/3435"}],"wp:attachment":[{"href":"https:\/\/www.czechcyclingfederation.com\/en\/wp-json\/wp\/v2\/media?parent=3434"}],"wp:term":[{"taxonomy":"category","embeddable":true,"href":"https:\/\/www.czechcyclingfederation.com\/en\/wp-json\/wp\/v2\/categories?post=3434"},{"taxonomy":"post_tag","embeddable":true,"href":"https:\/\/www.czechcyclingfederation.com\/en\/wp-json\/wp\/v2\/tags?post=3434"}],"curies":[{"name":"wp","href":"https:\/\/api.w.org\/{rel}","templated":true}]}}