{"id":343,"date":"2020-05-28T03:10:41","date_gmt":"2020-05-28T01:10:41","guid":{"rendered":"http:\/\/www.czechcyclingfederation.com\/?p=343"},"modified":"2020-07-16T13:41:09","modified_gmt":"2020-07-16T11:41:09","slug":"uci-informuje-ze-se-sp-mtb-v-kanade-neuskutecni","status":"publish","type":"post","link":"https:\/\/www.czechcyclingfederation.com\/en\/uci-informuje-ze-se-sp-mtb-v-kanade-neuskutecni\/","title":{"rendered":"UCI informuje, \u017ee se SP MTB v Kanad\u011b neuskute\u010dn\u00ed"},"content":{"rendered":"\n<p>UCI informuje, \u017ee na \u017e\u00e1dost organiz\u00e1tor\u016f se leto\u0161n\u00ed sv\u011btov\u00fd poh\u00e1r v horsk\u00fdch kolech (21.-23.srpna) v kanadsk\u00e9m Mont-Sainte-Anne neuskute\u010dn\u00ed.<\/p>\n\n\n\n<p>V\u00edce informac\u00ed naleznete n\u00ed\u017ee:<br><a href=\"https:\/\/www.uci.org\/inside-uci\/press-releases\/mercedes-benz-uci-mountain-bike-world-cup-cancellation-of-round-in-mont-sainte-anne-canada\">https:\/\/www.uci.org\/inside-uci\/press-releases\/mercedes-benz-uci-mountain-bike-world-cup-cancellation-of-round-in-mont-sainte-anne-canada<\/a><\/p>\n","protected":false},"excerpt":{"rendered":"<p>UCI informuje, \u017ee na \u017e\u00e1dost organiz\u00e1tor\u016f se leto\u0161n\u00ed sv\u011btov\u00fd poh\u00e1r v horsk\u00fdch kolech (21.-23.srpna) v kanadsk\u00e9m Mont-Sainte-Anne neuskute\u010dn\u00ed. V\u00edce informac\u00ed naleznete n\u00ed\u017ee:https:\/\/www.uci.org\/inside-uci\/press-releases\/mercedes-benz-uci-mountain-bike-world-cup-cancellation-of-round-in-mont-sainte-anne-canada<\/p>\n","protected":false},"author":1,"featured_media":81,"comment_status":"closed","ping_status":"open","sticky":false,"template":"","format":"standard","meta":{"footnotes":""},"categories":[2],"tags":[56],"class_list":["post-343","post","type-post","status-publish","format-standard","has-post-thumbnail","hentry","category-novinky","tag-uci"],"_links":{"self":[{"href":"https:\/\/www.czechcyclingfederation.com\/en\/wp-json\/wp\/v2\/posts\/343","targetHints":{"allow":["GET"]}}],"collection":[{"href":"https:\/\/www.czechcyclingfederation.com\/en\/wp-json\/wp\/v2\/posts"}],"about":[{"href":"https:\/\/www.czechcyclingfederation.com\/en\/wp-json\/wp\/v2\/types\/post"}],"author":[{"embeddable":true,"href":"https:\/\/www.czechcyclingfederation.com\/en\/wp-json\/wp\/v2\/users\/1"}],"replies":[{"embeddable":true,"href":"https:\/\/www.czechcyclingfederation.com\/en\/wp-json\/wp\/v2\/comments?post=343"}],"version-history":[{"count":1,"href":"https:\/\/www.czechcyclingfederation.com\/en\/wp-json\/wp\/v2\/posts\/343\/revisions"}],"predecessor-version":[{"id":344,"href":"https:\/\/www.czechcyclingfederation.com\/en\/wp-json\/wp\/v2\/posts\/343\/revisions\/344"}],"wp:featuredmedia":[{"embeddable":true,"href":"https:\/\/www.czechcyclingfederation.com\/en\/wp-json\/wp\/v2\/media\/81"}],"wp:attachment":[{"href":"https:\/\/www.czechcyclingfederation.com\/en\/wp-json\/wp\/v2\/media?parent=343"}],"wp:term":[{"taxonomy":"category","embeddable":true,"href":"https:\/\/www.czechcyclingfederation.com\/en\/wp-json\/wp\/v2\/categories?post=343"},{"taxonomy":"post_tag","embeddable":true,"href":"https:\/\/www.czechcyclingfederation.com\/en\/wp-json\/wp\/v2\/tags?post=343"}],"curies":[{"name":"wp","href":"https:\/\/api.w.org\/{rel}","templated":true}]}}