{"id":3429,"date":"2021-02-08T14:22:28","date_gmt":"2021-02-08T13:22:28","guid":{"rendered":"http:\/\/www.czechcyclingfederation.com\/?p=3429"},"modified":"2021-02-08T14:22:28","modified_gmt":"2021-02-08T13:22:28","slug":"podporte-prosim-lecbu-lubose-loma","status":"publish","type":"post","link":"https:\/\/www.czechcyclingfederation.com\/en\/podporte-prosim-lecbu-lubose-loma\/","title":{"rendered":"Podpo\u0159te, pros\u00edm, l\u00e9\u010dbu Lubo\u0161e Loma"},"content":{"rendered":"\n<p><strong>Lubo\u0161 Lom<\/strong>\u00a0&#8211; Odchovanec dnes u\u017e neexistuj\u00edc\u00ed Lokomotivy Kladno, z\u00e1vodn\u00edk P\u0159\u00edbrami a dlouh\u00e1 l\u00e9ta za pra\u017esk\u00e9 Dukly. Exceloval hlavn\u011b na dr\u00e1ze\u00a0, by\u0165 se i\u00a0silnici sna\u017eil ne\u0161idit.<\/p>\n\n\n\n<p>Starty: 3\u00d7 \u00fa\u010dast na Giro d\u00b4Italia, 2\u00d7Vuelta, klasiky Milano &#8211; San Remo, Pa\u0159\u00ed\u017e \u2013 Roubaix a cel\u00e1 \u0159ada dal\u0161\u00edch sv\u011btov\u00fdch z\u00e1vod\u016f v\u010detn\u011b LOH 1988 v Soulu.<\/p>\n\n\n\n<p>V roce 2013 Lubo\u0161e a celou rodinu zas\u00e1hla jeho diagn\u00f3za &#8211; mnoho\u010detn\u00fd myelom &#8211; onkologick\u00e9 onemocn\u011bn\u00ed kostn\u00ed d\u0159en\u011b.<\/p>\n\n\n\n<p>Na za\u010d\u00e1tku listopadu 2020 jim l\u00e9ka\u0159i ozn\u00e1mili, \u017ee dal\u0161\u00ed l\u00e9\u010dba pro n\u011bj v \u010cR neexistuje. <\/p>\n\n\n\n<p>A\u017e na klinice v n\u011bmeck\u00e9m Chemnitzu jim dali novou nad\u011bji. Stanoven\u00e1 l\u00e9\u010dba v tuto chv\u00edli nad o\u010dek\u00e1v\u00e1n\u00ed zab\u00edr\u00e1, bohu\u017eel je ale velmi n\u00e1kladn\u00e1.\u00a0Finance na prvn\u00ed cykly l\u00e9\u010dby se poda\u0159ily d\u00e1t rodin\u011b dohromady, bohu\u017eel je je\u0161t\u011b zapot\u0159eb\u00ed d\u00e1t dohromady <strong>minim\u00e1ln\u011b 75 000 EUR,\u00a0tedy bezm\u00e1la 2 000 000 CZK.<\/strong><\/p>\n\n\n\n<p>Pros\u00edm nebu\u010fte lhostejn\u00ed a p\u0159isp\u011bjte. Ka\u017ed\u00e1 \u010d\u00e1stka je u\u017eite\u010dn\u00e1.<\/p>\n\n\n\n<p>Pod n\u00e1sleduj\u00edc\u00edm odkazem zjist\u00edte v\u00edce (v\u010detn\u011b transparentn\u00edho \u00fa\u010dtu):<\/p>\n\n\n\n<p><a href=\"https:\/\/lubos-myelom9.webnode.cz\/\"><strong>https:\/\/lubos-myelom9.webnode.cz\/<\/strong><\/a><\/p>\n\n\n\n<figure class=\"wp-block-image size-large\"><img loading=\"lazy\" decoding=\"async\" width=\"450\" height=\"306\" src=\"https:\/\/www.czechcyclingfederation.com\/wp-content\/uploads\/2021\/02\/Paris-Roubaix-1994-01-8.jpg\" alt=\"\" class=\"wp-image-3431\" srcset=\"https:\/\/www.czechcyclingfederation.com\/wp-content\/uploads\/2021\/02\/Paris-Roubaix-1994-01-8.jpg 450w, https:\/\/www.czechcyclingfederation.com\/wp-content\/uploads\/2021\/02\/Paris-Roubaix-1994-01-8-294x200.jpg 294w\" sizes=\"auto, (max-width: 450px) 100vw, 450px\" \/><\/figure>\n\n\n\n<p><\/p>\n","protected":false},"excerpt":{"rendered":"<p>Lubo\u0161 Lom\u00a0&#8211; Odchovanec dnes u\u017e neexistuj\u00edc\u00ed Lokomotivy Kladno, z\u00e1vodn\u00edk P\u0159\u00edbrami a dlouh\u00e1 l\u00e9ta za pra\u017esk\u00e9 Dukly. Exceloval hlavn\u011b na dr\u00e1ze\u00a0, by\u0165 se i\u00a0silnici sna\u017eil ne\u0161idit. Starty: 3\u00d7 \u00fa\u010dast na Giro d\u00b4Italia, 2\u00d7Vuelta, klasiky Milano &#8211; San Remo, Pa\u0159\u00ed\u017e \u2013 Roubaix a cel\u00e1 \u0159ada dal\u0161\u00edch sv\u011btov\u00fdch z\u00e1vod\u016f v\u010detn\u011b LOH 1988 v Soulu. V roce 2013 Lubo\u0161e [&hellip;]<\/p>\n","protected":false},"author":1,"featured_media":3430,"comment_status":"closed","ping_status":"open","sticky":false,"template":"","format":"standard","meta":{"footnotes":""},"categories":[28,2,1],"tags":[119],"class_list":["post-3429","post","type-post","status-publish","format-standard","has-post-thumbnail","hentry","category-cesky-svaz-cyklistiky","category-novinky","category-uncategorized-cs","tag-csc"],"_links":{"self":[{"href":"https:\/\/www.czechcyclingfederation.com\/en\/wp-json\/wp\/v2\/posts\/3429","targetHints":{"allow":["GET"]}}],"collection":[{"href":"https:\/\/www.czechcyclingfederation.com\/en\/wp-json\/wp\/v2\/posts"}],"about":[{"href":"https:\/\/www.czechcyclingfederation.com\/en\/wp-json\/wp\/v2\/types\/post"}],"author":[{"embeddable":true,"href":"https:\/\/www.czechcyclingfederation.com\/en\/wp-json\/wp\/v2\/users\/1"}],"replies":[{"embeddable":true,"href":"https:\/\/www.czechcyclingfederation.com\/en\/wp-json\/wp\/v2\/comments?post=3429"}],"version-history":[{"count":1,"href":"https:\/\/www.czechcyclingfederation.com\/en\/wp-json\/wp\/v2\/posts\/3429\/revisions"}],"predecessor-version":[{"id":3432,"href":"https:\/\/www.czechcyclingfederation.com\/en\/wp-json\/wp\/v2\/posts\/3429\/revisions\/3432"}],"wp:featuredmedia":[{"embeddable":true,"href":"https:\/\/www.czechcyclingfederation.com\/en\/wp-json\/wp\/v2\/media\/3430"}],"wp:attachment":[{"href":"https:\/\/www.czechcyclingfederation.com\/en\/wp-json\/wp\/v2\/media?parent=3429"}],"wp:term":[{"taxonomy":"category","embeddable":true,"href":"https:\/\/www.czechcyclingfederation.com\/en\/wp-json\/wp\/v2\/categories?post=3429"},{"taxonomy":"post_tag","embeddable":true,"href":"https:\/\/www.czechcyclingfederation.com\/en\/wp-json\/wp\/v2\/tags?post=3429"}],"curies":[{"name":"wp","href":"https:\/\/api.w.org\/{rel}","templated":true}]}}