{"id":34283,"date":"2025-03-03T12:18:50","date_gmt":"2025-03-03T11:18:50","guid":{"rendered":"https:\/\/www.czechcyclingfederation.com\/?p=34283"},"modified":"2025-03-03T12:20:24","modified_gmt":"2025-03-03T11:20:24","slug":"registrace-skoda-prazskeho-mtb-poharu-2025-se-otevre-v-pondeli-10-brezna","status":"publish","type":"post","link":"https:\/\/www.czechcyclingfederation.com\/en\/registrace-skoda-prazskeho-mtb-poharu-2025-se-otevre-v-pondeli-10-brezna\/","title":{"rendered":"Registrace \u0160KODA Pra\u017esk\u00e9ho MTB poh\u00e1ru 2025 se otev\u0159e v pond\u011bl\u00ed 10. b\u0159ezna"},"content":{"rendered":"\n<p>V pond\u011bl\u00ed 10. b\u0159ezna v 10:00 se otev\u0159e registra\u010dn\u00ed syst\u00e9m pro \u00favodn\u00ed z\u00e1vody volno\u010dasov\u00e9ho seri\u00e1lu horsk\u00fdch kol v olympijsk\u00e9m cross country pro v\u0161echny v\u011bkov\u00e9 a v\u00fdkonnostn\u00ed kategorie cyklist\u016f, v\u010detn\u011b cyklist\u016f s handicapem: \u0160KODA Pra\u017esk\u00fd MTB poh\u00e1r 2025. Motolsk\u00fd z\u00e1vod je u\u017e tradi\u010dn\u00edm otv\u00edr\u00e1kem tuzemsk\u00e9 XCO z\u00e1vodn\u00ed sez\u00f3ny a \u00fa\u010dastn\u00ed se ho bike\u0159i z cel\u00e9 \u010cesk\u00e9 republiky i ze zahrani\u010d\u00ed.<\/p>\n\n\n\n<p>Motolsk\u00e9 traily budou v term\u00ednu 29. a 30. b\u0159ezna d\u011bji\u0161t\u011bm \u00favodn\u00edch dvou kol, u\u017e t\u0159in\u00e1ct\u00e9ho ro\u010dn\u00edku \u0160KODA Pra\u017esk\u00e9ho MTB poh\u00e1ru. A po\u0159adatelsk\u00fd t\u00fdm SK Cyklist\u016f Praha Nutrend Specialized SKR zvolil pro bikery hned v \u00favodu sez\u00f3ny zaj\u00edmav\u00fd program. V sobotu 29. b\u0159ezna, po klasick\u00e9m dopoledn\u00edm programu d\u011btsk\u00fdch z\u00e1vod\u016f, se na start roz\u0159azovac\u00ed \u010dasovky na jedno kolo okruhu XCC postupn\u011b postav\u00ed jezdci v\u0161ech kategori\u00ed, od \u017e\u00e1k\u016f a\u017e po Masters. Na z\u00e1klad\u011b v\u00fdsledk\u016f \u010dasovky pak jezdci nastoup\u00ed do odpoledn\u00edho z\u00e1vodu v Short tracku, kter\u00fd bude z\u00e1rove\u0148 historicky prvn\u00edm mistrovstv\u00edm Prahy v t\u00e9to discipl\u00edn\u011b a z\u00e1rove\u0148 i prvn\u00edm open mistrovsk\u00fdm z\u00e1vodem v Short tracku v koncepci volno\u010dasov\u00fdch z\u00e1vod\u016f pro \u0161irokou ve\u0159ejnost v \u010cesk\u00e9 republice.<\/p>\n\n\n\n<p>Dlouhodob\u00fd partner seri\u00e1lu, od\u011bvn\u00ed spole\u010dnost S\u00fdkora s.r.o pro tuto p\u0159\u00edle\u017eitost navrhla a p\u0159ipravuje speci\u00e1ln\u00ed kolekci dres\u016f, kter\u00fd si na stupn\u00edch v\u00edt\u011bz\u016f oble\u010de ka\u017ed\u00fd z v\u00edt\u011bz\u016f jednotliv\u00fdch kategori\u00ed.&nbsp;&nbsp;<\/p>\n\n\n\n<p>\u201eShort track je dnes ned\u00edlnou sou\u010d\u00e1st\u00ed Sv\u011btov\u00e9ho poh\u00e1ru, je na programu mistrovstv\u00ed sv\u011bta i Evropy a uva\u017euje se o jeho za\u0159azen\u00ed do programu olympijsk\u00fdch her u\u017e od Los Angeles 2028. V na\u0161em seri\u00e1lu z\u00e1vod\u00ed budouc\u00ed i sou\u010dasn\u00e1 generace biker\u016f, je \u017e\u00e1douc\u00ed, aby se z\u00e1vodnice a z\u00e1vodn\u00edci u\u017e od \u00fatl\u00e9ho v\u011bku tuto discipl\u00ednu nau\u010dili jezdit a zvykli si i na novodobou sou\u010d\u00e1st programu, kdy na z\u00e1vod XCC navazuje n\u00e1sleduj\u00edc\u00ed den z\u00e1vod XCO, co\u017e je pom\u011brn\u011b n\u00e1ro\u010dn\u00e1 z\u00e1le\u017eitost psychicky i fyzicky. Proto chceme Short track za\u0159azovat do programu na\u0161ich z\u00e1vod\u016f a budeme r\u00e1di, kdy\u017e se k n\u00e1m p\u0159id\u00e1 i n\u011bkter\u00fd dal\u0161\u00ed z \u010desk\u00fdch volno\u010dasov\u00fdch seri\u00e1l\u016f XCO. Nav\u00edc, v na\u0161em p\u0159\u00edpad\u011b, na z\u00e1klad\u011b v\u00fdsledk\u016f z\u00e1vodu XCC jde o velmi vhodnou a spravedlivou formu \u0159azen\u00ed jezdc\u016f na startovn\u00ed ro\u0161t \u00favodn\u00edho z\u00e1vodu XCO,\u201c objas\u0148uje z\u00e1m\u011br po\u0159adatel\u016f a \u0161\u00e9f organiza\u010dn\u00edho t\u00fdmu a jeden ze zakladatel\u016f Pra\u017esk\u00e9ho MTB poh\u00e1ru, Viktor Zapletal.<\/p>\n\n\n\n<p>Ned\u011bln\u00ed program u\u017e bude cel\u00fd v tradi\u010dn\u00ed koncepci z\u00e1vod\u016f XCO. Z\u00e1vod se pojede jako Memori\u00e1l Petra Marka, zakladatele \u010desk\u00e9ho MTB, prezidenta \u010cesk\u00e9ho cyklistick\u00e9ho svazu a sportovn\u00edho vizion\u00e1\u0159e, kter\u00fd v\u00fdznamn\u00fdm zp\u016fsobem pozvednul \u00farove\u0148 \u010desk\u00e9 cyklistiky na v\u0161ech \u00farovn\u00edch.<\/p>\n\n\n\n<p>Term\u00edny z\u00e1vod\u016f \u0160KODA Pra\u017esk\u00e9ho MTB poh\u00e1ru 2025:<\/p>\n\n\n\n<p>sobota 29. b\u0159ezna: Traily Motol (XCC) &#8211; mistrovstv\u00ed Prahy<\/p>\n\n\n\n<p>ned\u011ble 30. b\u0159ezna: Traily Motol ( XCO) &#8211; Memori\u00e1l Petra Marka<\/p>\n\n\n\n<p>\u010dtvrtek 1. kv\u011btna: Lesopark Let\u0148any &#8211; Kbely (XCO) &#8211; Knauf Velk\u00e1 cena M\u010c Praha Kbely&nbsp;<\/p>\n\n\n\n<p>sobota 28. \u010dervna: Bike Arena Zli\u010d\u00edn (XCO) &#8211; Velk\u00e1 cena Caf\u00e9 Calabrone&nbsp;<\/p>\n\n\n\n<p>ned\u011ble 29. \u010dervna: Bike Arena Zli\u010d\u00edn (XCO) &#8211; mistrovstv\u00ed Prahy<\/p>\n\n\n\n<p>FOTO Pavel K\u0159ikava&nbsp;<\/p>\n","protected":false},"excerpt":{"rendered":"<p>V pond\u011bl\u00ed 10. b\u0159ezna v 10:00 se otev\u0159e registra\u010dn\u00ed syst\u00e9m pro \u00favodn\u00ed z\u00e1vody volno\u010dasov\u00e9ho seri\u00e1lu horsk\u00fdch kol v olympijsk\u00e9m cross country pro v\u0161echny v\u011bkov\u00e9 a v\u00fdkonnostn\u00ed kategorie cyklist\u016f, v\u010detn\u011b cyklist\u016f s handicapem: \u0160KODA Pra\u017esk\u00fd MTB poh\u00e1r 2025. Motolsk\u00fd z\u00e1vod je u\u017e tradi\u010dn\u00edm otv\u00edr\u00e1kem tuzemsk\u00e9 XCO z\u00e1vodn\u00ed sez\u00f3ny a \u00fa\u010dastn\u00ed se ho bike\u0159i z cel\u00e9 \u010cesk\u00e9 [&hellip;]<\/p>\n","protected":false},"author":8,"featured_media":34284,"comment_status":"closed","ping_status":"open","sticky":false,"template":"","format":"standard","meta":{"footnotes":""},"categories":[6,2],"tags":[10],"class_list":["post-34283","post","type-post","status-publish","format-standard","has-post-thumbnail","hentry","category-mtb","category-novinky","tag-mtb"],"_links":{"self":[{"href":"https:\/\/www.czechcyclingfederation.com\/en\/wp-json\/wp\/v2\/posts\/34283","targetHints":{"allow":["GET"]}}],"collection":[{"href":"https:\/\/www.czechcyclingfederation.com\/en\/wp-json\/wp\/v2\/posts"}],"about":[{"href":"https:\/\/www.czechcyclingfederation.com\/en\/wp-json\/wp\/v2\/types\/post"}],"author":[{"embeddable":true,"href":"https:\/\/www.czechcyclingfederation.com\/en\/wp-json\/wp\/v2\/users\/8"}],"replies":[{"embeddable":true,"href":"https:\/\/www.czechcyclingfederation.com\/en\/wp-json\/wp\/v2\/comments?post=34283"}],"version-history":[{"count":1,"href":"https:\/\/www.czechcyclingfederation.com\/en\/wp-json\/wp\/v2\/posts\/34283\/revisions"}],"predecessor-version":[{"id":34286,"href":"https:\/\/www.czechcyclingfederation.com\/en\/wp-json\/wp\/v2\/posts\/34283\/revisions\/34286"}],"wp:featuredmedia":[{"embeddable":true,"href":"https:\/\/www.czechcyclingfederation.com\/en\/wp-json\/wp\/v2\/media\/34284"}],"wp:attachment":[{"href":"https:\/\/www.czechcyclingfederation.com\/en\/wp-json\/wp\/v2\/media?parent=34283"}],"wp:term":[{"taxonomy":"category","embeddable":true,"href":"https:\/\/www.czechcyclingfederation.com\/en\/wp-json\/wp\/v2\/categories?post=34283"},{"taxonomy":"post_tag","embeddable":true,"href":"https:\/\/www.czechcyclingfederation.com\/en\/wp-json\/wp\/v2\/tags?post=34283"}],"curies":[{"name":"wp","href":"https:\/\/api.w.org\/{rel}","templated":true}]}}