{"id":34246,"date":"2025-03-02T18:00:00","date_gmt":"2025-03-02T17:00:00","guid":{"rendered":"https:\/\/www.czechcyclingfederation.com\/?p=34246"},"modified":"2025-03-03T07:16:58","modified_gmt":"2025-03-03T06:16:58","slug":"cesti-bikeri-uspesni-na-zavodech-v-recku","status":"publish","type":"post","link":"https:\/\/www.czechcyclingfederation.com\/en\/cesti-bikeri-uspesni-na-zavodech-v-recku\/","title":{"rendered":"\u010ce\u0161t\u00ed bike\u0159i \u00fasp\u011b\u0161n\u00ed na z\u00e1vodech v \u0158ecku"},"content":{"rendered":"\n<p><strong>\u010cesk\u00fd reprezenta\u010dn\u00ed t\u00fdm zah\u00e1jil \u0159eckou p\u011btid\u00edlnou s\u00e9rii z\u00e1vod\u016f na ostrov\u011b Salamina p\u00f3diov\u00fdm um\u00edst\u011bn\u00edm. P\u011bt presti\u017en\u00edch UCI z\u00e1vod\u016f Salamina Races zapsan\u00fdch v kategori\u00edch C2 a C1 vyvrchol\u00ed akc\u00ed v kategorii HC.\u00a0<\/strong><\/p>\n\n\n\n<p>V sobotn\u00edm z\u00e1vod\u011b se da\u0159ilo Janu Zatloukali, kter\u00fd si druh\u00fdm m\u00edstem p\u0159ipsal na sv\u00e9 konto dal\u0161\u00ed d\u016fle\u017eit\u00e9 UCI body. Na \u00fasp\u011bch v ned\u011bli nav\u00e1zala juniorka Am\u00e1lie Gottwaldov\u00e1, ta v z\u00e1vod\u011b C1 jasn\u011b zv\u00edt\u011bzila. V elitn\u00edm z\u00e1vod\u011b \u017een se do nejlep\u0161\u00ed p\u011btky dostaly dv\u011b \u010desk\u00e9 z\u00e1vodnice. \u010ctvrt\u00e1 skon\u010dila Eli\u0161ka Han\u00e1kov\u00e1 a p\u00e1t\u00e1 Ad\u00e9la Holubov\u00e1. V elitn\u00edm z\u00e1vod\u011b mu\u017e\u016f dok\u00e1zal i ve t\u0159et\u00edm z\u00e1vod\u011b v \u0159ad\u011b bodovat Jan Zatloukal na jeden\u00e1ct\u00e9m m\u00edst\u011b a cenn\u00e9 body do rankingu si p\u0159ipsal i Jan S\u00e1ska na dvan\u00e1ct\u00e9m m\u00edst\u011b. T\u0159iadvac\u00edtk\u00e1\u0159 David Friedel dokon\u010dil z\u00e1vod na \u010dtrn\u00e1ct\u00e9m m\u00edst\u011b.&nbsp;<\/p>\n\n\n\n<p><em>\u201eZat\u00edm na\u0161e \u0159eck\u00e9 soust\u0159ed\u011bn\u00ed se z\u00e1vody pln\u00ed z\u00e1m\u011br. V&nbsp;p\u00e1tek a v&nbsp;ned\u011bli startovali v\u0161ichni na\u0161i jezdci, v&nbsp;sobotu pak z&nbsp;na\u0161ich jenom Honza Zatloukal. Ten tak\u00e9 bodoval ve v\u0161ech t\u0159ech z\u00e1vodech a m\u011bl by tak sni\u017eovat bodov\u00e9 manko, kter\u00e9 m\u00e1 z&nbsp;l\u00e9ta, kdy m\u011bl t\u00e9m\u011b\u0159 dvoum\u011bs\u00ed\u010dn\u00ed z\u00e1vodn\u00ed v\u00fdpadek kv\u016fli zran\u011bn\u00ed v&nbsp;z\u00e1vod\u011b Sv\u011btov\u00e9ho poh\u00e1ru. V\u00fdrazn\u011b lep\u0161\u00ed projev m\u011bla v&nbsp;ned\u011bli Ad\u00e9la Holubov\u00e1 i Honza S\u00e1ska. Radost mi d\u011bl\u00e1 juniorka Am\u00e1lka Gottwaldov\u00e1, kter\u00e1 v&nbsp;ned\u011bli zv\u00edt\u011bzila a v p\u00e1tek byla druh\u00e1. V&nbsp;jej\u00edm p\u0159\u00edpad\u011b nejde a\u017e tak o um\u00edst\u011bn\u00ed jako o skute\u010dnost, \u017ee po cel\u00fd z\u00e1vod dok\u00e1\u017ee dr\u017eet krok s&nbsp;elitn\u00edmi \u017eenami. Krok s&nbsp;eli\u0165\u00e1kama dr\u017e\u00ed prvoro\u010d\u00e1k v&nbsp;kategorii U23 David Friedel. P\u0159echod z junior\u016f do z\u00e1vod\u016f t\u00e9hle \u00farovn\u011b nen\u00ed lehk\u00e1 v\u011bc, ale David je talentovan\u00fd a m\u00e1 za sebou kvalitn\u00ed zimn\u00ed p\u0159\u00edpravu. P\u011bkn\u011b jede tak\u00e9 t\u0159iadvac\u00edtk\u00e1\u0159ka Eli\u0161ka Han\u00e1kov\u00e1, kter\u00e1 obsadila v&nbsp;z\u00e1vod\u011b elitn\u00edch \u017een v&nbsp;p\u00e1tek i v&nbsp;ned\u011bli \u010dtvrt\u00e9 m\u00edsto a tak\u00e9 ona by se m\u011bla posunout v&nbsp;rankingu UCI. Ov\u0161em je pot\u0159eba konstatovat, \u017ee zat\u00edmco v&nbsp;p\u0159\u00edpad\u011b mu\u017e\u016f si to tady evropsk\u00e1 \u0161pi\u010dka rozd\u00e1v\u00e1 v\u00edcem\u00e9n\u011b vyrovnan\u011b, tak nemilosrdn\u00fdm zrcadlem z\u00e1vodu \u017een je v\u00fdkonnost v\u00edt\u011bzky p\u00e1te\u010dn\u00edho i ned\u011bln\u00edho z\u00e1vodu a druh\u00e9 \u017eeny rankingu UCI, Candice Lill, kter\u00e1 vyhr\u00e1v\u00e1 skute\u010dn\u011b rozd\u00edlem t\u0159\u00eddy,\u201c<\/em> zhodnotil prvn\u00ed reprezenta\u010dn\u00ed starty \u010desk\u00fdch z\u00e1vodn\u00edk\u016f tren\u00e9r Viktor Zapletal.<\/p>\n\n\n\n<p>\u010cesk\u00fd reprezenta\u010dn\u00ed t\u00fdm pokra\u010duje v z\u00e1vodn\u00edm programu 6. b\u0159ezna z\u00e1vodem C1 a n\u00e1sledn\u011b od 8. do 9. b\u0159ezna z\u00e1vodem v kategorii nejvy\u0161\u0161\u00ed, HC.<\/p>\n\n\n\n<p>Foto: Tom\u00e1\u0161 Hr\u016fza<\/p>\n\n\n\n<iframe loading=\"lazy\" src=\"https:\/\/www.facebook.com\/plugins\/post.php?href=https%3A%2F%2Fwww.facebook.com%2FreprezentaceMTB%2Fposts%2Fpfbid0911V1Ww95uunSwpXPf1QBDa65WgT3GdHtoiic4sKTXgV6qiMMCttFHWikaLDsaEhl&#038;show_text=true&#038;width=500\" width=\"500\" height=\"738\" style=\"border:none;overflow:hidden\" scrolling=\"no\" frameborder=\"0\" allowfullscreen=\"true\" allow=\"autoplay; clipboard-write; encrypted-media; picture-in-picture; web-share\"><\/iframe>\n\n\n\n<iframe loading=\"lazy\" src=\"https:\/\/www.facebook.com\/plugins\/post.php?href=https%3A%2F%2Fwww.facebook.com%2FreprezentaceMTB%2Fposts%2Fpfbid0cZqwqLcaaPXAV2uTs9BWe5exde2JY4eDTL6MGUvLKpDekjv3FBMdh7b6hKn7cXfJl&#038;show_text=true&#038;width=500\" width=\"500\" height=\"695\" style=\"border:none;overflow:hidden\" scrolling=\"no\" frameborder=\"0\" allowfullscreen=\"true\" allow=\"autoplay; clipboard-write; encrypted-media; picture-in-picture; web-share\"><\/iframe>\n","protected":false},"excerpt":{"rendered":"<p>\u010cesk\u00fd reprezenta\u010dn\u00ed t\u00fdm zah\u00e1jil \u0159eckou p\u011btid\u00edlnou s\u00e9rii z\u00e1vod\u016f na ostrov\u011b Salamina p\u00f3diov\u00fdm um\u00edst\u011bn\u00edm. P\u011bt presti\u017en\u00edch UCI z\u00e1vod\u016f Salamina Races zapsan\u00fdch v kategori\u00edch C2 a C1 vyvrchol\u00ed akc\u00ed v kategorii HC.\u00a0 V sobotn\u00edm z\u00e1vod\u011b se da\u0159ilo Janu Zatloukali, kter\u00fd si druh\u00fdm m\u00edstem p\u0159ipsal na sv\u00e9 konto dal\u0161\u00ed d\u016fle\u017eit\u00e9 UCI body. Na \u00fasp\u011bch v ned\u011bli nav\u00e1zala juniorka [&hellip;]<\/p>\n","protected":false},"author":9,"featured_media":34256,"comment_status":"closed","ping_status":"open","sticky":false,"template":"","format":"standard","meta":{"footnotes":""},"categories":[6,2],"tags":[10],"class_list":["post-34246","post","type-post","status-publish","format-standard","has-post-thumbnail","hentry","category-mtb","category-novinky","tag-mtb"],"_links":{"self":[{"href":"https:\/\/www.czechcyclingfederation.com\/en\/wp-json\/wp\/v2\/posts\/34246","targetHints":{"allow":["GET"]}}],"collection":[{"href":"https:\/\/www.czechcyclingfederation.com\/en\/wp-json\/wp\/v2\/posts"}],"about":[{"href":"https:\/\/www.czechcyclingfederation.com\/en\/wp-json\/wp\/v2\/types\/post"}],"author":[{"embeddable":true,"href":"https:\/\/www.czechcyclingfederation.com\/en\/wp-json\/wp\/v2\/users\/9"}],"replies":[{"embeddable":true,"href":"https:\/\/www.czechcyclingfederation.com\/en\/wp-json\/wp\/v2\/comments?post=34246"}],"version-history":[{"count":1,"href":"https:\/\/www.czechcyclingfederation.com\/en\/wp-json\/wp\/v2\/posts\/34246\/revisions"}],"predecessor-version":[{"id":34249,"href":"https:\/\/www.czechcyclingfederation.com\/en\/wp-json\/wp\/v2\/posts\/34246\/revisions\/34249"}],"wp:featuredmedia":[{"embeddable":true,"href":"https:\/\/www.czechcyclingfederation.com\/en\/wp-json\/wp\/v2\/media\/34256"}],"wp:attachment":[{"href":"https:\/\/www.czechcyclingfederation.com\/en\/wp-json\/wp\/v2\/media?parent=34246"}],"wp:term":[{"taxonomy":"category","embeddable":true,"href":"https:\/\/www.czechcyclingfederation.com\/en\/wp-json\/wp\/v2\/categories?post=34246"},{"taxonomy":"post_tag","embeddable":true,"href":"https:\/\/www.czechcyclingfederation.com\/en\/wp-json\/wp\/v2\/tags?post=34246"}],"curies":[{"name":"wp","href":"https:\/\/api.w.org\/{rel}","templated":true}]}}