{"id":34243,"date":"2025-03-02T20:24:03","date_gmt":"2025-03-02T19:24:03","guid":{"rendered":"https:\/\/www.czechcyclingfederation.com\/?p=34243"},"modified":"2025-03-02T20:24:04","modified_gmt":"2025-03-02T19:24:04","slug":"bittner-osmy-na-kuurne-brusel-kuurne","status":"publish","type":"post","link":"https:\/\/www.czechcyclingfederation.com\/en\/bittner-osmy-na-kuurne-brusel-kuurne\/","title":{"rendered":"Bittner osm\u00fd na Kuurne-Brusel-Kuurne"},"content":{"rendered":"\n<p><strong>Pavel Bittner<\/strong> z nizozemsk\u00e9ho t\u00fdmu Picnic PostNL obsadil 8. m\u00edsto na 77. ro\u010dn\u00edku belgick\u00e9 klasiky Kuurne-Brusel-Kuurne. V\u00edt\u011bzstv\u00ed vybojoval ve spurtu dom\u00e1c\u00ed jezdec Jasper Philipsen (Alpecin \u2013 Deceuninck).<\/p>\n\n\n\n<p><em>\u201eZ\u00e1vod byl hodn\u011b hektick\u00fd a pro moje t\u011blo to byl po Om\u00e1nu, kde se z\u00e1vodilo na \u0161irok\u00fdch silnic\u00edch, trochu \u0161ok. Ale vypo\u0159\u00e1dal jsem se s\u00a0t\u00edm celkem dob\u0159e a bavilo m\u011b to. V\u00a0t\u011b\u017ek\u00e9 prost\u0159edn\u00ed \u010d\u00e1sti z\u00e1vodu jsem se c\u00edtil docela siln\u00fd, v\u00a0z\u00e1v\u011bru u\u017e jsem se sna\u017eil \u0161et\u0159it nohy, proto\u017ee bylo skoro jist\u00e9, \u017ee bude spurtovat velk\u00fd skupina,\u201c<\/em> popisoval Bittner.<\/p>\n\n\n\n<p><em>\u201eOd n\u00e1s z\u00a0t\u00fdmu jsme tam z\u016fstali ve t\u0159ech, se mnou je\u0161t\u011b John Degenkolb a Sean Flynn. Oba dva byli moc siln\u00ed a cht\u011bli jsme z\u00a0toho n\u011bco vyt\u011b\u017eit. Bohu\u017eel tam byl vedle n\u00e1s necel\u00e9 t\u0159i kilometry p\u0159ed c\u00edlem p\u00e1d, mn\u011b na chvilku spadl \u0159et\u011bz a jel jsem hodn\u011b zezadu, co\u017e nebylo \u00fapln\u011b ide\u00e1ln\u00ed. Ale nohy jsem m\u011bl dobr\u00e9, abych mohl po tak t\u011b\u017ek\u00e9m z\u00e1vod\u011b spurtovat. Tak\u017ee osm\u00e9 m\u00edsto mus\u00edme br\u00e1t. Bylo tam hodn\u011b dobr\u00fdch v\u011bc\u00ed do dal\u0161\u00edch dn\u016f a douf\u00e1m, \u017ee to uk\u00e1\u017eu u\u017e v\u00a0dal\u0161\u00edm z\u00e1vod\u011b za dva dny na Le Samyn,\u201c<\/em> uvedl Bittner.<\/p>\n\n\n\n<p>Foto: Filip Bezd\u011bk<\/p>\n","protected":false},"excerpt":{"rendered":"<p>Pavel Bittner z nizozemsk\u00e9ho t\u00fdmu Picnic PostNL obsadil 8. m\u00edsto na 77. ro\u010dn\u00edku belgick\u00e9 klasiky Kuurne-Brusel-Kuurne. V\u00edt\u011bzstv\u00ed vybojoval ve spurtu dom\u00e1c\u00ed jezdec Jasper Philipsen (Alpecin \u2013 Deceuninck). \u201eZ\u00e1vod byl hodn\u011b hektick\u00fd a pro moje t\u011blo to byl po Om\u00e1nu, kde se z\u00e1vodilo na \u0161irok\u00fdch silnic\u00edch, trochu \u0161ok. Ale vypo\u0159\u00e1dal jsem se s\u00a0t\u00edm celkem dob\u0159e a [&hellip;]<\/p>\n","protected":false},"author":15,"featured_media":32022,"comment_status":"closed","ping_status":"open","sticky":false,"template":"","format":"standard","meta":{"footnotes":""},"categories":[2,1],"tags":[11],"class_list":["post-34243","post","type-post","status-publish","format-standard","has-post-thumbnail","hentry","category-novinky","category-uncategorized-cs","tag-silnice"],"_links":{"self":[{"href":"https:\/\/www.czechcyclingfederation.com\/en\/wp-json\/wp\/v2\/posts\/34243","targetHints":{"allow":["GET"]}}],"collection":[{"href":"https:\/\/www.czechcyclingfederation.com\/en\/wp-json\/wp\/v2\/posts"}],"about":[{"href":"https:\/\/www.czechcyclingfederation.com\/en\/wp-json\/wp\/v2\/types\/post"}],"author":[{"embeddable":true,"href":"https:\/\/www.czechcyclingfederation.com\/en\/wp-json\/wp\/v2\/users\/15"}],"replies":[{"embeddable":true,"href":"https:\/\/www.czechcyclingfederation.com\/en\/wp-json\/wp\/v2\/comments?post=34243"}],"version-history":[{"count":1,"href":"https:\/\/www.czechcyclingfederation.com\/en\/wp-json\/wp\/v2\/posts\/34243\/revisions"}],"predecessor-version":[{"id":34244,"href":"https:\/\/www.czechcyclingfederation.com\/en\/wp-json\/wp\/v2\/posts\/34243\/revisions\/34244"}],"wp:featuredmedia":[{"embeddable":true,"href":"https:\/\/www.czechcyclingfederation.com\/en\/wp-json\/wp\/v2\/media\/32022"}],"wp:attachment":[{"href":"https:\/\/www.czechcyclingfederation.com\/en\/wp-json\/wp\/v2\/media?parent=34243"}],"wp:term":[{"taxonomy":"category","embeddable":true,"href":"https:\/\/www.czechcyclingfederation.com\/en\/wp-json\/wp\/v2\/categories?post=34243"},{"taxonomy":"post_tag","embeddable":true,"href":"https:\/\/www.czechcyclingfederation.com\/en\/wp-json\/wp\/v2\/tags?post=34243"}],"curies":[{"name":"wp","href":"https:\/\/api.w.org\/{rel}","templated":true}]}}