{"id":34234,"date":"2025-03-02T20:02:50","date_gmt":"2025-03-02T19:02:50","guid":{"rendered":"https:\/\/www.czechcyclingfederation.com\/?p=34234"},"modified":"2025-03-03T07:37:46","modified_gmt":"2025-03-03T06:37:46","slug":"kosarkova-se-kvalifikovala-na-ms-v-pumptracku","status":"publish","type":"post","link":"https:\/\/www.czechcyclingfederation.com\/en\/kosarkova-se-kvalifikovala-na-ms-v-pumptracku\/","title":{"rendered":"Ko\u0161\u00e1rkov\u00e1 se kvalifikovala na MS v\u00a0pumptracku"},"content":{"rendered":"\n<p>\u00da\u0159aduj\u00edc\u00ed mistryn\u011b sv\u011bta v&nbsp;pumptracku <strong>Sabina Ko\u0161\u00e1rkov\u00e1<\/strong> se hned na prvn\u00ed pokus kvalifikovala na sv\u011btov\u00fd \u0161ampion\u00e1t 2025 v t\u00e9to discipl\u00edn\u011b, jeho\u017e fin\u00e1le se uskute\u010dn\u00ed 5. z\u00e1\u0159\u00ed ve \u0161v\u00fdcarsk\u00e9m Monthey.<\/p>\n\n\n\n<p>Ko\u0161\u00e1rkov\u00e1 ji\u017e n\u011bkolik t\u00fddn\u016f tr\u00e9nuje a z\u00e1vod\u00ed na Nov\u00e9m Z\u00e9landu, kde se o v\u00edkendu uskute\u010dnil v\u016fbec prvn\u00ed d\u00edl kvalifikace na MS, kter\u00e1 m\u00e1 hned 20 d\u00edl\u016f v\u010detn\u011b exotick\u00fdch m\u00edst jako jsou Nep\u00e1l \u010di Arm\u00e9nie.<\/p>\n\n\n\n<figure class=\"wp-block-image size-large\"><img loading=\"lazy\" decoding=\"async\" width=\"1024\" height=\"683\" src=\"http:\/\/www.czechcyclingfederation.com\/wp-content\/uploads\/2025\/03\/sabina-2-1024x683.jpg\" alt=\"\" class=\"wp-image-34238\" srcset=\"https:\/\/www.czechcyclingfederation.com\/wp-content\/uploads\/2025\/03\/sabina-2-1024x683.jpg 1024w, https:\/\/www.czechcyclingfederation.com\/wp-content\/uploads\/2025\/03\/sabina-2-300x200.jpg 300w, https:\/\/www.czechcyclingfederation.com\/wp-content\/uploads\/2025\/03\/sabina-2-768x512.jpg 768w, https:\/\/www.czechcyclingfederation.com\/wp-content\/uploads\/2025\/03\/sabina-2-1536x1025.jpg 1536w, https:\/\/www.czechcyclingfederation.com\/wp-content\/uploads\/2025\/03\/sabina-2-1320x880.jpg 1320w, https:\/\/www.czechcyclingfederation.com\/wp-content\/uploads\/2025\/03\/sabina-2.jpg 2048w\" sizes=\"auto, (max-width: 1024px) 100vw, 1024px\" \/><\/figure>\n\n\n\n<p>Na pumptracku ve m\u011bst\u011b Rotorua, kde bylo v&nbsp;obou kategori\u00edch na startu celkem 74 jezdc\u016f, vyhr\u00e1la kvalifikaci, a i v&nbsp;dal\u0161\u00edch j\u00edzd\u00e1ch v\u010detn\u011b fin\u00e1le byla nejlep\u0161\u00ed. Mezi mu\u017ei slavil prvenstv\u00ed i postup rovn\u011b\u017e \u00fa\u0159aduj\u00edc\u00ed mistr sv\u011bta, Australan Ryan Gilchrist.<\/p>\n\n\n\n<figure class=\"wp-block-image size-large\"><img loading=\"lazy\" decoding=\"async\" width=\"1024\" height=\"683\" src=\"http:\/\/www.czechcyclingfederation.com\/wp-content\/uploads\/2025\/03\/sabina-1-1024x683.jpg\" alt=\"\" class=\"wp-image-34236\" srcset=\"https:\/\/www.czechcyclingfederation.com\/wp-content\/uploads\/2025\/03\/sabina-1-1024x683.jpg 1024w, https:\/\/www.czechcyclingfederation.com\/wp-content\/uploads\/2025\/03\/sabina-1-300x200.jpg 300w, https:\/\/www.czechcyclingfederation.com\/wp-content\/uploads\/2025\/03\/sabina-1-768x512.jpg 768w, https:\/\/www.czechcyclingfederation.com\/wp-content\/uploads\/2025\/03\/sabina-1-1536x1025.jpg 1536w, https:\/\/www.czechcyclingfederation.com\/wp-content\/uploads\/2025\/03\/sabina-1-1320x880.jpg 1320w, https:\/\/www.czechcyclingfederation.com\/wp-content\/uploads\/2025\/03\/sabina-1.jpg 2048w\" sizes=\"auto, (max-width: 1024px) 100vw, 1024px\" \/><\/figure>\n\n\n\n<p><em>\u201eU\u017e od pond\u011blka jsem na zdej\u0161\u00edm pumptracku tr\u00e9novala a mus\u00edm \u0159\u00edct, \u017ee byl pro m\u011b jedn\u00edm z\u00a0nejt\u011b\u017e\u0161\u00edch, na jak\u00fdch jsem z\u00e1vodila. Daly se na n\u011bm na jedn\u00e9 \u010d\u00e1sti vybrat dv\u011b stopy: rychlej\u0161\u00ed s\u00a0hor\u0161\u00edm n\u00e1jezdem do zat\u00e1\u010dky nebo sk\u00e1kac\u00ed s\u00a0rychlej\u0161\u00edm pr\u016fjezdem zat\u00e1\u010dek. J\u00e1 si vybrala druhou mo\u017enost a od pond\u011bl\u00ed jsem to tr\u00e9novala. Z\u00e1vodn\u00edk tam musel b\u00fdt hodn\u011b p\u0159esn\u00fd, proto\u017ee skoky byly velmi nakopan\u00e9, kr\u00e1tk\u00e9 a ve velk\u00e9 rychlosti to bylo obt\u00ed\u017en\u00e9,\u201c<\/em> popisovala Ko\u0161\u00e1rkov\u00e1.<\/p>\n\n\n\n<figure class=\"wp-block-image size-large\"><img loading=\"lazy\" decoding=\"async\" width=\"1024\" height=\"683\" src=\"https:\/\/www.czechcyclingfederation.com\/wp-content\/uploads\/2025\/03\/sabina-4-1024x683.jpg\" alt=\"\" class=\"wp-image-34251\" srcset=\"https:\/\/www.czechcyclingfederation.com\/wp-content\/uploads\/2025\/03\/sabina-4-1024x683.jpg 1024w, https:\/\/www.czechcyclingfederation.com\/wp-content\/uploads\/2025\/03\/sabina-4-300x200.jpg 300w, https:\/\/www.czechcyclingfederation.com\/wp-content\/uploads\/2025\/03\/sabina-4-768x512.jpg 768w, https:\/\/www.czechcyclingfederation.com\/wp-content\/uploads\/2025\/03\/sabina-4-1536x1024.jpg 1536w, https:\/\/www.czechcyclingfederation.com\/wp-content\/uploads\/2025\/03\/sabina-4-2048x1366.jpg 2048w, https:\/\/www.czechcyclingfederation.com\/wp-content\/uploads\/2025\/03\/sabina-4-1320x880.jpg 1320w\" sizes=\"auto, (max-width: 1024px) 100vw, 1024px\" \/><\/figure>\n\n\n\n<p><em>\u201eJsem \u0161\u0165astn\u00e1, \u017ee jsem to zvl\u00e1dla hned napoprv\u00e9 a m\u00e1m \u00fa\u010dast na \u0161ampion\u00e1tu jistou. Byl to m\u016fj posledn\u00ed z\u00e1vod na kole Sunn, proto\u017ee m\u011bn\u00edm t\u00fdm. Ur\u010dit\u011b budu cht\u00edt je\u0161t\u011b p\u0159ed \u0161ampion\u00e1tem objet n\u011bjak\u00e9 kvalifikace v\u00a0Evrop\u011b, abych si zvykla na nov\u00fd materi\u00e1l,\u201c <\/em>\u0159ekla \u010desk\u00e1 reprezentantka, kterou p\u0159\u00ed\u0161t\u00ed v\u00edkend \u010dek\u00e1 v\u00a0Rotorue dal\u0161\u00ed z\u00e1vod s\u00e9rie Crankworx, jej\u00ed\u017e prvn\u00ed d\u00edl vyhr\u00e1la.<\/p>\n\n\n\n<figure class=\"wp-block-image size-large\"><img loading=\"lazy\" decoding=\"async\" width=\"1024\" height=\"683\" src=\"https:\/\/www.czechcyclingfederation.com\/wp-content\/uploads\/2025\/03\/sabina-6-1024x683.jpg\" alt=\"\" class=\"wp-image-34253\" srcset=\"https:\/\/www.czechcyclingfederation.com\/wp-content\/uploads\/2025\/03\/sabina-6-1024x683.jpg 1024w, https:\/\/www.czechcyclingfederation.com\/wp-content\/uploads\/2025\/03\/sabina-6-300x200.jpg 300w, https:\/\/www.czechcyclingfederation.com\/wp-content\/uploads\/2025\/03\/sabina-6-768x512.jpg 768w, https:\/\/www.czechcyclingfederation.com\/wp-content\/uploads\/2025\/03\/sabina-6-1536x1024.jpg 1536w, https:\/\/www.czechcyclingfederation.com\/wp-content\/uploads\/2025\/03\/sabina-6-2048x1365.jpg 2048w, https:\/\/www.czechcyclingfederation.com\/wp-content\/uploads\/2025\/03\/sabina-6-1320x880.jpg 1320w\" sizes=\"auto, (max-width: 1024px) 100vw, 1024px\" \/><\/figure>\n\n\n\n<p><em>\u201eZ\u00e1vod jsem si u\u017eila, ale taky jsem byla trochu nerv\u00f3zn\u00ed, proto\u017ee to byl m\u016fj prvn\u00ed v\u011bt\u0161\u00ed z\u00e1vod v\u00a0duhov\u00e9m dresu mistryn\u011b sv\u011bta. A j\u00e1 c\u00edt\u00edm zodpov\u011bdnost dokazovat, \u017ee mi pat\u0159\u00ed pr\u00e1vem,\u201c<\/em> dodala Sabina Ko\u0161\u00e1rkov\u00e1.<\/p>\n\n\n\n<p>Foto: Jamie Fox &#8211; @jfox.media<\/p>\n","protected":false},"excerpt":{"rendered":"<p>\u00da\u0159aduj\u00edc\u00ed mistryn\u011b sv\u011bta v&nbsp;pumptracku Sabina Ko\u0161\u00e1rkov\u00e1 se hned na prvn\u00ed pokus kvalifikovala na sv\u011btov\u00fd \u0161ampion\u00e1t 2025 v t\u00e9to discipl\u00edn\u011b, jeho\u017e fin\u00e1le se uskute\u010dn\u00ed 5. z\u00e1\u0159\u00ed ve \u0161v\u00fdcarsk\u00e9m Monthey. Ko\u0161\u00e1rkov\u00e1 ji\u017e n\u011bkolik t\u00fddn\u016f tr\u00e9nuje a z\u00e1vod\u00ed na Nov\u00e9m Z\u00e9landu, kde se o v\u00edkendu uskute\u010dnil v\u016fbec prvn\u00ed d\u00edl kvalifikace na MS, kter\u00e1 m\u00e1 hned 20 d\u00edl\u016f v\u010detn\u011b [&hellip;]<\/p>\n","protected":false},"author":15,"featured_media":34258,"comment_status":"closed","ping_status":"open","sticky":false,"template":"","format":"standard","meta":{"footnotes":""},"categories":[2],"tags":[206],"class_list":["post-34234","post","type-post","status-publish","format-standard","has-post-thumbnail","hentry","category-novinky","tag-pumptrack"],"_links":{"self":[{"href":"https:\/\/www.czechcyclingfederation.com\/en\/wp-json\/wp\/v2\/posts\/34234","targetHints":{"allow":["GET"]}}],"collection":[{"href":"https:\/\/www.czechcyclingfederation.com\/en\/wp-json\/wp\/v2\/posts"}],"about":[{"href":"https:\/\/www.czechcyclingfederation.com\/en\/wp-json\/wp\/v2\/types\/post"}],"author":[{"embeddable":true,"href":"https:\/\/www.czechcyclingfederation.com\/en\/wp-json\/wp\/v2\/users\/15"}],"replies":[{"embeddable":true,"href":"https:\/\/www.czechcyclingfederation.com\/en\/wp-json\/wp\/v2\/comments?post=34234"}],"version-history":[{"count":3,"href":"https:\/\/www.czechcyclingfederation.com\/en\/wp-json\/wp\/v2\/posts\/34234\/revisions"}],"predecessor-version":[{"id":34255,"href":"https:\/\/www.czechcyclingfederation.com\/en\/wp-json\/wp\/v2\/posts\/34234\/revisions\/34255"}],"wp:featuredmedia":[{"embeddable":true,"href":"https:\/\/www.czechcyclingfederation.com\/en\/wp-json\/wp\/v2\/media\/34258"}],"wp:attachment":[{"href":"https:\/\/www.czechcyclingfederation.com\/en\/wp-json\/wp\/v2\/media?parent=34234"}],"wp:term":[{"taxonomy":"category","embeddable":true,"href":"https:\/\/www.czechcyclingfederation.com\/en\/wp-json\/wp\/v2\/categories?post=34234"},{"taxonomy":"post_tag","embeddable":true,"href":"https:\/\/www.czechcyclingfederation.com\/en\/wp-json\/wp\/v2\/tags?post=34234"}],"curies":[{"name":"wp","href":"https:\/\/api.w.org\/{rel}","templated":true}]}}