{"id":34217,"date":"2025-03-01T07:41:22","date_gmt":"2025-03-01T06:41:22","guid":{"rendered":"https:\/\/www.czechcyclingfederation.com\/?p=34217"},"modified":"2025-03-01T07:41:55","modified_gmt":"2025-03-01T06:41:55","slug":"pavel-bittner-se-tesi-na-vstup-do-klasik-bude-lidrem-tymu","status":"publish","type":"post","link":"https:\/\/www.czechcyclingfederation.com\/en\/pavel-bittner-se-tesi-na-vstup-do-klasik-bude-lidrem-tymu\/","title":{"rendered":"Pavel Bittner se t\u011b\u0161\u00ed na vstup do klasik. Bude l\u00eddrem t\u00fdmu"},"content":{"rendered":"\n<p>Po \u00favodn\u00edch z\u00e1vodech Kolem Om\u00e1nu vstoup\u00ed \u010desk\u00fd cyklista st\u00e1je Team Picnic PostNL <strong>Pavel Bittner <\/strong>v\u00a0ned\u011bli do klasik. Jako excelentn\u00ed sprinter bude l\u00eddrem t\u00fdmu na 77. ro\u010dn\u00edku z\u00e1vodu Kuurne-Brusel-Kuurne, kter\u00fd \u010dasto kon\u010d\u00edv\u00e1 hromadn\u00fdm dojezdem.<\/p>\n\n\n\n<p><em>\u201eOd doby, co jsem se vr\u00e1til z\u00a0Om\u00e1nu, jsem str\u00e1vil skoro celou dobu ve \u0160pan\u011blsku v\u00a0Calpe, p\u00e1r dn\u00ed jsem byl potr\u00e9novat v\u00a0Giron\u011b v\u00a0tro\u0161ku jin\u00e9m prost\u0159ed\u00ed. Odtr\u00e9noval jsem, co jsem cht\u011bl. Te\u010f u\u017e jsem t\u0159i dny v\u00a0Belgii, abych se aklimatizoval na zdej\u0161\u00ed po\u010das\u00ed a projel n\u011bjak\u00e9 pas\u00e1\u017ee trat\u011b,\u201c<\/em> popsal \u010desk\u00fd reprezentant, kter\u00fd Kolem Om\u00e1nu skon\u010dil druh\u00fd v\u00a0jedn\u00e9 z\u00a0etap.<\/p>\n\n\n\n<p><em>\u201eKuurne je docela slo\u017eit\u00fd z\u00e1vod s t\u011b\u017ekou prost\u0159edn\u00ed \u010d\u00e1st\u00ed, kde je n\u011bkolik sektor\u016f z\u00a0Flander: kostky i kr\u00e1tk\u00e9 kopce. Tam na tom budu muset b\u00fdt hodn\u011b dob\u0159e v\u00fdkonnostn\u011b i pozi\u010dn\u011b. Posledn\u00edch 60 kilometr\u016f u\u017e je po rovin\u011b a dojezd b\u00fdv\u00e1 ve spurtu. M\u011blo by mi to sed\u011bt. T\u00fdm mi v\u011b\u0159\u00ed a pro m\u011b je to velk\u00e1 v\u00fdzva na tak velk\u00e9 jednor\u00e1zovce. S\u00a0v\u011bt\u0161inou kluk\u016f z t\u00fdmu, co tam se mnou pojedou, u\u017e jsem byl v\u00a0Om\u00e1nu, tak uvid\u00edme,\u201c <\/em>dodal Bittner.<\/p>\n\n\n\n<p>Foto: Filip Bezd\u011bk<\/p>\n","protected":false},"excerpt":{"rendered":"<p>Po \u00favodn\u00edch z\u00e1vodech Kolem Om\u00e1nu vstoup\u00ed \u010desk\u00fd cyklista st\u00e1je Team Picnic PostNL Pavel Bittner v\u00a0ned\u011bli do klasik. Jako excelentn\u00ed sprinter bude l\u00eddrem t\u00fdmu na 77. ro\u010dn\u00edku z\u00e1vodu Kuurne-Brusel-Kuurne, kter\u00fd \u010dasto kon\u010d\u00edv\u00e1 hromadn\u00fdm dojezdem. \u201eOd doby, co jsem se vr\u00e1til z\u00a0Om\u00e1nu, jsem str\u00e1vil skoro celou dobu ve \u0160pan\u011blsku v\u00a0Calpe, p\u00e1r dn\u00ed jsem byl potr\u00e9novat v\u00a0Giron\u011b v\u00a0tro\u0161ku [&hellip;]<\/p>\n","protected":false},"author":15,"featured_media":32024,"comment_status":"closed","ping_status":"open","sticky":false,"template":"","format":"standard","meta":{"footnotes":""},"categories":[2,1],"tags":[11],"class_list":["post-34217","post","type-post","status-publish","format-standard","has-post-thumbnail","hentry","category-novinky","category-uncategorized-cs","tag-silnice"],"_links":{"self":[{"href":"https:\/\/www.czechcyclingfederation.com\/en\/wp-json\/wp\/v2\/posts\/34217","targetHints":{"allow":["GET"]}}],"collection":[{"href":"https:\/\/www.czechcyclingfederation.com\/en\/wp-json\/wp\/v2\/posts"}],"about":[{"href":"https:\/\/www.czechcyclingfederation.com\/en\/wp-json\/wp\/v2\/types\/post"}],"author":[{"embeddable":true,"href":"https:\/\/www.czechcyclingfederation.com\/en\/wp-json\/wp\/v2\/users\/15"}],"replies":[{"embeddable":true,"href":"https:\/\/www.czechcyclingfederation.com\/en\/wp-json\/wp\/v2\/comments?post=34217"}],"version-history":[{"count":2,"href":"https:\/\/www.czechcyclingfederation.com\/en\/wp-json\/wp\/v2\/posts\/34217\/revisions"}],"predecessor-version":[{"id":34223,"href":"https:\/\/www.czechcyclingfederation.com\/en\/wp-json\/wp\/v2\/posts\/34217\/revisions\/34223"}],"wp:featuredmedia":[{"embeddable":true,"href":"https:\/\/www.czechcyclingfederation.com\/en\/wp-json\/wp\/v2\/media\/32024"}],"wp:attachment":[{"href":"https:\/\/www.czechcyclingfederation.com\/en\/wp-json\/wp\/v2\/media?parent=34217"}],"wp:term":[{"taxonomy":"category","embeddable":true,"href":"https:\/\/www.czechcyclingfederation.com\/en\/wp-json\/wp\/v2\/categories?post=34217"},{"taxonomy":"post_tag","embeddable":true,"href":"https:\/\/www.czechcyclingfederation.com\/en\/wp-json\/wp\/v2\/tags?post=34217"}],"curies":[{"name":"wp","href":"https:\/\/api.w.org\/{rel}","templated":true}]}}