{"id":3406,"date":"2021-02-04T09:57:59","date_gmt":"2021-02-04T08:57:59","guid":{"rendered":"http:\/\/www.czechcyclingfederation.com\/?p=3406"},"modified":"2021-02-09T12:38:52","modified_gmt":"2021-02-09T11:38:52","slug":"uci-privitala-rozhodnuti-wada-o-zakazu-glukokortikoidu","status":"publish","type":"post","link":"https:\/\/www.czechcyclingfederation.com\/en\/uci-privitala-rozhodnuti-wada-o-zakazu-glukokortikoidu\/","title":{"rendered":"UCI p\u0159iv\u00edtala rozhodnut\u00ed WADA o z\u00e1kazu glukokortikoid\u016f"},"content":{"rendered":"\n<p>Mezin\u00e1rodn\u00ed cyklistick\u00e1 unie (UCI) p\u0159iv\u00edtala rozhodnut\u00ed Sv\u011btov\u00e9 antidopingov\u00e9 agentury (WADA) zak\u00e1zat od roku 2022 prepar\u00e1t glukokortikoidy. Tento steroidn\u00ed prost\u0159edek umo\u017e\u0148uje p\u0159ednostn\u00ed energetick\u00e9 vyu\u017eit\u00ed b\u00edlkovin a tuk\u016f.<\/p>\n\n\n\n<p>Tato zm\u011bna p\u0159ijat\u00e1 v\u00fdkonn\u00fdm v\u00fdborem WADA vstoup\u00ed v platnost 1. ledna 2022, co\u017e d\u00e1v\u00e1 UCI dostatek \u010dasu na to, aby UCI informovala cyklisty, jejich doprovod a l\u00e9ka\u0159e.<\/p>\n\n\n\n<p>&#8220;Rozhodnut\u00ed zobecnit z\u00e1kaz glukokortikoid\u016f je dal\u0161\u00ed krok vp\u0159ed v ochran\u011b zdrav\u00ed sportovc\u016f, zejm\u00e9na cyklist\u016f, kter\u00fd byl mezi m\u00fdmi z\u00e1vazky kampan\u011b v roce 2017,\u201c uv\u00edtal rozhodnut\u00ed prezident UCI David Lappartient.<\/p>\n\n\n<div class=\"wp-block-file\">\r\n                <a target=\"_blank\" rel=\"noopener\" href=\"https:\/\/www.czechcyclingfederation.com\/wp-content\/uploads\/2021\/02\/PRESS-RELEASE-The-UCI-welcomes-WADA-decision-concerning-the-banning-of-glucocorticoids.pdf\" class=\"wp-block-file__button wp-element-button\">\r\n                    <span class=\"wp-block-file__icon\"><\/span>\r\n                    PRESS-RELEASE-The-UCI-welcomes-WADA-decision-concerning-the-banning-of-glucocorticoids\r\n                <\/a>\r\n            <\/div>","protected":false},"excerpt":{"rendered":"<p>Mezin\u00e1rodn\u00ed cyklistick\u00e1 unie (UCI) p\u0159iv\u00edtala rozhodnut\u00ed Sv\u011btov\u00e9 antidopingov\u00e9 agentury (WADA) zak\u00e1zat od roku 2022 prepar\u00e1t glukokortikoidy. Tento steroidn\u00ed prost\u0159edek umo\u017e\u0148uje p\u0159ednostn\u00ed energetick\u00e9 vyu\u017eit\u00ed b\u00edlkovin a tuk\u016f. Tato zm\u011bna p\u0159ijat\u00e1 v\u00fdkonn\u00fdm v\u00fdborem WADA vstoup\u00ed v platnost 1. ledna 2022, co\u017e d\u00e1v\u00e1 UCI dostatek \u010dasu na to, aby UCI informovala cyklisty, jejich doprovod a l\u00e9ka\u0159e. &#8220;Rozhodnut\u00ed zobecnit [&hellip;]<\/p>\n","protected":false},"author":8,"featured_media":428,"comment_status":"closed","ping_status":"open","sticky":false,"template":"","format":"standard","meta":{"footnotes":""},"categories":[2,65],"tags":[119],"class_list":["post-3406","post","type-post","status-publish","format-standard","has-post-thumbnail","hentry","category-novinky","category-subdisciplina","tag-csc"],"_links":{"self":[{"href":"https:\/\/www.czechcyclingfederation.com\/en\/wp-json\/wp\/v2\/posts\/3406","targetHints":{"allow":["GET"]}}],"collection":[{"href":"https:\/\/www.czechcyclingfederation.com\/en\/wp-json\/wp\/v2\/posts"}],"about":[{"href":"https:\/\/www.czechcyclingfederation.com\/en\/wp-json\/wp\/v2\/types\/post"}],"author":[{"embeddable":true,"href":"https:\/\/www.czechcyclingfederation.com\/en\/wp-json\/wp\/v2\/users\/8"}],"replies":[{"embeddable":true,"href":"https:\/\/www.czechcyclingfederation.com\/en\/wp-json\/wp\/v2\/comments?post=3406"}],"version-history":[{"count":1,"href":"https:\/\/www.czechcyclingfederation.com\/en\/wp-json\/wp\/v2\/posts\/3406\/revisions"}],"predecessor-version":[{"id":3408,"href":"https:\/\/www.czechcyclingfederation.com\/en\/wp-json\/wp\/v2\/posts\/3406\/revisions\/3408"}],"wp:featuredmedia":[{"embeddable":true,"href":"https:\/\/www.czechcyclingfederation.com\/en\/wp-json\/wp\/v2\/media\/428"}],"wp:attachment":[{"href":"https:\/\/www.czechcyclingfederation.com\/en\/wp-json\/wp\/v2\/media?parent=3406"}],"wp:term":[{"taxonomy":"category","embeddable":true,"href":"https:\/\/www.czechcyclingfederation.com\/en\/wp-json\/wp\/v2\/categories?post=3406"},{"taxonomy":"post_tag","embeddable":true,"href":"https:\/\/www.czechcyclingfederation.com\/en\/wp-json\/wp\/v2\/tags?post=3406"}],"curies":[{"name":"wp","href":"https:\/\/api.w.org\/{rel}","templated":true}]}}