{"id":3403,"date":"2021-02-04T09:52:44","date_gmt":"2021-02-04T08:52:44","guid":{"rendered":"http:\/\/www.czechcyclingfederation.com\/?p=3403"},"modified":"2021-02-04T09:52:44","modified_gmt":"2021-02-04T08:52:44","slug":"zavod-miru-u23-ncup-grand-prix-jeseniky","status":"publish","type":"post","link":"https:\/\/www.czechcyclingfederation.com\/en\/zavod-miru-u23-ncup-grand-prix-jeseniky\/","title":{"rendered":"Z\u00e1vod m\u00edru U23 N\u00b4Cup Grand Prix Jesen\u00edky"},"content":{"rendered":"\n<p>V v\u0161ichni z\u00e1vodn\u00edci i p\u0159\u00edznivci vzhl\u00ed\u017e\u00ed s ohledem na coronavirovou pandemii k silni\u010dn\u00ed cyklistick\u00e9 sezon\u011b roku 2021 s obavami. P\u0159\u00edpravy na leto\u0161n\u00ed Z\u00e1vod m\u00edru U23 (3. &#8211; 6. \u010dervna) jsou v\u0161ak v pln\u00e9m proudu, organiza\u010dn\u00ed v\u00fdbor bez ohledu na moment\u00e1ln\u00ed situaci pokra\u010duje v p\u0159\u00edprav\u00e1ch druh\u00e9 nejv\u011bt\u0161\u00ed akce v silni\u010dn\u00ed cyklistice v \u010cesk\u00e9 republice.<\/p>\n\n\n\n<p>Do\u0161lo \u010d\u00e1ste\u010dn\u011b k obm\u011bn\u011b trat\u00ed a m\u011bst. Z\u00e1vod m\u00edru U23 zah\u00e1j\u00ed ve \u010dtvrtek odpoledne 3. \u010dervna atraktivn\u00edm prologem v centru Jesen\u00edku na 3,5 km se startem i c\u00edlem na Masarykov\u011b n\u00e1m\u011bst\u00ed. N\u00e1sleduj\u00edc\u00ed den bude na programu klasik\u00e1\u0159sk\u00e1 etapa z Jesen\u00edku do R\u00fdma\u0159ova a ta doznala n\u011bkolik zm\u011bn. Tou d\u016fle\u017eitou je nov\u00e1 vrcha\u0159sk\u00e1 pr\u00e9mie na P\u0159emyslovsk\u00e9m sedle a dvoukilometrov\u00fd kopec v Mar\u0161\u00edkov\u011b p\u0159ed n\u00e1jezdem na nejdel\u0161\u00ed jeden\u00e1ctikilometrov\u00e9 stoup\u00e1n\u00ed na Sk\u0159\u00edtek. Etapa m\u00e1 celkem t\u0159i velmi zaj\u00edmav\u00e9 vrcha\u0159sk\u00e9 premie &#8211; Ramzovsk\u00e9 sedlo, P\u0159emyslovsk\u00e9 sedlo a Sk\u0159\u00edtek. V minulosti v\u00edt\u011bzov\u00e9 t\u00e9to etapy jsou ji\u017e dnes takov\u00e1 cyklistick\u00e1 esa jako Ital Samuele Battistella, mistr sv\u011bta do 23 let z anglick\u00e9ho Harrogate a \u010dlen World tourov\u00e9 st\u00e1je Assos Qhubeka.<\/p>\n\n\n\n<p>V sobotu 5. \u010dervna \u010dek\u00e1 na mlad\u00e9 z\u00e1vodn\u00edky prav\u00e1 cyklistick\u00e1 d\u0159ina a nov\u011b se bude odehr\u00e1vat etapa na trase Brunt\u00e1l &#8211; Dlouh\u00e9 str\u00e1n\u011b. Ihned po stratu ne\u010dek\u00e1 z\u00e1vodn\u00edky \u017e\u00e1dn\u00e1 rovina okolo Brunt\u00e1lu, ale poctiv\u00e1 pr\u00e1ce. Jen na okruhu dlouh\u00e9m 25 kilometr\u016f okolo startovn\u00edho m\u011bsta nastoupaj\u00ed 340 metr\u016f a to je teprve \u010dekaj\u00ed takov\u00e9 kopce jako T\u0159eme\u0161ek, Hrab\u011b\u0161ice a dvakr\u00e1t velmi n\u00e1ro\u010dn\u00e9 stoup\u00e1n\u00ed na Dlouh\u00e9 str\u00e1n\u011b s c\u00edlem hned pod p\u0159e\u010derp\u00e1vac\u00ed p\u0159ehradou ve v\u00fd\u0161ce 1350 m. n. m. A v\u00edt\u011bzov\u00e9 na Dlouh\u00fdch str\u00e1n\u00edch? Zde snad nen\u00ed pot\u0159eba jmenovat \u00fasp\u011bchy, v\u0161e \u0159\u00edkaj\u00ed jm\u00e9na: Marc Hirschi, Lambrecht Bjorg, David Gaudu.<\/p>\n\n\n\n<p>Na z\u00e1v\u011br v ned\u011bli 6. \u010dervna p\u0159ich\u00e1z\u00ed po\u0159adatel\u00e9 s novinkou. Start i c\u00edl je sice v Jesen\u00edku, ale tentokr\u00e1t v centru m\u011bsta na Masarykov\u011b n\u00e1m\u011bst\u00ed. A op\u011bt opravdov\u00e1 cyklistika. Peloton se vyd\u00e1 sm\u011brem k Javorn\u00edku kde se p\u0159ed m\u011bstem bude vracet nazp\u011bt p\u0159es Vidnavu a Mikulovice na Studen\u00fd Zejf a Chebz\u00ed s d\u016fle\u017eit\u00fdm sedmikilometrov\u00fdm stoup\u00e1n\u00edm na Rejv\u00edz. A pot\u00e9 n\u00e1sleduj\u00ed strhuj\u00edc\u00ed horsk\u00e9 pr\u00e9mie P\u0159\u00ed\u010dn\u00fd vrch, Jelen\u00ed, Kosteln\u00ed vrch a z\u00e1vodn\u00edci se octnou v Mal\u00e9 Mor\u00e1vce s rychlostn\u00ed pr\u00e9mi\u00ed u obecn\u00edho \u00fa\u0159adu. Zde na n\u011b \u010dek\u00e1 opravdov\u00e9 fin\u00e1le Z\u00e1vodu m\u00edru U23. Vrcholy Jesen\u00edk\u016f jako Hv\u011bzda, Lyra, Videlsk\u00e9 sedlo, to je opravdov\u00e9 z\u00e1v\u011bre\u010dn\u00e9 fin\u00e1le.<\/p>\n\n\n\n<p>O n\u00e1ro\u010dnosti nen\u00ed pot\u0159eba ani trochu pochybovat. Posledn\u00ed v\u00edt\u011bzov\u00e9, kte\u0159\u00ed se rozhodn\u011b neztratili ve sv\u011btov\u00e9m pelotonu jsou Slovinec Tadej Poga\u010dar, v\u00edt\u011bz Tour de France 2020, Andreas Leknessund, David Gaudu. Nen\u00ed bez zaj\u00edmavosti, \u017ee pravideln\u011b v\u017edy prvn\u00edch p\u011bt z\u00e1vodn\u00edk\u016f celkov\u00e9ho po\u0159ad\u00ed dost\u00e1v\u00e1 anga\u017em\u00e1 ve World Tour t\u00fdmech.<\/p>\n\n\n\n<p>Po\u0159adatel\u00e9 v\u011b\u0159\u00ed, \u017ee po n\u011bkolika huben\u011bj\u0161\u00edch letech na Z\u00e1vod\u011b m\u00edru U23 zaz\u00e1\u0159\u00ed n\u011bkter\u00fd z\u00e1vodn\u00edk v tom nejkr\u00e1sn\u011bj\u0161\u00edm reprezenta\u010dn\u00edm dresu s \u010deskou trikolorou. \u201eV\u011b\u0159\u00edme, \u017ee v\u00fdkonnost na to maj\u00ed,\u201c \u0159ekl \u0161\u00e9f organiza\u010dn\u00edho v\u00fdboru Jaroslav Va\u0161\u00ed\u010dek.<\/p>\n\n\n\n<p>FOTO Jan Brychta<\/p>\n","protected":false},"excerpt":{"rendered":"<p>V v\u0161ichni z\u00e1vodn\u00edci i p\u0159\u00edznivci vzhl\u00ed\u017e\u00ed s ohledem na coronavirovou pandemii k silni\u010dn\u00ed cyklistick\u00e9 sezon\u011b roku 2021 s obavami. P\u0159\u00edpravy na leto\u0161n\u00ed Z\u00e1vod m\u00edru U23 (3. &#8211; 6. \u010dervna) jsou v\u0161ak v pln\u00e9m proudu, organiza\u010dn\u00ed v\u00fdbor bez ohledu na moment\u00e1ln\u00ed situaci pokra\u010duje v p\u0159\u00edprav\u00e1ch druh\u00e9 nejv\u011bt\u0161\u00ed akce v silni\u010dn\u00ed cyklistice v \u010cesk\u00e9 republice. Do\u0161lo \u010d\u00e1ste\u010dn\u011b [&hellip;]<\/p>\n","protected":false},"author":8,"featured_media":3404,"comment_status":"closed","ping_status":"open","sticky":false,"template":"","format":"standard","meta":{"footnotes":""},"categories":[2,18],"tags":[11],"class_list":["post-3403","post","type-post","status-publish","format-standard","has-post-thumbnail","hentry","category-novinky","category-silnice","tag-silnice"],"_links":{"self":[{"href":"https:\/\/www.czechcyclingfederation.com\/en\/wp-json\/wp\/v2\/posts\/3403","targetHints":{"allow":["GET"]}}],"collection":[{"href":"https:\/\/www.czechcyclingfederation.com\/en\/wp-json\/wp\/v2\/posts"}],"about":[{"href":"https:\/\/www.czechcyclingfederation.com\/en\/wp-json\/wp\/v2\/types\/post"}],"author":[{"embeddable":true,"href":"https:\/\/www.czechcyclingfederation.com\/en\/wp-json\/wp\/v2\/users\/8"}],"replies":[{"embeddable":true,"href":"https:\/\/www.czechcyclingfederation.com\/en\/wp-json\/wp\/v2\/comments?post=3403"}],"version-history":[{"count":1,"href":"https:\/\/www.czechcyclingfederation.com\/en\/wp-json\/wp\/v2\/posts\/3403\/revisions"}],"predecessor-version":[{"id":3405,"href":"https:\/\/www.czechcyclingfederation.com\/en\/wp-json\/wp\/v2\/posts\/3403\/revisions\/3405"}],"wp:featuredmedia":[{"embeddable":true,"href":"https:\/\/www.czechcyclingfederation.com\/en\/wp-json\/wp\/v2\/media\/3404"}],"wp:attachment":[{"href":"https:\/\/www.czechcyclingfederation.com\/en\/wp-json\/wp\/v2\/media?parent=3403"}],"wp:term":[{"taxonomy":"category","embeddable":true,"href":"https:\/\/www.czechcyclingfederation.com\/en\/wp-json\/wp\/v2\/categories?post=3403"},{"taxonomy":"post_tag","embeddable":true,"href":"https:\/\/www.czechcyclingfederation.com\/en\/wp-json\/wp\/v2\/tags?post=3403"}],"curies":[{"name":"wp","href":"https:\/\/api.w.org\/{rel}","templated":true}]}}