{"id":33960,"date":"2025-02-21T06:47:21","date_gmt":"2025-02-21T05:47:21","guid":{"rendered":"https:\/\/www.czechcyclingfederation.com\/?p=33960"},"modified":"2025-02-21T10:24:49","modified_gmt":"2025-02-21T09:24:49","slug":"david-peterka-mym-snem-je-olympiada-v-los-angeles","status":"publish","type":"post","link":"https:\/\/www.czechcyclingfederation.com\/en\/david-peterka-mym-snem-je-olympiada-v-los-angeles\/","title":{"rendered":"David Peterka: M\u00fdm snem je olympi\u00e1da v\u00a0Los Angeles"},"content":{"rendered":"\n<p>Na mistrovstv\u00ed Evropy v&nbsp;belgick\u00e9m Zolderu dos\u00e1hl \u010desk\u00fd reprezentant <strong>David Peterka<\/strong> z Dukly Brno \u017eivotn\u00edho \u00fasp\u011bchu. Jako benjam\u00ednek z\u00edskal toti\u017e je\u0161t\u011b coby 18let\u00fd senza\u010dn\u00ed bronz na kilometru s&nbsp;pevn\u00fdm startem a nad\u011blil si ten nejlep\u0161\u00ed d\u00e1rek k&nbsp;19. narozenin\u00e1m, kter\u00e9 slav\u00ed pr\u00e1v\u011b dnes.<\/p>\n\n\n\n<p><strong>Davide, co pro v\u00e1s s&nbsp;odstupem n\u011bkolika dn\u00ed ten v\u00fdsledek znamen\u00e1?<\/strong><\/p>\n\n\n\n<p>Beru to jako nejv\u011bt\u0161\u00ed \u00fasp\u011bch kari\u00e9ry, proto\u017ee je to prvn\u00ed velk\u00e1 medaile mezi elitou. P\u0159itom jsem teprve prvn\u00edm rokem v&nbsp;kategorii U23, kde bych m\u011bl m\u00edt ty nejvy\u0161\u0161\u00ed c\u00edle.<\/p>\n\n\n\n<figure class=\"wp-block-image size-large\"><img loading=\"lazy\" decoding=\"async\" width=\"1024\" height=\"590\" src=\"http:\/\/www.czechcyclingfederation.com\/wp-content\/uploads\/2025\/02\/Peterka-David-2-e1740129722351-1024x590.jpg\" alt=\"\" class=\"wp-image-33965\" srcset=\"https:\/\/www.czechcyclingfederation.com\/wp-content\/uploads\/2025\/02\/Peterka-David-2-e1740129722351-1024x590.jpg 1024w, https:\/\/www.czechcyclingfederation.com\/wp-content\/uploads\/2025\/02\/Peterka-David-2-e1740129722351-300x173.jpg 300w, https:\/\/www.czechcyclingfederation.com\/wp-content\/uploads\/2025\/02\/Peterka-David-2-e1740129722351-768x443.jpg 768w, https:\/\/www.czechcyclingfederation.com\/wp-content\/uploads\/2025\/02\/Peterka-David-2-e1740129722351-1536x885.jpg 1536w, https:\/\/www.czechcyclingfederation.com\/wp-content\/uploads\/2025\/02\/Peterka-David-2-e1740129722351-1320x761.jpg 1320w, https:\/\/www.czechcyclingfederation.com\/wp-content\/uploads\/2025\/02\/Peterka-David-2-e1740129722351.jpg 1693w\" sizes=\"auto, (max-width: 1024px) 100vw, 1024px\" \/><\/figure>\n\n\n\n<p><strong>M\u016f\u017eete prozradit, jak\u00e9 m\u00e1te cyklistick\u00e9 sny do dal\u0161\u00edch let?<\/strong><\/p>\n\n\n\n<p>Moc r\u00e1d bych se s&nbsp;klukama dostal v&nbsp;t\u00fdmov\u00e9m sprintu na olympi\u00e1du do Los Angeles. I na Evrop\u011b jsme uk\u00e1zali, \u017ee m\u00e1me dobr\u00fd z\u00e1klad a m\u016f\u017eeme na n\u011bm do dal\u0161\u00edch let stav\u011bt.<\/p>\n\n\n\n<p><strong>V&nbsp;jak\u00e9 discipl\u00edn\u011b se moment\u00e1ln\u011b c\u00edt\u00edte nejsiln\u011bj\u0161\u00ed?<\/strong><\/p>\n\n\n\n<p>Asi na tom kilometru a v&nbsp;keirinu. Je to tak na stejn\u00e9 \u00farovni. Nejobl\u00edben\u011bj\u0161\u00ed je ale sprint, i kdy\u017e je dost hektick\u00fd a stresuj\u00edc\u00ed.<\/p>\n\n\n\n<p><strong>L\u00e1k\u00e1 v\u00e1s t\u0159eba na vrcholn\u00e9 \u00farovni i silnice nebo se d\u00e1l vid\u00edte jako \u010distokrevn\u00fd dr\u00e1ha\u0159?<\/strong><\/p>\n\n\n\n<p>Silnici jsem jezdil do juniorsk\u00fdch let a u\u017e m\u011b tolik nel\u00e1k\u00e1. Budoucnost vid\u00edm hlavn\u011b na dr\u00e1ze.<\/p>\n\n\n\n<figure class=\"wp-block-image size-large\"><img loading=\"lazy\" decoding=\"async\" width=\"1024\" height=\"683\" src=\"https:\/\/www.czechcyclingfederation.com\/wp-content\/uploads\/2025\/02\/Peterka-David-4-1024x683.jpg\" alt=\"\" class=\"wp-image-33969\" srcset=\"https:\/\/www.czechcyclingfederation.com\/wp-content\/uploads\/2025\/02\/Peterka-David-4-1024x683.jpg 1024w, https:\/\/www.czechcyclingfederation.com\/wp-content\/uploads\/2025\/02\/Peterka-David-4-300x200.jpg 300w, https:\/\/www.czechcyclingfederation.com\/wp-content\/uploads\/2025\/02\/Peterka-David-4-768x512.jpg 768w, https:\/\/www.czechcyclingfederation.com\/wp-content\/uploads\/2025\/02\/Peterka-David-4-1536x1024.jpg 1536w, https:\/\/www.czechcyclingfederation.com\/wp-content\/uploads\/2025\/02\/Peterka-David-4-1320x880.jpg 1320w, https:\/\/www.czechcyclingfederation.com\/wp-content\/uploads\/2025\/02\/Peterka-David-4.jpg 2048w\" sizes=\"auto, (max-width: 1024px) 100vw, 1024px\" \/><\/figure>\n\n\n\n<p><strong>Na \u0161ampion\u00e1tu v&nbsp;Zolderu se p\u0159edstavila i va\u0161e sestra. Hecujete se spolu navz\u00e1jem hodn\u011b?<\/strong><\/p>\n\n\n\n<p>Ur\u010dit\u011b a jsme r\u00e1di za ka\u017ed\u00fd \u00fasp\u011bch toho druh\u00e9ho. Podporu od s\u00e9gry m\u00e1m velkou a moc j\u00ed za to d\u011bkuju, stejn\u011b jako cel\u00e9 rodin\u011b, tren\u00e9r\u016fm i ostatn\u00edm kluk\u016fm z&nbsp;t\u00fdmu.<\/p>\n\n\n\n<p><strong>Jak se nejl\u00edp odreagujete od cyklistiky?<\/strong><\/p>\n\n\n\n<p>R\u00e1d si zahraju na po\u010d\u00edta\u010di nebo sp\u00edm \ud83d\ude0a. Z&nbsp;jin\u00fdch sport\u016f si ob\u010das zahraju s&nbsp;kamar\u00e1dy basket.<\/p>\n\n\n\n<p><strong>\u0158e\u0161\u00edte vedle cyklistiky je\u0161t\u011b \u0161kolu?<\/strong><\/p>\n\n\n\n<p>Ano, studuji ekonomick\u00e9 lyceum, ale m\u00e1m distan\u010dn\u00ed v\u00fduku, tak\u017ee se to d\u00e1 s&nbsp;cyklistikou skloubit.<\/p>\n\n\n\n<figure class=\"wp-block-image size-large\"><img loading=\"lazy\" decoding=\"async\" width=\"1024\" height=\"683\" src=\"https:\/\/www.czechcyclingfederation.com\/wp-content\/uploads\/2025\/02\/Peterka-David-5-1024x683.jpg\" alt=\"\" class=\"wp-image-33971\" srcset=\"https:\/\/www.czechcyclingfederation.com\/wp-content\/uploads\/2025\/02\/Peterka-David-5-1024x683.jpg 1024w, https:\/\/www.czechcyclingfederation.com\/wp-content\/uploads\/2025\/02\/Peterka-David-5-300x200.jpg 300w, https:\/\/www.czechcyclingfederation.com\/wp-content\/uploads\/2025\/02\/Peterka-David-5-768x512.jpg 768w, https:\/\/www.czechcyclingfederation.com\/wp-content\/uploads\/2025\/02\/Peterka-David-5-1536x1024.jpg 1536w, https:\/\/www.czechcyclingfederation.com\/wp-content\/uploads\/2025\/02\/Peterka-David-5-1320x880.jpg 1320w, https:\/\/www.czechcyclingfederation.com\/wp-content\/uploads\/2025\/02\/Peterka-David-5.jpg 2048w\" sizes=\"auto, (max-width: 1024px) 100vw, 1024px\" \/><\/figure>\n\n\n\n<p>Foto: Aneta V\u00e1lkov\u00e1<\/p>\n","protected":false},"excerpt":{"rendered":"<p>Na mistrovstv\u00ed Evropy v&nbsp;belgick\u00e9m Zolderu dos\u00e1hl \u010desk\u00fd reprezentant David Peterka z Dukly Brno \u017eivotn\u00edho \u00fasp\u011bchu. Jako benjam\u00ednek z\u00edskal toti\u017e je\u0161t\u011b coby 18let\u00fd senza\u010dn\u00ed bronz na kilometru s&nbsp;pevn\u00fdm startem a nad\u011blil si ten nejlep\u0161\u00ed d\u00e1rek k&nbsp;19. narozenin\u00e1m, kter\u00e9 slav\u00ed pr\u00e1v\u011b dnes. Davide, co pro v\u00e1s s&nbsp;odstupem n\u011bkolika dn\u00ed ten v\u00fdsledek znamen\u00e1? Beru to jako nejv\u011bt\u0161\u00ed \u00fasp\u011bch [&hellip;]<\/p>\n","protected":false},"author":15,"featured_media":33967,"comment_status":"closed","ping_status":"open","sticky":false,"template":"","format":"standard","meta":{"footnotes":""},"categories":[2,1],"tags":[9],"class_list":["post-33960","post","type-post","status-publish","format-standard","has-post-thumbnail","hentry","category-novinky","category-uncategorized-cs","tag-draha"],"_links":{"self":[{"href":"https:\/\/www.czechcyclingfederation.com\/en\/wp-json\/wp\/v2\/posts\/33960","targetHints":{"allow":["GET"]}}],"collection":[{"href":"https:\/\/www.czechcyclingfederation.com\/en\/wp-json\/wp\/v2\/posts"}],"about":[{"href":"https:\/\/www.czechcyclingfederation.com\/en\/wp-json\/wp\/v2\/types\/post"}],"author":[{"embeddable":true,"href":"https:\/\/www.czechcyclingfederation.com\/en\/wp-json\/wp\/v2\/users\/15"}],"replies":[{"embeddable":true,"href":"https:\/\/www.czechcyclingfederation.com\/en\/wp-json\/wp\/v2\/comments?post=33960"}],"version-history":[{"count":7,"href":"https:\/\/www.czechcyclingfederation.com\/en\/wp-json\/wp\/v2\/posts\/33960\/revisions"}],"predecessor-version":[{"id":33980,"href":"https:\/\/www.czechcyclingfederation.com\/en\/wp-json\/wp\/v2\/posts\/33960\/revisions\/33980"}],"wp:featuredmedia":[{"embeddable":true,"href":"https:\/\/www.czechcyclingfederation.com\/en\/wp-json\/wp\/v2\/media\/33967"}],"wp:attachment":[{"href":"https:\/\/www.czechcyclingfederation.com\/en\/wp-json\/wp\/v2\/media?parent=33960"}],"wp:term":[{"taxonomy":"category","embeddable":true,"href":"https:\/\/www.czechcyclingfederation.com\/en\/wp-json\/wp\/v2\/categories?post=33960"},{"taxonomy":"post_tag","embeddable":true,"href":"https:\/\/www.czechcyclingfederation.com\/en\/wp-json\/wp\/v2\/tags?post=33960"}],"curies":[{"name":"wp","href":"https:\/\/api.w.org\/{rel}","templated":true}]}}