{"id":33937,"date":"2025-02-18T20:39:57","date_gmt":"2025-02-18T19:39:57","guid":{"rendered":"https:\/\/www.czechcyclingfederation.com\/?p=33937"},"modified":"2025-02-18T20:40:00","modified_gmt":"2025-02-18T19:40:00","slug":"sabina-kosarkova-vyhrala-pumptrack-na-crankworx","status":"publish","type":"post","link":"https:\/\/www.czechcyclingfederation.com\/en\/sabina-kosarkova-vyhrala-pumptrack-na-crankworx\/","title":{"rendered":"Sabina Ko\u0161\u00e1rkov\u00e1 vyhr\u00e1la pumptrack na Crankworx!"},"content":{"rendered":"\n<p>\u00da\u0159aduj\u00edc\u00ed mistryn\u011b sv\u011bta na pumptracku <strong>Sabina Ko\u0161\u00e1rkov\u00e1<\/strong> vyhr\u00e1la tuto discipl\u00ednu v \u00favodn\u00edm z\u00e1vod\u011b presti\u017en\u00edho seri\u00e1lu Crankworx v&nbsp;novoz\u00e9landsk\u00e9m m\u011bst\u011b Christchurch.<\/p>\n\n\n\n<p><em>\u201eV prosinci jsem dostala nab\u00eddku, jestli bych tu necht\u011bla z\u00e1vodit, tak jsem si \u0159\u00edkala, \u017ee to spoj\u00edm se zimn\u00ed p\u0159\u00edpravou v\u00a0teple na BMX. Po p\u00e1r letech sledov\u00e1n\u00ed v televizi jsem se tak kone\u010dn\u011b uk\u00e1zala na tomto \u00fa\u017easn\u00e9m eventu. A \u017ee se mi tu hned povedlo vyhr\u00e1t, to je skv\u011bl\u00fd v\u00fdsledek,\u201c<\/em> \u0159ekla Ko\u0161\u00e1rkov\u00e1. <em>\u201eMoc jsem si taky u\u017e\u00edvala z\u00e1vod\u011bn\u00ed v\u00a0duhov\u00e9m dresu mistryn\u011b sv\u011bta. Je to moc fajn pocit a soupe\u0159ky m\u016f\u017eou m\u00edt tro\u0161ku v\u011bt\u0161\u00ed strach,\u201c<\/em> p\u0159iznala.<\/p>\n\n\n\n<figure class=\"wp-block-image size-large\"><img loading=\"lazy\" decoding=\"async\" width=\"1024\" height=\"683\" src=\"https:\/\/www.czechcyclingfederation.com\/wp-content\/uploads\/2025\/02\/kosarkova-2-1024x683.jpg\" alt=\"\" class=\"wp-image-33940\" srcset=\"https:\/\/www.czechcyclingfederation.com\/wp-content\/uploads\/2025\/02\/kosarkova-2-1024x683.jpg 1024w, https:\/\/www.czechcyclingfederation.com\/wp-content\/uploads\/2025\/02\/kosarkova-2-300x200.jpg 300w, https:\/\/www.czechcyclingfederation.com\/wp-content\/uploads\/2025\/02\/kosarkova-2-768x512.jpg 768w, https:\/\/www.czechcyclingfederation.com\/wp-content\/uploads\/2025\/02\/kosarkova-2-1536x1025.jpg 1536w, https:\/\/www.czechcyclingfederation.com\/wp-content\/uploads\/2025\/02\/kosarkova-2-1320x880.jpg 1320w, https:\/\/www.czechcyclingfederation.com\/wp-content\/uploads\/2025\/02\/kosarkova-2.jpg 2048w\" sizes=\"auto, (max-width: 1024px) 100vw, 1024px\" \/><\/figure>\n\n\n\n<p><em>\u201ePo\u0159\u00e1dn\u011b jsem nev\u011bd\u011bla, do \u010deho jdu, proto\u017ee mistrovstv\u00ed sv\u011bta v\u00a0pumptracku i kvalifikaci jezd\u00edme na asfaltu a Crankworx je specifick\u00fd \u0159adou zm\u011bn. M\u00e1me tam start, z\u00e1vod\u00edme bez \u0159et\u011bzu, je to na hl\u00edn\u011b a dva z\u00e1vodn\u00edci jedou proti sob\u011b, ne jeden proti \u010dasu, jak jsme zvykl\u00ed. Tohle mi p\u0159ijde atraktivn\u011bj\u0161\u00ed,\u201c<\/em> popsala \u010desk\u00e1 mistryn\u011b sv\u011bta z\u00a0lo\u0148sk\u00e9ho roku.<\/p>\n\n\n\n<figure class=\"wp-block-image size-large\"><img loading=\"lazy\" decoding=\"async\" width=\"1024\" height=\"683\" src=\"https:\/\/www.czechcyclingfederation.com\/wp-content\/uploads\/2025\/02\/sabina-3-1024x683.jpg\" alt=\"\" class=\"wp-image-33942\" srcset=\"https:\/\/www.czechcyclingfederation.com\/wp-content\/uploads\/2025\/02\/sabina-3-1024x683.jpg 1024w, https:\/\/www.czechcyclingfederation.com\/wp-content\/uploads\/2025\/02\/sabina-3-300x200.jpg 300w, https:\/\/www.czechcyclingfederation.com\/wp-content\/uploads\/2025\/02\/sabina-3-768x512.jpg 768w, https:\/\/www.czechcyclingfederation.com\/wp-content\/uploads\/2025\/02\/sabina-3-1536x1025.jpg 1536w, https:\/\/www.czechcyclingfederation.com\/wp-content\/uploads\/2025\/02\/sabina-3-1320x880.jpg 1320w, https:\/\/www.czechcyclingfederation.com\/wp-content\/uploads\/2025\/02\/sabina-3.jpg 2048w\" sizes=\"auto, (max-width: 1024px) 100vw, 1024px\" \/><\/figure>\n\n\n\n<p>Nad\u00e1le z\u016fst\u00e1v\u00e1 na Nov\u00e9m Z\u00e9landu, kde bude tr\u00e9novat a\u017e do poloviny b\u0159ezna. <em>\u201eP\u0159\u00ed\u0161t\u00ed t\u00fdden m\u011b tu \u010dek\u00e1 kvalifikace na mistrovstv\u00ed sv\u011bta v&nbsp;pumptracku a dal\u0161\u00ed dva t\u00fddny na to druh\u00fd z\u00e1vod s\u00e9rie Crankworx. Krom\u011b pumptracku pojedu je\u0161t\u011b dual slalom a taky air dowhnill. Moc se na to t\u011b\u0161\u00edm,\u201c<\/em> dodala Sabina Ko\u0161\u00e1rkov\u00e1.<\/p>\n\n\n\n<p>Foto: Facebook Sabiny Ko\u0161\u00e1rkov\u00e9<\/p>\n","protected":false},"excerpt":{"rendered":"<p>\u00da\u0159aduj\u00edc\u00ed mistryn\u011b sv\u011bta na pumptracku Sabina Ko\u0161\u00e1rkov\u00e1 vyhr\u00e1la tuto discipl\u00ednu v \u00favodn\u00edm z\u00e1vod\u011b presti\u017en\u00edho seri\u00e1lu Crankworx v&nbsp;novoz\u00e9landsk\u00e9m m\u011bst\u011b Christchurch. \u201eV prosinci jsem dostala nab\u00eddku, jestli bych tu necht\u011bla z\u00e1vodit, tak jsem si \u0159\u00edkala, \u017ee to spoj\u00edm se zimn\u00ed p\u0159\u00edpravou v\u00a0teple na BMX. Po p\u00e1r letech sledov\u00e1n\u00ed v televizi jsem se tak kone\u010dn\u011b uk\u00e1zala na tomto [&hellip;]<\/p>\n","protected":false},"author":15,"featured_media":33938,"comment_status":"closed","ping_status":"open","sticky":false,"template":"","format":"standard","meta":{"footnotes":""},"categories":[2],"tags":[55],"class_list":["post-33937","post","type-post","status-publish","format-standard","has-post-thumbnail","hentry","category-novinky","tag-bmx"],"_links":{"self":[{"href":"https:\/\/www.czechcyclingfederation.com\/en\/wp-json\/wp\/v2\/posts\/33937","targetHints":{"allow":["GET"]}}],"collection":[{"href":"https:\/\/www.czechcyclingfederation.com\/en\/wp-json\/wp\/v2\/posts"}],"about":[{"href":"https:\/\/www.czechcyclingfederation.com\/en\/wp-json\/wp\/v2\/types\/post"}],"author":[{"embeddable":true,"href":"https:\/\/www.czechcyclingfederation.com\/en\/wp-json\/wp\/v2\/users\/15"}],"replies":[{"embeddable":true,"href":"https:\/\/www.czechcyclingfederation.com\/en\/wp-json\/wp\/v2\/comments?post=33937"}],"version-history":[{"count":3,"href":"https:\/\/www.czechcyclingfederation.com\/en\/wp-json\/wp\/v2\/posts\/33937\/revisions"}],"predecessor-version":[{"id":33946,"href":"https:\/\/www.czechcyclingfederation.com\/en\/wp-json\/wp\/v2\/posts\/33937\/revisions\/33946"}],"wp:featuredmedia":[{"embeddable":true,"href":"https:\/\/www.czechcyclingfederation.com\/en\/wp-json\/wp\/v2\/media\/33938"}],"wp:attachment":[{"href":"https:\/\/www.czechcyclingfederation.com\/en\/wp-json\/wp\/v2\/media?parent=33937"}],"wp:term":[{"taxonomy":"category","embeddable":true,"href":"https:\/\/www.czechcyclingfederation.com\/en\/wp-json\/wp\/v2\/categories?post=33937"},{"taxonomy":"post_tag","embeddable":true,"href":"https:\/\/www.czechcyclingfederation.com\/en\/wp-json\/wp\/v2\/tags?post=33937"}],"curies":[{"name":"wp","href":"https:\/\/api.w.org\/{rel}","templated":true}]}}