{"id":33922,"date":"2025-02-17T17:09:37","date_gmt":"2025-02-17T16:09:37","guid":{"rendered":"https:\/\/www.czechcyclingfederation.com\/?p=33922"},"modified":"2025-02-18T11:24:40","modified_gmt":"2025-02-18T10:24:40","slug":"zemrel-petr-matousek","status":"publish","type":"post","link":"https:\/\/www.czechcyclingfederation.com\/en\/zemrel-petr-matousek\/","title":{"rendered":"Zem\u0159el Petr Matou\u0161ek"},"content":{"rendered":"\n<p class=\"wp-block-paragraph\">Ve v\u011bku 75 let zem\u0159el vynikaj\u00edc\u00ed \u010desk\u00fd silni\u010d\u00e1\u0159 Petr Matou\u0161ek. <\/p>\n\n\n\n<p class=\"wp-block-paragraph\">Nejv\u011bt\u0161\u00ed \u00fasp\u011bch slavil na mistrovstv\u00ed sv\u011bta 1970 v Leicesteru, kde s Ji\u0159\u00edm Mainu\u0161em, Milanem Puzrlou a Franti\u0161kem \u0158ez\u00e1\u010dem z\u00edskali st\u0159\u00edbrn\u00e9 medaile v \u010dasovce dru\u017estev, mezi jednotlivci skon\u010dil osm\u00fd. O p\u011bt let pozd\u011bji byl na MS v Yvoir v t\u00e9\u017ee discipl\u00edn\u011b t\u0159et\u00ed, tentokr\u00e1t s Petrem Buch\u00e1\u010dkem, Vlastimilem Moravcem a Vladim\u00edrem Vondr\u00e1\u010dkem.\u00a0\u00a0<br>Na olympijsk\u00fdch hr\u00e1ch v\u00a0Montrealu obsadil v\u00a0roce 1976\u00a0v\u00a0t\u00fdmov\u00e9 \u010dasovce p\u00e1t\u00e9 m\u00edsto, stejn\u011b jako na MS o\u00a0rok pozd\u011bji.\u00a0Startoval tak\u00e9 na Z\u00e1vod\u011b m\u00edru, v roce 1971 byl v celkov\u00e9 klasifikaci osmn\u00e1ct\u00fd, o dva roky pozd\u011bji \u0161estn\u00e1ct\u00fd.\u00a0<\/p>\n","protected":false},"excerpt":{"rendered":"<p>Ve v\u011bku 75 let zem\u0159el vynikaj\u00edc\u00ed \u010desk\u00fd silni\u010d\u00e1\u0159 Petr Matou\u0161ek. Nejv\u011bt\u0161\u00ed \u00fasp\u011bch slavil na mistrovstv\u00ed sv\u011bta 1970 v Leicesteru, kde s Ji\u0159\u00edm Mainu\u0161em, Milanem Puzrlou a Franti\u0161kem \u0158ez\u00e1\u010dem z\u00edskali st\u0159\u00edbrn\u00e9 medaile v \u010dasovce dru\u017estev, mezi jednotlivci skon\u010dil osm\u00fd. O p\u011bt let pozd\u011bji byl na MS v Yvoir v t\u00e9\u017ee discipl\u00edn\u011b t\u0159et\u00ed, tentokr\u00e1t s Petrem Buch\u00e1\u010dkem, [&hellip;]<\/p>\n","protected":false},"author":30,"featured_media":33925,"comment_status":"closed","ping_status":"open","sticky":false,"template":"","format":"standard","meta":{"footnotes":""},"categories":[2,18],"tags":[11],"class_list":["post-33922","post","type-post","status-publish","format-standard","has-post-thumbnail","hentry","category-novinky","category-silnice","tag-silnice"],"_links":{"self":[{"href":"https:\/\/www.czechcyclingfederation.com\/en\/wp-json\/wp\/v2\/posts\/33922","targetHints":{"allow":["GET"]}}],"collection":[{"href":"https:\/\/www.czechcyclingfederation.com\/en\/wp-json\/wp\/v2\/posts"}],"about":[{"href":"https:\/\/www.czechcyclingfederation.com\/en\/wp-json\/wp\/v2\/types\/post"}],"author":[{"embeddable":true,"href":"https:\/\/www.czechcyclingfederation.com\/en\/wp-json\/wp\/v2\/users\/30"}],"replies":[{"embeddable":true,"href":"https:\/\/www.czechcyclingfederation.com\/en\/wp-json\/wp\/v2\/comments?post=33922"}],"version-history":[{"count":2,"href":"https:\/\/www.czechcyclingfederation.com\/en\/wp-json\/wp\/v2\/posts\/33922\/revisions"}],"predecessor-version":[{"id":33930,"href":"https:\/\/www.czechcyclingfederation.com\/en\/wp-json\/wp\/v2\/posts\/33922\/revisions\/33930"}],"wp:featuredmedia":[{"embeddable":true,"href":"https:\/\/www.czechcyclingfederation.com\/en\/wp-json\/wp\/v2\/media\/33925"}],"wp:attachment":[{"href":"https:\/\/www.czechcyclingfederation.com\/en\/wp-json\/wp\/v2\/media?parent=33922"}],"wp:term":[{"taxonomy":"category","embeddable":true,"href":"https:\/\/www.czechcyclingfederation.com\/en\/wp-json\/wp\/v2\/categories?post=33922"},{"taxonomy":"post_tag","embeddable":true,"href":"https:\/\/www.czechcyclingfederation.com\/en\/wp-json\/wp\/v2\/tags?post=33922"}],"curies":[{"name":"wp","href":"https:\/\/api.w.org\/{rel}","templated":true}]}}