{"id":33911,"date":"2025-02-17T06:12:10","date_gmt":"2025-02-17T05:12:10","guid":{"rendered":"https:\/\/www.czechcyclingfederation.com\/?p=33911"},"modified":"2025-02-24T11:45:05","modified_gmt":"2025-02-24T10:45:05","slug":"drahari-na-mistrovstvi-evropy-v-belgii-predcili-ocekavani","status":"publish","type":"post","link":"https:\/\/www.czechcyclingfederation.com\/en\/drahari-na-mistrovstvi-evropy-v-belgii-predcili-ocekavani\/","title":{"rendered":"Dr\u00e1ha\u0159i na mistrovstv\u00ed Evropy v\u00a0Belgii p\u0159ed\u010dili o\u010dek\u00e1v\u00e1n\u00ed"},"content":{"rendered":"\n<p>Jedna medaile a \u0159ada dal\u0161\u00edch um\u00edst\u011bn\u00ed v\u00a0top 10, to je par\u00e1dn\u00ed vizitka \u010desk\u00fdch reprezentant\u016f z\u00a0mistrovstv\u00ed Evropy v\u00a0dr\u00e1hov\u00e9 cyklistice, kter\u00e9 v minul\u00e9m t\u00fddnu hostil belgick\u00fd Zolder. Ve v\u011bt\u0161in\u011b p\u0159\u00edpad\u016f p\u0159ed\u010dily v\u00fdsledky o\u010dek\u00e1v\u00e1n\u00ed.<\/p>\n\n\n\n<p><em>\u201eZ&nbsp;pohledu sprinter\u016f to hodnot\u00edm fantasticky. Vezeme si dom\u016f medaili a skoro ve v\u0161ech discipl\u00edn\u00e1ch se n\u00e1m poda\u0159ilo dos\u00e1hnout na top 10. K tomu \u010desk\u00e9 i osobn\u00ed rekordy, tak\u017ee jsem nadm\u00edru spokojen,\u201c<\/em> \u0159ekl reprezenta\u010dn\u00ed tren\u00e9r sprinter\u016f <strong>Petr Klime\u0161.<\/strong><\/p>\n\n\n\n<p>Z&nbsp;jeho sv\u011b\u0159enc\u016f dos\u00e1hl na nejlep\u0161\u00ed v\u00fdsledek teprve 18let\u00fd <strong>David Peterka<\/strong>, kter\u00fd na kilometru s&nbsp;pevn\u00fdm startem vybojoval p\u0159i premi\u00e9\u0159e na \u0161ampion\u00e1tu v&nbsp;elitn\u00ed kategorii ne\u010dekan\u00fd bronz. V&nbsp;t\u00e9\u017ee discipl\u00edn\u011b byl <strong>Mat\u011bj Hytych<\/strong> osm\u00fd.<\/p>\n\n\n\n<p>Skv\u011bl\u00fd v\u00fdkon p\u0159edvedli \u010ce\u0161i v&nbsp;t\u00fdmov\u00e9m sprintu, kde trio <strong>Mat\u011bj Tamme, Dominik Topinka a David Peterka<\/strong>&nbsp;obsadilo \u010dtvrtou p\u0159\u00ed\u010dku. Nav\u00edc se jim poda\u0159ilo hned dvakr\u00e1t vylep\u0161it \u010desk\u00fd rekord z&nbsp;roku 2017, jeho nov\u00e1 hodnota je 43,297.<\/p>\n\n\n\n<p>Trio <strong>Veronika Jaborn\u00edkov\u00e1, Anna Jaborn\u00edkov\u00e1, S\u00e1ra Kate\u0159ina Peterkov\u00e1<\/strong> bralo v&nbsp;\u017eensk\u00e9m t\u00fdmov\u00e9m sprintu \u0161est\u00e9 m\u00edsto. Ve sprintu jednotlivky\u0148 byla <strong>Veronika Jaborn\u00edkov\u00e1<\/strong> osm\u00e1, \u010dasem 10,734 p\u0159ekonala sv\u016fj vlastn\u00ed \u010desk\u00fd rekord ze srpna 2022. Stejnou p\u0159\u00ed\u010dku obsadil v&nbsp;mu\u017esk\u00e9m sprintu <strong>Mat\u011bj Tamme, Dominik Topinka<\/strong> skon\u010dil dev\u00e1t\u00fd, p\u0159i\u010dem\u017e oba si vylep\u0161ili osobn\u00ed rekordy.<\/p>\n\n\n\n<p><em>\u201eOdj\u00ed\u017ed\u011bli jsem do Zolderu s v\u011bdom\u00edm, \u017ee ka\u017ed\u00e9 um\u00edst\u011bn\u00ed v elitn\u00ed des\u00edtce bude velmi cenn\u00e9. Proto mus\u00edm na\u0161e vystoupen\u00ed hodnotit jako \u00fasp\u011b\u0161n\u00e9,\u201c dodal Petr Klime\u0161.<\/em><\/p>\n\n\n\n<p>Mezi vytrvalci se zaskv\u011bl 20let\u00fd <strong>Maty\u00e1\u0161 Kobl\u00ed\u017eek<\/strong>, jen\u017e vybojoval p\u00e1t\u00e9 m\u00edsto v bodovac\u00edm z\u00e1vod\u011b. <em>\u201eJe to pro m\u011b ur\u010dit\u011b \u017eivotn\u00ed v\u00fdsledek. M\u00e1m juniorsk\u00e9 medaile z\u00a0mistrovstv\u00ed sv\u011bta i Evropy, ale tohle byla moje premi\u00e9ra mezi elitou, a to je p\u0159ece jen jin\u00fd level,\u201c<\/em>\u00a0uvedl Kobl\u00ed\u017eek.<\/p>\n\n\n\n<p><strong>Petra \u0160ev\u010d\u00edkov\u00e1&nbsp;<\/strong>obsadila ve scratchi \u0161estou p\u0159\u00ed\u010dku, <strong>Adam K\u0159enek <\/strong>byl osm\u00fd v&nbsp;olympijsk\u00e9m omniu a <strong>Jarmila Macha\u010dov\u00e1 <\/strong>dos\u00e1hla stejn\u00e9ho um\u00edst\u011bn\u00ed v&nbsp;bodovac\u00edm z\u00e1vod\u011b.<\/p>\n\n\n\n<p><em>\u201eByla tu z&nbsp;na\u0161\u00ed strany \u0159ada velmi dobr\u00fdch v\u00fdsledk\u016f. Mus\u00edm vyzdvihnout hlavn\u011b p\u00e1t\u00e9 m\u00edsto Maty\u00e1\u0161e Kobl\u00ed\u017eka v&nbsp;bodova\u010dce, v\u00fdborn\u011b se uk\u00e1zal Adam K\u0159enek v&nbsp;omniu, to hodn\u011b pot\u011b\u0161ilo. Petra \u0160ev\u010d\u00edkov\u00e1 byla standardn\u011b dobr\u00e1 ve scratchi, nezklamala ani Jarmila Macha\u010dov\u00e1<\/em>,&#8221; \u0159ekl reprezenta\u010dn\u00ed tren\u00e9r vytrvalc\u016f <strong>Milan Kadlec<\/strong>.<\/p>\n\n\n\n<p><em>\u201ePot\u011b\u0161uj\u00edc\u00ed je, \u017ee tam hlavn\u011b v&nbsp;mu\u017e\u00edch m\u00e1me \u0161ikovn\u00e9 mlad\u00e9 z\u00e1vodn\u00edky, kte\u0159\u00ed jsou velk\u00fdm p\u0159\u00edslibem do budoucna,\u201c<\/em> dodal tren\u00e9r.<\/p>\n\n\n\n<p>Foto: Filip Bezd\u011bk<\/p>\n","protected":false},"excerpt":{"rendered":"<p>Jedna medaile a \u0159ada dal\u0161\u00edch um\u00edst\u011bn\u00ed v\u00a0top 10, to je par\u00e1dn\u00ed vizitka \u010desk\u00fdch reprezentant\u016f z\u00a0mistrovstv\u00ed Evropy v\u00a0dr\u00e1hov\u00e9 cyklistice, kter\u00e9 v minul\u00e9m t\u00fddnu hostil belgick\u00fd Zolder. Ve v\u011bt\u0161in\u011b p\u0159\u00edpad\u016f p\u0159ed\u010dily v\u00fdsledky o\u010dek\u00e1v\u00e1n\u00ed. \u201eZ&nbsp;pohledu sprinter\u016f to hodnot\u00edm fantasticky. Vezeme si dom\u016f medaili a skoro ve v\u0161ech discipl\u00edn\u00e1ch se n\u00e1m poda\u0159ilo dos\u00e1hnout na top 10. K tomu \u010desk\u00e9 [&hellip;]<\/p>\n","protected":false},"author":15,"featured_media":33912,"comment_status":"closed","ping_status":"open","sticky":false,"template":"","format":"standard","meta":{"footnotes":""},"categories":[2,103],"tags":[9],"class_list":["post-33911","post","type-post","status-publish","format-standard","has-post-thumbnail","hentry","category-novinky","category-reprezentace","tag-draha"],"_links":{"self":[{"href":"https:\/\/www.czechcyclingfederation.com\/en\/wp-json\/wp\/v2\/posts\/33911","targetHints":{"allow":["GET"]}}],"collection":[{"href":"https:\/\/www.czechcyclingfederation.com\/en\/wp-json\/wp\/v2\/posts"}],"about":[{"href":"https:\/\/www.czechcyclingfederation.com\/en\/wp-json\/wp\/v2\/types\/post"}],"author":[{"embeddable":true,"href":"https:\/\/www.czechcyclingfederation.com\/en\/wp-json\/wp\/v2\/users\/15"}],"replies":[{"embeddable":true,"href":"https:\/\/www.czechcyclingfederation.com\/en\/wp-json\/wp\/v2\/comments?post=33911"}],"version-history":[{"count":3,"href":"https:\/\/www.czechcyclingfederation.com\/en\/wp-json\/wp\/v2\/posts\/33911\/revisions"}],"predecessor-version":[{"id":33916,"href":"https:\/\/www.czechcyclingfederation.com\/en\/wp-json\/wp\/v2\/posts\/33911\/revisions\/33916"}],"wp:featuredmedia":[{"embeddable":true,"href":"https:\/\/www.czechcyclingfederation.com\/en\/wp-json\/wp\/v2\/media\/33912"}],"wp:attachment":[{"href":"https:\/\/www.czechcyclingfederation.com\/en\/wp-json\/wp\/v2\/media?parent=33911"}],"wp:term":[{"taxonomy":"category","embeddable":true,"href":"https:\/\/www.czechcyclingfederation.com\/en\/wp-json\/wp\/v2\/categories?post=33911"},{"taxonomy":"post_tag","embeddable":true,"href":"https:\/\/www.czechcyclingfederation.com\/en\/wp-json\/wp\/v2\/tags?post=33911"}],"curies":[{"name":"wp","href":"https:\/\/api.w.org\/{rel}","templated":true}]}}