{"id":33900,"date":"2025-02-15T22:00:53","date_gmt":"2025-02-15T21:00:53","guid":{"rendered":"https:\/\/www.czechcyclingfederation.com\/?p=33900"},"modified":"2025-02-24T11:46:11","modified_gmt":"2025-02-24T10:46:11","slug":"krenek-vybojoval-osmou-pricku-v-omniu-machacova-osma-v-bodovacce","status":"publish","type":"post","link":"https:\/\/www.czechcyclingfederation.com\/en\/krenek-vybojoval-osmou-pricku-v-omniu-machacova-osma-v-bodovacce\/","title":{"rendered":"K\u0159enek vybojoval osmou p\u0159\u00ed\u010dku v\u00a0omniu, Macha\u010dov\u00e1 osm\u00e1 v bodova\u010dce"},"content":{"rendered":"\n<p>Velmi dobr\u00e9 osm\u00e9 m\u00edsto obsadil \u010desk\u00fd reprezentant <strong>Adam K\u0159enek<\/strong> v&nbsp;olympijsk\u00e9m omniu na mistrovstv\u00ed Evropy v&nbsp;dr\u00e1hov\u00e9 cyklistice v&nbsp;belgick\u00e9m Zolderu. Stejn\u00e9ho v\u00fdsledku dos\u00e1hla i <strong>Jarmila Macha\u010dov\u00e1<\/strong> v&nbsp;posledn\u00ed discipl\u00edn\u011b sobotn\u00edho programu, bodovac\u00edm z\u00e1vod\u011b \u017een.<\/p>\n\n\n\n<p>T\u0159iadvacetilet\u00fd K\u0159enek za\u010dal omnium skv\u011ble, kdy\u017e skon\u010dil \u010dtvrt\u00fd ve scratchi, v&nbsp;n\u00e1sledn\u00e9m tempo z\u00e1vod\u011b byl \u0161est\u00fd hned za hv\u011bzdn\u00fdm Italem Vivianim. V&nbsp;eliminaci bral K\u0159enek 11. m\u00edsto a v&nbsp;z\u00e1v\u011bre\u010dn\u00e9 bodova\u010dce bojoval a z\u00edskal i kolo n\u00e1skoku. V\u00fdsledkem bylo kone\u010dn\u00e9 8. m\u00edsto.<\/p>\n\n\n\n<p><em>\u201eBylo to moje prvn\u00ed omnium v&nbsp;elitn\u00ed kategorii ne Evrop\u011b a dopadlo to super. Tajn\u011b jsem doufal v&nbsp;prvn\u00ed des\u00edtku, p\u0159eci jen je to olympijsk\u00e1 discipl\u00edna. Bylo to hodn\u011b n\u00e1ro\u010dn\u00e9 a moc si toho osm\u00e9ho m\u00edsta cen\u00edm,\u201c<\/em> \u0159ekl K\u0159enek, kter\u00e9ho v&nbsp;ned\u011bli na z\u00e1v\u011br ME \u010desk\u00e1 je\u0161t\u011b madison s&nbsp;Maty\u00e1\u0161em Kobl\u00ed\u017ekem. <em>\u201eV\u011b\u0159\u00edm, \u017ee budeme schopni sekundovat t\u011bm nejlep\u0161\u00edm a dostaneme se do top 10,\u201c<\/em> dodal.<\/p>\n\n\n\n<p>Macha\u010dov\u00e1, kter\u00e1 vloni vybojovala na ME v\u00a0Apeldornu v\u00a0bodovac\u00edm z\u00e1vod\u011b bronz, brala letos solidn\u00ed osmou p\u0159\u00ed\u010dku. <em>\u201eNebylo to z\u00a0m\u00e9 strany \u00fapln\u011b ide\u00e1ln\u00ed, nejelo se mi tak dob\u0159e. Na\u0161t\u011bst\u00ed jsem vychytala okam\u017eik, kdy jsem dala aspo\u0148 jednu rundu, ale do z\u00e1v\u011bru u\u017e jsem bohu\u017eel nem\u011bla s\u00edly,\u201c<\/em> komentovala sv\u00e9 vystoupen\u00ed zku\u0161en\u00e1 \u010desk\u00e1 reprezentantka.<\/p>\n\n\n\n<p><strong>Anna Jaborn\u00edkov\u00e1<\/strong> zajela v&nbsp;kvalifikaci pevn\u00e9ho kilometru, kter\u00fd jely \u017eeny na velk\u00e9 akci \u00fapln\u011b poprv\u00e9 (dosud 500 m), \u010dtrn\u00e1ct\u00fd \u010das a mezi fin\u00e1lovou osmi\u010dku nepostoupila.<\/p>\n\n\n\n<p class=\"has-medium-font-size\"><strong>V\u00fdsledky<\/strong><\/p>\n\n\n\n<p><strong>Mu\u017ei, omnium: <\/strong>1. Teutenberg (N\u011bm.) 167 b., 2. Larsen (D\u00e1n.) 165, 3. Heijnen (Niz.) 147, \u2026 <strong>8. K\u0159enek <\/strong>(\u010cR) 104.<\/p>\n\n\n\n<p><strong>Sprint, fin\u00e1le:<\/strong> Lavreysen (Niz.) &#8211; Jakovlev (Izr.) 2:0, o 3. m\u00edsto: Helal (Fr.) \u2013 Rudyk (Pol.) 2:0, \u2026 <strong>8. Tamme, 9. Topinka <\/strong>(oba \u010cR).<\/p>\n\n\n\n<p><strong>\u017deny, 1 km s&nbsp;pevn\u00fdm startem: <\/strong>1. van de Wouwov\u00e1 (Niz.) 1:04,497, 2. Fidanzaov\u00e1 (It.) +1,472, 3. Schneiderov\u00e1 (N\u011bm.) +2,248, \u2026 <strong>14. A. Jaborn\u00edkov\u00e1 <\/strong>(\u010cR).<\/p>\n\n\n\n<p><strong>St\u00edhac\u00ed z\u00e1vod jednotlivky\u0148, fin\u00e1le: <\/strong>Morrisov\u00e1 (Brit.) 4:25, 874 \u2013 Guazziniov\u00e1 (It.) 4:34,098, <strong>o 3. m\u00edsto: <\/strong>Krogerov\u00e1 4:33,451 &#8211; Kleinov\u00e1 (ob\u011b N\u011bm.) 4:39,970.<\/p>\n\n\n\n<p><strong>Bodovac\u00ed z\u00e1vod: <\/strong>1. Stenbergov\u00e1 (Nor.) 56, 2. Borrasov\u00e1 (Fr.) 54, 3. van der Duinov\u00e1 (Niz.) 53, \u2026 <strong>8. Macha\u010dov\u00e1 <\/strong>(\u010cR) 20.<\/p>\n\n\n\n<p>Foto: Filip Bezd\u011bk<\/p>\n","protected":false},"excerpt":{"rendered":"<p>Velmi dobr\u00e9 osm\u00e9 m\u00edsto obsadil \u010desk\u00fd reprezentant Adam K\u0159enek v&nbsp;olympijsk\u00e9m omniu na mistrovstv\u00ed Evropy v&nbsp;dr\u00e1hov\u00e9 cyklistice v&nbsp;belgick\u00e9m Zolderu. Stejn\u00e9ho v\u00fdsledku dos\u00e1hla i Jarmila Macha\u010dov\u00e1 v&nbsp;posledn\u00ed discipl\u00edn\u011b sobotn\u00edho programu, bodovac\u00edm z\u00e1vod\u011b \u017een. T\u0159iadvacetilet\u00fd K\u0159enek za\u010dal omnium skv\u011ble, kdy\u017e skon\u010dil \u010dtvrt\u00fd ve scratchi, v&nbsp;n\u00e1sledn\u00e9m tempo z\u00e1vod\u011b byl \u0161est\u00fd hned za hv\u011bzdn\u00fdm Italem Vivianim. V&nbsp;eliminaci bral K\u0159enek 11. [&hellip;]<\/p>\n","protected":false},"author":15,"featured_media":33901,"comment_status":"closed","ping_status":"open","sticky":false,"template":"","format":"standard","meta":{"footnotes":""},"categories":[2,103],"tags":[9],"class_list":["post-33900","post","type-post","status-publish","format-standard","has-post-thumbnail","hentry","category-novinky","category-reprezentace","tag-draha"],"_links":{"self":[{"href":"https:\/\/www.czechcyclingfederation.com\/en\/wp-json\/wp\/v2\/posts\/33900","targetHints":{"allow":["GET"]}}],"collection":[{"href":"https:\/\/www.czechcyclingfederation.com\/en\/wp-json\/wp\/v2\/posts"}],"about":[{"href":"https:\/\/www.czechcyclingfederation.com\/en\/wp-json\/wp\/v2\/types\/post"}],"author":[{"embeddable":true,"href":"https:\/\/www.czechcyclingfederation.com\/en\/wp-json\/wp\/v2\/users\/15"}],"replies":[{"embeddable":true,"href":"https:\/\/www.czechcyclingfederation.com\/en\/wp-json\/wp\/v2\/comments?post=33900"}],"version-history":[{"count":2,"href":"https:\/\/www.czechcyclingfederation.com\/en\/wp-json\/wp\/v2\/posts\/33900\/revisions"}],"predecessor-version":[{"id":33904,"href":"https:\/\/www.czechcyclingfederation.com\/en\/wp-json\/wp\/v2\/posts\/33900\/revisions\/33904"}],"wp:featuredmedia":[{"embeddable":true,"href":"https:\/\/www.czechcyclingfederation.com\/en\/wp-json\/wp\/v2\/media\/33901"}],"wp:attachment":[{"href":"https:\/\/www.czechcyclingfederation.com\/en\/wp-json\/wp\/v2\/media?parent=33900"}],"wp:term":[{"taxonomy":"category","embeddable":true,"href":"https:\/\/www.czechcyclingfederation.com\/en\/wp-json\/wp\/v2\/categories?post=33900"},{"taxonomy":"post_tag","embeddable":true,"href":"https:\/\/www.czechcyclingfederation.com\/en\/wp-json\/wp\/v2\/tags?post=33900"}],"curies":[{"name":"wp","href":"https:\/\/api.w.org\/{rel}","templated":true}]}}