{"id":33878,"date":"2025-02-14T21:35:41","date_gmt":"2025-02-14T20:35:41","guid":{"rendered":"https:\/\/www.czechcyclingfederation.com\/?p=33878"},"modified":"2025-02-24T11:47:45","modified_gmt":"2025-02-24T10:47:45","slug":"dva-osobni-rekordy-sprinteru-na-evropskem-sampionatu","status":"publish","type":"post","link":"https:\/\/www.czechcyclingfederation.com\/en\/dva-osobni-rekordy-sprinteru-na-evropskem-sampionatu\/","title":{"rendered":"Dva osobn\u00ed rekordy sprinter\u016f na evropsk\u00e9m \u0161ampion\u00e1tu"},"content":{"rendered":"\n<p><strong>\u010ce\u0161t\u00ed reprezentanti Mat\u011bj Tamme a Dominik Topinka se bl\u00fdskli na mistrovstv\u00ed Evropy v dr\u00e1hov\u00e9 cyklistice v belgick\u00e9m Zolderu, kdy\u017e si ve sprintersk\u00e9m z\u00e1vod\u011b shodn\u011b vytvo\u0159ili osobn\u00ed rekordy a vybojovali pozici v elitn\u00ed des\u00edtce.<\/strong><\/p>\n\n\n\n<p><em>&#8220;Odj\u00ed\u017ed\u011bli jsem do Zolderu s v\u011bdom\u00edm, \u017ee ka\u017ed\u00e9 um\u00edst\u011bn\u00ed v elitn\u00ed des\u00edtce bude velmi cenn\u00e9. A ze sprintu m\u00e1me osmou a dev\u00e1tou p\u0159\u00ed\u010dku, p\u0159i\u010dem\u017e oba kluci si vytvo\u0159ili osobn\u00ed rekord. Jsem nadm\u00edru spokojen\u00fd,&#8221; <\/em>chv\u00e1lil v\u00fdkony sprinter\u016f reprezenta\u010dn\u00ed tren\u00e9r <strong>Petr Klime\u0161<\/strong>.<\/p>\n\n\n\n<p>Kvalifikaci zvl\u00e1dli \u010de\u0161t\u00ed sprinte\u0159i s p\u0159ehledem, kdy\u017e Tamme postoupil z osm\u00e9 pozice a Topinka \u0161el do dal\u0161\u00edho osud\u00ed evropsk\u00e9ho \u0161ampion\u00e1tu z des\u00e1t\u00e9 p\u0159\u00ed\u010dky. V\u00edt\u011bzem kvalifikace byl izraelsk\u00fd reprezentant Jakovlev.<\/p>\n\n\n\n<p>V \u00favodn\u00edm vy\u0159azovac\u00edm kole Tamme porazil Danyl\u010duka z Ukrajiny, Topinka poslal ze hry \u0161pan\u011blsk\u00e9ho sprintera Sancheze Garmendiu.<\/p>\n\n\n\n<p>\u0160estadvacetilet\u00fd Tamme v osmifin\u00e1le p\u0159ekonal Bulhara Lendela, naopak Topinka nesta\u010dil na francouzsk\u00e9ho cyklistu Vigiera. P\u0159esto\u017ee v p\u0159\u00edpad\u011b jednat\u0159icetilet\u00e9ho \u010desk\u00e9ho reprezentanta \u0161lo o kone\u010dnou p\u0159i putov\u00e1n\u00ed &#8220;pavoukem&#8221; sprintersk\u00e9 bitvy, byl nejlep\u0161\u00edm z osmifinalist\u016f a obsadil dev\u00e1tou p\u0159\u00ed\u010dku.<\/p>\n\n\n\n<figure class=\"wp-block-image size-large\"><img loading=\"lazy\" decoding=\"async\" width=\"1024\" height=\"683\" src=\"https:\/\/www.czechcyclingfederation.com\/wp-content\/uploads\/2025\/02\/D1-UEC-ME-Draha-Zolder-BEL-_-\u00a9Filip-Bezdek-2025-3-1024x683.jpeg\" alt=\"\" class=\"wp-image-33881\" srcset=\"https:\/\/www.czechcyclingfederation.com\/wp-content\/uploads\/2025\/02\/D1-UEC-ME-Draha-Zolder-BEL-_-\u00a9Filip-Bezdek-2025-3-1024x683.jpeg 1024w, https:\/\/www.czechcyclingfederation.com\/wp-content\/uploads\/2025\/02\/D1-UEC-ME-Draha-Zolder-BEL-_-\u00a9Filip-Bezdek-2025-3-300x200.jpeg 300w, https:\/\/www.czechcyclingfederation.com\/wp-content\/uploads\/2025\/02\/D1-UEC-ME-Draha-Zolder-BEL-_-\u00a9Filip-Bezdek-2025-3-768x512.jpeg 768w, https:\/\/www.czechcyclingfederation.com\/wp-content\/uploads\/2025\/02\/D1-UEC-ME-Draha-Zolder-BEL-_-\u00a9Filip-Bezdek-2025-3-1536x1024.jpeg 1536w, https:\/\/www.czechcyclingfederation.com\/wp-content\/uploads\/2025\/02\/D1-UEC-ME-Draha-Zolder-BEL-_-\u00a9Filip-Bezdek-2025-3-2048x1365.jpeg 2048w, https:\/\/www.czechcyclingfederation.com\/wp-content\/uploads\/2025\/02\/D1-UEC-ME-Draha-Zolder-BEL-_-\u00a9Filip-Bezdek-2025-3-1320x880.jpeg 1320w\" sizes=\"auto, (max-width: 1024px) 100vw, 1024px\" \/><\/figure>\n\n\n\n<p>Tamme pak ve \u010dtvrtfin\u00e1le nesta\u010dil na v\u00fdkony Jakovleva z Izraele, kdy\u017e prohr\u00e1l oba sprintersk\u00e9 souboje a p\u0159ipadla mu kone\u010dn\u00e1 osm\u00e1 pozice.<\/p>\n\n\n\n<p>S ambicemi vstupovala do \u017eensk\u00e9ho omnia \u010dty\u0159iadvacetilet\u00e1 <strong>Petra \u0160ev\u010d\u00edkov\u00e1<\/strong>, kter\u00e9 t\u011bsn\u011b unikla pa\u0159\u00ed\u017esk\u00e1 olympi\u00e1da.<\/p>\n\n\n\n<p>\u010cesk\u00e9 reprezentantce poch\u00e1zej\u00edc\u00ed z Berouna se v\u0161ak nepovedl \u00favodn\u00ed scratch, kde p\u0159ivedla startovn\u00ed pole do fini\u0161e, jen\u017ee z\u016fstala zav\u0159en\u00e1 na \u0161patn\u00e9 pozici a nakonec skon\u010dila posledn\u00ed dvac\u00e1t\u00e1.<\/p>\n\n\n\n<p>\u00davodn\u00ed nezdar jakoby p\u0159edznamenal dal\u0161\u00ed \u00fa\u010dinkov\u00e1n\u00ed \u010desk\u00e9 z\u00e1vodnice, kter\u00e1 nenav\u00e1zala na des\u00e1t\u00e9 m\u00edsto z mistrovstv\u00ed sv\u011bta v D\u00e1nsku. V sou\u010dtu nasb\u00edrala 22 bod\u016f, co\u017e sta\u010dilo jen na sedmn\u00e1ctou pozici. Evropskou \u0161ampionkou se stala Lorena Wiebesov\u00e1 z Nizozemska.<\/p>\n\n\n\n<p><em>&#8220;Nepoda\u0159ilo se to od startu. Ve scratchi, jej\u00ed nejsiln\u011bj\u0161\u00ed discipl\u00edn\u011b, za\u010d\u00ednala vzadu, t\u011b\u017eko se s t\u00edm n\u011bco d\u011bl\u00e1,&#8221; <\/em>hodnotil tren\u00e9r reprezentace <strong>Milan Kadlec<\/strong> v\u00fdkon Petry \u0160ev\u010d\u00edkov\u00e9.<\/p>\n\n\n\n<p>V mu\u017esk\u00e9m scratchi p\u0159idal do palety \u010desk\u00fdch v\u00fdsledk\u016f dvan\u00e1ctou p\u0159\u00ed\u010dku <strong>Jan Vone\u0161<\/strong>. <em>&#8220;Dok\u00e1zal v rozhoduj\u00edc\u00edm okam\u017eiku skupinu nejlep\u0161\u00edch dojet. Krizov\u00fd moment zvl\u00e1dl, pak v z\u00e1v\u011bru to bylo o \u0161t\u011bst\u00ed a o noh\u00e1ch, respektive kombinaci t\u011bchto dvou faktor\u016f. Uk\u00e1zal bojovan\u00fd v\u00fdkon a ve spurtu prodal, co mohl,&#8221;<\/em> hodnotil Kadlec v\u00fdkon \u010dty\u0159iadvacetilet\u00e9ho reprezentanta.<\/p>\n\n\n\n<figure class=\"wp-block-image size-large\"><img loading=\"lazy\" decoding=\"async\" width=\"1024\" height=\"683\" src=\"http:\/\/www.czechcyclingfederation.com\/wp-content\/uploads\/2025\/02\/D1-UEC-ME-Draha-Zolder-BEL-_-\u00a9Filip-Bezdek-2025-8-1024x683.jpeg\" alt=\"\" class=\"wp-image-33879\" srcset=\"https:\/\/www.czechcyclingfederation.com\/wp-content\/uploads\/2025\/02\/D1-UEC-ME-Draha-Zolder-BEL-_-\u00a9Filip-Bezdek-2025-8-1024x683.jpeg 1024w, https:\/\/www.czechcyclingfederation.com\/wp-content\/uploads\/2025\/02\/D1-UEC-ME-Draha-Zolder-BEL-_-\u00a9Filip-Bezdek-2025-8-300x200.jpeg 300w, https:\/\/www.czechcyclingfederation.com\/wp-content\/uploads\/2025\/02\/D1-UEC-ME-Draha-Zolder-BEL-_-\u00a9Filip-Bezdek-2025-8-768x512.jpeg 768w, https:\/\/www.czechcyclingfederation.com\/wp-content\/uploads\/2025\/02\/D1-UEC-ME-Draha-Zolder-BEL-_-\u00a9Filip-Bezdek-2025-8-1536x1024.jpeg 1536w, https:\/\/www.czechcyclingfederation.com\/wp-content\/uploads\/2025\/02\/D1-UEC-ME-Draha-Zolder-BEL-_-\u00a9Filip-Bezdek-2025-8-2048x1365.jpeg 2048w, https:\/\/www.czechcyclingfederation.com\/wp-content\/uploads\/2025\/02\/D1-UEC-ME-Draha-Zolder-BEL-_-\u00a9Filip-Bezdek-2025-8-1320x880.jpeg 1320w\" sizes=\"auto, (max-width: 1024px) 100vw, 1024px\" \/><\/figure>\n\n\n\n<p><strong>V\u00fdsledky ME: mu\u017ei &#8211; scratch: <\/strong>1. Leitao (Port.), 2. Hoppezak (Niz.), 3. Tidball (Vel. Brit), \u2026 <strong>12. Vone\u0161<\/strong> (\u010cR). <strong>St\u00edhac\u00ed z\u00e1vod: <\/strong>1. Charlton (Vel. Brit.), 2. Alves Oliveira (Port.), 3. Gill (Vel. Brit).<\/p>\n\n\n\n<p><strong>\u017deny &#8211; omnium:<\/strong> 1. Wiebesov\u00e1 (Niz.) 114 bod\u016f, 2. Leechov\u00e1 (Vel. Brit.) 114 b., 3. Dideriksen (D\u00e1n.) 103 b., \u2026<strong>17. \u0160ev\u010d\u00edkov\u00e1<\/strong> (\u010cR) 22 b. <strong>Sprint<\/strong>: 1. Burlakov\u00e1 (AIN), 2. Edmundsov\u00e1 (Vel. Brit.), 3. Lysenkov\u00e1 (AIN).<\/p>\n\n\n\n<p>Foto: Filip Bezd\u011bk<\/p>\n\n\n\n<p><\/p>\n","protected":false},"excerpt":{"rendered":"<p>\u010ce\u0161t\u00ed reprezentanti Mat\u011bj Tamme a Dominik Topinka se bl\u00fdskli na mistrovstv\u00ed Evropy v dr\u00e1hov\u00e9 cyklistice v belgick\u00e9m Zolderu, kdy\u017e si ve sprintersk\u00e9m z\u00e1vod\u011b shodn\u011b vytvo\u0159ili osobn\u00ed rekordy a vybojovali pozici v elitn\u00ed des\u00edtce. &#8220;Odj\u00ed\u017ed\u011bli jsem do Zolderu s v\u011bdom\u00edm, \u017ee ka\u017ed\u00e9 um\u00edst\u011bn\u00ed v elitn\u00ed des\u00edtce bude velmi cenn\u00e9. A ze sprintu m\u00e1me osmou a dev\u00e1tou [&hellip;]<\/p>\n","protected":false},"author":30,"featured_media":33885,"comment_status":"closed","ping_status":"open","sticky":false,"template":"","format":"standard","meta":{"footnotes":""},"categories":[2,46,103],"tags":[9],"class_list":["post-33878","post","type-post","status-publish","format-standard","has-post-thumbnail","hentry","category-novinky","category-novinky-sportovni-centra","category-reprezentace","tag-draha"],"_links":{"self":[{"href":"https:\/\/www.czechcyclingfederation.com\/en\/wp-json\/wp\/v2\/posts\/33878","targetHints":{"allow":["GET"]}}],"collection":[{"href":"https:\/\/www.czechcyclingfederation.com\/en\/wp-json\/wp\/v2\/posts"}],"about":[{"href":"https:\/\/www.czechcyclingfederation.com\/en\/wp-json\/wp\/v2\/types\/post"}],"author":[{"embeddable":true,"href":"https:\/\/www.czechcyclingfederation.com\/en\/wp-json\/wp\/v2\/users\/30"}],"replies":[{"embeddable":true,"href":"https:\/\/www.czechcyclingfederation.com\/en\/wp-json\/wp\/v2\/comments?post=33878"}],"version-history":[{"count":9,"href":"https:\/\/www.czechcyclingfederation.com\/en\/wp-json\/wp\/v2\/posts\/33878\/revisions"}],"predecessor-version":[{"id":33906,"href":"https:\/\/www.czechcyclingfederation.com\/en\/wp-json\/wp\/v2\/posts\/33878\/revisions\/33906"}],"wp:featuredmedia":[{"embeddable":true,"href":"https:\/\/www.czechcyclingfederation.com\/en\/wp-json\/wp\/v2\/media\/33885"}],"wp:attachment":[{"href":"https:\/\/www.czechcyclingfederation.com\/en\/wp-json\/wp\/v2\/media?parent=33878"}],"wp:term":[{"taxonomy":"category","embeddable":true,"href":"https:\/\/www.czechcyclingfederation.com\/en\/wp-json\/wp\/v2\/categories?post=33878"},{"taxonomy":"post_tag","embeddable":true,"href":"https:\/\/www.czechcyclingfederation.com\/en\/wp-json\/wp\/v2\/tags?post=33878"}],"curies":[{"name":"wp","href":"https:\/\/api.w.org\/{rel}","templated":true}]}}