{"id":33863,"date":"2025-02-12T21:40:50","date_gmt":"2025-02-12T20:40:50","guid":{"rendered":"https:\/\/www.czechcyclingfederation.com\/?p=33863"},"modified":"2025-02-24T11:46:58","modified_gmt":"2025-02-24T10:46:58","slug":"cesi-skoncili-na-uvod-me-draharu-ctvrti-v-tymovem-sprintu","status":"publish","type":"post","link":"https:\/\/www.czechcyclingfederation.com\/en\/cesi-skoncili-na-uvod-me-draharu-ctvrti-v-tymovem-sprintu\/","title":{"rendered":"\u010ce\u0161i skon\u010dili na \u00favod ME dr\u00e1ha\u0159\u016f \u010dtvrt\u00ed v\u00a0t\u00fdmov\u00e9m sprintu!"},"content":{"rendered":"\n<p>\u010cesk\u00e9 trio <strong>Mat\u011bj Tamme, Dominik Topinka a David Peterka<\/strong> skon\u010dilo na \u00favod mistrovstv\u00ed Evropy v&nbsp;dr\u00e1hov\u00e9 cyklistice v&nbsp;belgick\u00e9m Zolderu na vynikaj\u00edc\u00edm \u010dtvrt\u00e9m m\u00edst\u011b v&nbsp;t\u00fdmov\u00e9m sprintu. <strong>Petra \u0160ev\u010d\u00edkov\u00e1 <\/strong>obsadila ve scratchi \u0161estou p\u0159\u00ed\u010dku.<\/p>\n\n\n\n<p>V kvalifikaci zajelo \u010desk\u00e9 mu\u017esk\u00e9 trio nejrychlej\u0161\u00ed \u010das 43,337 ze v\u0161ech 12 t\u00fdm\u016f a vylep\u0161ilo t\u00edm st\u00e1vaj\u00edc\u00ed \u010desk\u00fd rekord. V prvn\u00edm kole sice \u010ce\u0161i porazili \u0160pan\u011bly, ale i p\u0159es dal\u0161\u00ed zlep\u0161en\u00ed na 43,297 byl jejich \u010das a\u017e p\u00e1t\u00fd nejrychlej\u0161\u00ed, a to znamenalo boj o bronzovou medaili proti Brit\u00e1nii. V n\u011bm se neudr\u017eel v z\u00e1v\u011bsu za sv\u00fdmi spolujezdci Peterka a \u010ce\u0161i obsadili \u010dtvrt\u00e9 m\u00edsto.<\/p>\n\n\n\n<p><em>\u201ePodle \u010dasu v kvalifikaci to vypadalo skv\u011ble, ale v\u011bd\u011bli jsme, \u017ee soupe\u0159i vym\u011bn\u00ed n\u011bjak\u00e9ho jezdce a zrychl\u00ed. P\u0159esto jsme postoupili do boje o bronz a dva rekordy, to je prost\u011b super. Bohu\u017eel jsme nemohli prost\u0159\u00eddat a nasadit \u010cechmana, kter\u00fd se na to prost\u011b nec\u00edtil. Mlad\u00fd Peterka, loni je\u0161t\u011b junior, se s\u00a0t\u00edm p\u0159i sv\u00e9m ml\u00e1d\u00ed popral v\u00fdborn\u011b, ale t\u0159et\u00ed j\u00edzda v rychl\u00e9m sledu byla ji\u017e trochu nad jeho s\u00edly. V\u00edme, \u017ee um\u00edme jezdit rychle, je to n\u00e1\u0161 nejlep\u0161\u00ed v\u00fdsledek a kluk\u016fm za to moc d\u011bkuji,\u201c<\/em> zhodnotil reprezenta\u010dn\u00ed tren\u00e9r sprinter\u016f <strong>Petr Klime\u0161.<\/strong><\/p>\n\n\n\n<p>Trio \u017een <strong>Veronika Jaborn\u00edkov\u00e1, Anna Jaborn\u00edkov\u00e1, S\u00e1ra Kate\u0159ina Peterkov\u00e1<\/strong> zajelo v&nbsp;kvalifikaci t\u00fdmov\u00e9ho sprintu \u0161est\u00fd \u010das, v prvn\u00edm kole ale nesta\u010dilo na Britky a skon\u010dilo \u0161est\u00e9.<\/p>\n\n\n\n<p>Ve scratchi \u017een se dlouho dr\u017eela ve \u0161pi\u010dce startovn\u00edho pole <strong>Petra \u0160ev\u010d\u00edkov\u00e1<\/strong>, ale soupe\u0159ky ji v\u00a0rozhoduj\u00edc\u00edm momentu zav\u0159ely, a nakonec z toho bylo \u0161est\u00e9 m\u00edsto. <strong>Milan Kadlec<\/strong> dojel ve vylu\u010dovac\u00edm z\u00e1vod\u011b 13.<\/p>\n\n\n\n<p class=\"has-medium-font-size\"><strong>V\u00fdsledky<\/strong><\/p>\n\n\n\n<p><strong>Mu\u017ei, t\u00fdmov\u00fd sprint, fin\u00e1le:<\/strong> Francie 42,609 &#8211; Nizozemsko 43,253, o 3. m\u00edsto: Brit\u00e1nie 43,152 &#8211; <strong>\u010cR (Tamme, Topinka, Peterka)<\/strong> 44,049.<\/p>\n\n\n\n<p><strong>Vylu\u010dovac\u00ed z\u00e1vod:<\/strong> 1. Teutenberg (N\u011bm.), 2. Oliveira (Port.), 3. Hesters (Begl.), \u2026 <strong>13. Kadlec<\/strong> (\u010cR).<\/p>\n\n\n\n<p><strong>\u017deny, t\u00fdmov\u00fd sprint, fin\u00e1le:<\/strong> Nizozemsko 46,322 &#8211; Brit\u00e1nie 46,929, <strong>o 3. m\u00edsto:<\/strong> N\u011bmecko 47,333 &#8211; Polsko 47,952, \u2026 <strong>6. \u010cR (V. Jaborn\u00edkov\u00e1, A. Jaborn\u00edkov\u00e1, Peterkov\u00e1).<\/strong><\/p>\n\n\n\n<p><strong>Scratch:<\/strong> 1. Fidanzaov\u00e1 (It.), 2. Wiebesov\u00e1 (Niz.), 3. Martinsov\u00e1 (Port.), \u2026 <strong>6. \u0160ev\u010d\u00edkov\u00e1<\/strong> (\u010cR).<\/p>\n\n\n\n<p>Foto: Jan Brychta<\/p>\n","protected":false},"excerpt":{"rendered":"<p>\u010cesk\u00e9 trio Mat\u011bj Tamme, Dominik Topinka a David Peterka skon\u010dilo na \u00favod mistrovstv\u00ed Evropy v&nbsp;dr\u00e1hov\u00e9 cyklistice v&nbsp;belgick\u00e9m Zolderu na vynikaj\u00edc\u00edm \u010dtvrt\u00e9m m\u00edst\u011b v&nbsp;t\u00fdmov\u00e9m sprintu. Petra \u0160ev\u010d\u00edkov\u00e1 obsadila ve scratchi \u0161estou p\u0159\u00ed\u010dku. V kvalifikaci zajelo \u010desk\u00e9 mu\u017esk\u00e9 trio nejrychlej\u0161\u00ed \u010das 43,337 ze v\u0161ech 12 t\u00fdm\u016f a vylep\u0161ilo t\u00edm st\u00e1vaj\u00edc\u00ed \u010desk\u00fd rekord. V prvn\u00edm kole sice \u010ce\u0161i [&hellip;]<\/p>\n","protected":false},"author":8,"featured_media":33864,"comment_status":"closed","ping_status":"open","sticky":false,"template":"","format":"standard","meta":{"footnotes":""},"categories":[2,103],"tags":[9],"class_list":["post-33863","post","type-post","status-publish","format-standard","has-post-thumbnail","hentry","category-novinky","category-reprezentace","tag-draha"],"_links":{"self":[{"href":"https:\/\/www.czechcyclingfederation.com\/en\/wp-json\/wp\/v2\/posts\/33863","targetHints":{"allow":["GET"]}}],"collection":[{"href":"https:\/\/www.czechcyclingfederation.com\/en\/wp-json\/wp\/v2\/posts"}],"about":[{"href":"https:\/\/www.czechcyclingfederation.com\/en\/wp-json\/wp\/v2\/types\/post"}],"author":[{"embeddable":true,"href":"https:\/\/www.czechcyclingfederation.com\/en\/wp-json\/wp\/v2\/users\/8"}],"replies":[{"embeddable":true,"href":"https:\/\/www.czechcyclingfederation.com\/en\/wp-json\/wp\/v2\/comments?post=33863"}],"version-history":[{"count":1,"href":"https:\/\/www.czechcyclingfederation.com\/en\/wp-json\/wp\/v2\/posts\/33863\/revisions"}],"predecessor-version":[{"id":33866,"href":"https:\/\/www.czechcyclingfederation.com\/en\/wp-json\/wp\/v2\/posts\/33863\/revisions\/33866"}],"wp:featuredmedia":[{"embeddable":true,"href":"https:\/\/www.czechcyclingfederation.com\/en\/wp-json\/wp\/v2\/media\/33864"}],"wp:attachment":[{"href":"https:\/\/www.czechcyclingfederation.com\/en\/wp-json\/wp\/v2\/media?parent=33863"}],"wp:term":[{"taxonomy":"category","embeddable":true,"href":"https:\/\/www.czechcyclingfederation.com\/en\/wp-json\/wp\/v2\/categories?post=33863"},{"taxonomy":"post_tag","embeddable":true,"href":"https:\/\/www.czechcyclingfederation.com\/en\/wp-json\/wp\/v2\/tags?post=33863"}],"curies":[{"name":"wp","href":"https:\/\/api.w.org\/{rel}","templated":true}]}}