{"id":33840,"date":"2025-02-10T17:10:34","date_gmt":"2025-02-10T16:10:34","guid":{"rendered":"https:\/\/www.czechcyclingfederation.com\/?p=33840"},"modified":"2025-02-12T11:43:05","modified_gmt":"2025-02-12T10:43:05","slug":"zimni-a-jarni-cyklisticke-soustredeni-v-zahranicni-destinaci-s-priznivym-klimatem","status":"publish","type":"post","link":"https:\/\/www.czechcyclingfederation.com\/en\/zimni-a-jarni-cyklisticke-soustredeni-v-zahranicni-destinaci-s-priznivym-klimatem\/","title":{"rendered":"Newsletter CU: Zimn\u00ed a jarn\u00ed cyklistick\u00e9 soust\u0159ed\u011bn\u00ed"},"content":{"rendered":"\n<p>Prvn\u00ed Newsletter roku 2025 vzd\u011bl\u00e1vac\u00edho projektu Cycling University pr\u00e1v\u011b vych\u00e1z\u00ed a jeho hlavn\u00edm t\u00e9matem jsou &#8220;Zimn\u00ed a jarn\u00ed cyklistick\u00e9 soust\u0159ed\u011bn\u00ed v zahrani\u010dn\u00ed destinaci s p\u0159\u00edzniv\u00fdm klimatem&#8221;. Du\u0161\u00ed projektu je reprezenta\u010dn\u00ed tren\u00e9r horsk\u00fdch kol Viktor Zapletal, kter\u00fd je rovn\u011b\u017e autorem tohoto newsletteru.<\/p>\n\n\n\n<p>Newsletter 01\/2025 v\u00e1m p\u0159in\u00e1\u0161\u00ed v p\u0159\u00edstupn\u00e9 form\u011b zpracovan\u00e1 t\u00e9mata nejpodstatn\u011bj\u0161\u00edch aspekt\u016f, kter\u00e1 zahrani\u010dn\u00ed soust\u0159ed\u011bn\u00ed a tr\u00e9ninkov\u00e9 campy prov\u00e1zej\u00ed.<br>V\u0161e je podlo\u017eeno zku\u0161enostmi v\u00edce ne\u017e dvacetilet\u00e9 praxe a nechyb\u011bj\u00ed ani aktu\u00e1ln\u00ed post\u0159ehy a tipy, jak k t\u00e9to problematice p\u0159istupuj\u00ed profesion\u00e1lov\u00e9, jedinci, t\u00fdmy \u010di reprezentace.<br>Pro n\u011bkter\u00e9 m\u016f\u017ee b\u00fdt zaj\u00edmav\u00e9 porovn\u00e1n\u00ed a p\u0159ehled nej\u010dast\u011bji nav\u0161t\u011bvovan\u00fdch m\u00edst. Je dobr\u00e9 v\u011bd\u011bt, \u017ee zahrani\u010dn\u00ed cyklistick\u00e9 destinace prod\u011bl\u00e1vaj\u00ed ur\u010dit\u00fd v\u00fdvoj, kter\u00fd reaguje na cenu, stabilitu po\u010das\u00ed i mo\u017enosti okoln\u00edch ter\u00e9n\u016f a pestrost tras a \u010dastokr\u00e1t tradi\u010dn\u00ed Mekky cyklistiky jsou nahrazov\u00e1ny \u00fapln\u011b nov\u00fdmi destinacemi. Svou roli zde pak m\u016f\u017ee hr\u00e1t i relativn\u011b k\u0159ehk\u00fd soci\u00e1ln\u00ed faktor vst\u0159\u00edcnosti m\u00edstn\u00edch obyvatel k cyklist\u016fm a cykloturismu.<br>To je p\u0159\u00edklad tradi\u010dn\u00ed Mallorky a pob\u0159e\u017en\u00edho Calpe, kter\u00e9 se nov\u011b stalo z\u00e1kladnou World t\u00fdm\u016f i reprezentac\u00ed. To sam\u00e9 pak plat\u00ed o je\u0161t\u011b p\u0159ed p\u00e1r lety nezn\u00e1m\u00e9 Ando\u0159e, kde se spole\u010dn\u011b p\u0159ipravuj\u00ed sv\u011btov\u00ed jezdci, ale i \u201ehob\u00edci\u201c a kondi\u010dn\u00ed jezdci nap\u0159\u00ed\u010d discipl\u00ednami.<br>P\u0159ejeme v\u00e1m \u00fasp\u011b\u0161n\u00fd vstup do sez\u00f3ny 2025 a hodn\u011b \u0161\u0165astn\u00fdch kilometr\u016f v sedle kola v r\u00e1mci zahrani\u010dn\u00edho cyklistick\u00e9ho soust\u0159ed\u011bn\u00ed!<\/p>\n\n\n\n<p>Kapitoly Newsletteru 01\/2025<\/p>\n\n\n\n<ul class=\"wp-block-list\">\n<li>\u00davod: Obecn\u00e1 charakteristika cyklistick\u00e9ho zahrani\u010dn\u00edho soust\u0159ed\u011bn\u00ed<\/li>\n\n\n\n<li>Pl\u00e1nov\u00e1n\u00ed zahrani\u010dn\u00edho cyklistick\u00e9ho soust\u0159ed\u011bn\u00ed v zimn\u00edch a jarn\u00edch m\u011bs\u00edc\u00edch<\/li>\n\n\n\n<li>Druhy zahrani\u010dn\u00edch cyklistick\u00fdch soust\u0159ed\u011bn\u00ed podle specializace<\/li>\n\n\n\n<li>V\u00fdznam cyklistick\u00e9ho soust\u0159ed\u011bn\u00ed na fyzick\u00fd rozvoj sportovce<\/li>\n\n\n\n<li>Vytrvalostn\u00ed tr\u00e9nink<\/li>\n\n\n\n<li>Silov\u00fd tr\u00e9nink cyklisty<\/li>\n\n\n\n<li>Regenerace, kompenza\u010dn\u00ed cvi\u010den\u00ed a stre\u010dink<\/li>\n\n\n\n<li>Vyu\u017eit\u00ed dne volna na soust\u0159ed\u011bn\u00ed: regenerace vs. aktivn\u00ed odpo\u010dinek<\/li>\n\n\n\n<li>V\u00fdznam p\u0159\u00edtomnosti tren\u00e9ra na soust\u0159ed\u011bn\u00ed<\/li>\n\n\n\n<li>Psychologick\u00e9 benefity zahrani\u010dn\u00edho cyklistick\u00e9ho soust\u0159ed\u011bn\u00ed<\/li>\n\n\n\n<li>Nev\u00fdhody a rizika zahrani\u010dn\u00edho soust\u0159ed\u011bn\u00ed<\/li>\n\n\n\n<li>Seznam vhodn\u00fdch destinac\u00ed pro zahrani\u010dn\u00ed cyklistick\u00e1 soust\u0159ed\u011bn\u00ed s p\u0159\u00edzniv\u00fdm klimatem<\/li>\n<\/ul>\n\n\n\n<p><strong>Kompletn\u00ed Newsletter ke sta\u017een\u00ed:<\/strong><\/p>\n\n\n<div class=\"wp-block-file\">\r\n                <a target=\"_blank\" rel=\"noopener\" href=\"https:\/\/www.czechcyclingfederation.com\/wp-content\/uploads\/2025\/02\/NEWSLETTER-CYCLING-UNIVERSITY-01_2025_-2.pdf\" class=\"wp-block-file__button wp-element-button\">\r\n                    <span class=\"wp-block-file__icon\"><\/span>\r\n                    NEWSLETTER CYCLING UNIVERSITY 01_2025_\r\n                <\/a>\r\n            <\/div>\n\n\n<p><em>Foto: We Love Cycling<\/em><\/p>\n\n\n\n<figure class=\"wp-block-image size-large\"><img loading=\"lazy\" decoding=\"async\" width=\"1024\" height=\"683\" src=\"https:\/\/www.czechcyclingfederation.com\/wp-content\/uploads\/2025\/02\/F-profimedia-0491051905-mallorka-1024x683.webp\" alt=\"\" class=\"wp-image-33841\" srcset=\"https:\/\/www.czechcyclingfederation.com\/wp-content\/uploads\/2025\/02\/F-profimedia-0491051905-mallorka-1024x683.webp 1024w, https:\/\/www.czechcyclingfederation.com\/wp-content\/uploads\/2025\/02\/F-profimedia-0491051905-mallorka-300x200.webp 300w, https:\/\/www.czechcyclingfederation.com\/wp-content\/uploads\/2025\/02\/F-profimedia-0491051905-mallorka-768x512.webp 768w, https:\/\/www.czechcyclingfederation.com\/wp-content\/uploads\/2025\/02\/F-profimedia-0491051905-mallorka-1536x1025.webp 1536w, https:\/\/www.czechcyclingfederation.com\/wp-content\/uploads\/2025\/02\/F-profimedia-0491051905-mallorka-1320x881.webp 1320w, https:\/\/www.czechcyclingfederation.com\/wp-content\/uploads\/2025\/02\/F-profimedia-0491051905-mallorka.webp 1800w\" sizes=\"auto, (max-width: 1024px) 100vw, 1024px\" \/><\/figure>\n\n\n\n<p><\/p>\n\n\n\n<p><\/p>\n","protected":false},"excerpt":{"rendered":"<p>Prvn\u00ed Newsletter roku 2025 vzd\u011bl\u00e1vac\u00edho projektu Cycling University pr\u00e1v\u011b vych\u00e1z\u00ed a jeho hlavn\u00edm t\u00e9matem jsou &#8220;Zimn\u00ed a jarn\u00ed cyklistick\u00e9 soust\u0159ed\u011bn\u00ed v zahrani\u010dn\u00ed destinaci s p\u0159\u00edzniv\u00fdm klimatem&#8221;. Du\u0161\u00ed projektu je reprezenta\u010dn\u00ed tren\u00e9r horsk\u00fdch kol Viktor Zapletal, kter\u00fd je rovn\u011b\u017e autorem tohoto newsletteru. Newsletter 01\/2025 v\u00e1m p\u0159in\u00e1\u0161\u00ed v p\u0159\u00edstupn\u00e9 form\u011b zpracovan\u00e1 t\u00e9mata nejpodstatn\u011bj\u0161\u00edch aspekt\u016f, kter\u00e1 zahrani\u010dn\u00ed soust\u0159ed\u011bn\u00ed [&hellip;]<\/p>\n","protected":false},"author":3,"featured_media":33841,"comment_status":"closed","ping_status":"open","sticky":false,"template":"","format":"standard","meta":{"footnotes":""},"categories":[23,2,173],"tags":[174],"class_list":["post-33840","post","type-post","status-publish","format-standard","has-post-thumbnail","hentry","category-cycling-university","category-novinky","category-vzdelavani","tag-vzdelavani"],"_links":{"self":[{"href":"https:\/\/www.czechcyclingfederation.com\/en\/wp-json\/wp\/v2\/posts\/33840","targetHints":{"allow":["GET"]}}],"collection":[{"href":"https:\/\/www.czechcyclingfederation.com\/en\/wp-json\/wp\/v2\/posts"}],"about":[{"href":"https:\/\/www.czechcyclingfederation.com\/en\/wp-json\/wp\/v2\/types\/post"}],"author":[{"embeddable":true,"href":"https:\/\/www.czechcyclingfederation.com\/en\/wp-json\/wp\/v2\/users\/3"}],"replies":[{"embeddable":true,"href":"https:\/\/www.czechcyclingfederation.com\/en\/wp-json\/wp\/v2\/comments?post=33840"}],"version-history":[{"count":8,"href":"https:\/\/www.czechcyclingfederation.com\/en\/wp-json\/wp\/v2\/posts\/33840\/revisions"}],"predecessor-version":[{"id":33861,"href":"https:\/\/www.czechcyclingfederation.com\/en\/wp-json\/wp\/v2\/posts\/33840\/revisions\/33861"}],"wp:featuredmedia":[{"embeddable":true,"href":"https:\/\/www.czechcyclingfederation.com\/en\/wp-json\/wp\/v2\/media\/33841"}],"wp:attachment":[{"href":"https:\/\/www.czechcyclingfederation.com\/en\/wp-json\/wp\/v2\/media?parent=33840"}],"wp:term":[{"taxonomy":"category","embeddable":true,"href":"https:\/\/www.czechcyclingfederation.com\/en\/wp-json\/wp\/v2\/categories?post=33840"},{"taxonomy":"post_tag","embeddable":true,"href":"https:\/\/www.czechcyclingfederation.com\/en\/wp-json\/wp\/v2\/tags?post=33840"}],"curies":[{"name":"wp","href":"https:\/\/api.w.org\/{rel}","templated":true}]}}