{"id":3377,"date":"2021-02-03T17:41:55","date_gmt":"2021-02-03T16:41:55","guid":{"rendered":"http:\/\/www.czechcyclingfederation.com\/?p=3377"},"modified":"2021-02-03T17:55:55","modified_gmt":"2021-02-03T16:55:55","slug":"registrace-skoda-ecup-2021-spustena","status":"publish","type":"post","link":"https:\/\/www.czechcyclingfederation.com\/en\/registrace-skoda-ecup-2021-spustena\/","title":{"rendered":"Registrace \u0160KODA eCUP 2021 spu\u0161t\u011bna!"},"content":{"rendered":"\n<p><strong>Start prvn\u00edho z\u00e1vodu ze seri\u00e1lu virtu\u00e1ln\u00edch cyklistick\u00fdch z\u00e1vod\u016f \u0160KODA eCUP 2021 se rychle bl\u00ed\u017e\u00ed.<\/strong> &nbsp;Sout\u011b\u017e se skl\u00e1d\u00e1 ze \u010dty\u0159 on-line z\u00e1vod\u016f a do celkov\u00e9ho po\u0159ad\u00ed \u0160KODA eCUPu se zapo\u010d\u00edtaj\u00ed t\u0159i nejlep\u0161\u00ed v\u00fdsledky. <strong>Prvn\u00ed z\u00e1vod pojmenovan\u00fd Tosk\u00e1nsko je na programu ji\u017e 11. \u00fanora.<\/strong><\/p>\n\n\n\n<p>\u0160KODA eCUP je ucelen\u00fd seri\u00e1l virtu\u00e1ln\u00edch cyklistick\u00fdch z\u00e1vod\u016f \u0160KODA eCUP 2021, kter\u00fd je v historii \u010cesk\u00e9ho svazu cyklistiky prvn\u00edm \u010cesk\u00fdm poh\u00e1rem v e-sportu a uskute\u010dn\u00ed se v \u00fanoru a b\u0159eznu na platform\u011b ROUVY. Seri\u00e1l bude zakon\u010den ofici\u00e1ln\u00edm Mistrovstv\u00edm \u010cesk\u00e9 republiky v e-cyklistice 2021 dne 25. b\u0159ezna.<\/p>\n\n\n\n<p>Nen\u00ed to v\u0161ak seri\u00e1l pouze pro silni\u010d\u00e1\u0159e \u201especialisty\u201c. Naopak! Jedn\u00e1 se o cyklistickou sout\u011b\u017e, kter\u00e9 se mohou z\u00fa\u010dastnit z\u00e1vodn\u00edci ze v\u0161ech cyklistick\u00fdch discipl\u00edn. <em>\u201e<strong>Mysl\u00edm, \u017ee to sice nen\u00ed budoucnost cyklistick\u00e9ho sportu, ale jeden z mo\u017en\u00fdch sm\u011br\u016f v dne\u0161n\u00ed digit\u00e1ln\u00ed dob\u011b. Je to dal\u0161\u00ed zp\u016fsob sportov\u00e1n\u00ed s mo\u017enost\u00ed zapojen\u00ed aktivn\u00ed sportovn\u00ed ve\u0159ejnosti. Proto jsme tento seri\u00e1l virtu\u00e1ln\u00edch cyklistick\u00fdch z\u00e1vod\u016f ve spolupr\u00e1ci s partnery \u0160koda Auto a Strabag p\u0159ipravili,\u201c<\/strong><\/em> \u0159\u00edk\u00e1 prezident \u010cSC Petr Marek.<\/p>\n\n\n\n<p>C\u00edlem projektu virtu\u00e1ln\u00edch z\u00e1vod\u016f \u0160KODA eCUP je zapojit co nej\u0161ir\u0161\u00ed cyklistickou obec do t\u00e9to formy sout\u011b\u017een\u00ed a aktivn\u00edho pohybu. V&nbsp;dne\u0161n\u00ed nelehk\u00e9 dob\u011b, kter\u00e1 sportov\u00e1n\u00ed nen\u00ed v\u016fbec naklon\u011bna, m\u016f\u017ee b\u00fdt pro mnoh\u00e9 motivem i to, \u017ee pom\u011b\u0159\u00ed s\u00edly s&nbsp;vrcholov\u00fdmi cyklisty, co\u017e by v&nbsp;re\u00e1ln\u00e9m z\u00e1vod\u011b bylo nemo\u017en\u00e9.<\/p>\n\n\n\n<p>Seri\u00e1l virtu\u00e1ln\u00edch z\u00e1vod\u016f uv\u00edtala i nejv\u011bt\u0161\u00ed \u010desk\u00e1 automobilka<strong>. \u201e<em>Zna\u010dka \u0160KODA cyklistiku dlouhodob\u011b podporuje vzhledem ke sv\u00fdm historick\u00fdm ko\u0159en\u016fm. P\u0159\u00edkladem m\u016f\u017ee b\u00fdt nap\u0159\u00edklad platforma We Love Cycling pro v\u0161echny amat\u00e9rsk\u00e9 i profesion\u00e1ln\u00ed cyklisty. \u0160KODA eCup m\u00e1 potenci\u00e1l p\u0159in\u00e9st sv\u011btov\u00fd z\u00e1vod do ka\u017ed\u00e9ho ob\u00fdvac\u00edho pokoje. Ve spojen\u00ed s ROUVY se \u010cesk\u00e9mu svazu cyklistiky povedlo z\u00edskat \u0161pi\u010dkov\u00e9ho technologick\u00e9ho partnera a legend\u00e1rn\u00ed etapy z cel\u00e9ho sv\u011bta. Tohle mus\u00ed nadchnout ka\u017ed\u00e9ho milovn\u00edka cyklistiky<\/em><\/strong><em>,\u201c<\/em> \u0159\u00edk\u00e1 Petr Janeba, vedouc\u00ed marketingu \u0160KODA AUTO \u010cesk\u00e1 republika.<\/p>\n\n\n\n<p>Jak konkr\u00e9tn\u011b bude \u0160KODA eCUP prob\u00edhat?<\/p>\n\n\n\n<p>Z\u00e1vodit se bude v&nbsp;kategori\u00edch Mu\u017ei Elite\/U23, \u017deny\/Juniorky, Junio\u0159i a Hobby\/Ostatn\u00ed. Za um\u00edst\u011bn\u00ed v jednotliv\u00fdch z\u00e1vodech do celkov\u00e9ho hodnocen\u00ed z\u00edsk\u00e1 body t\u0159icet nejlep\u0161\u00edch. Pro absolutn\u00ed po\u0159ad\u00ed v jednotliv\u00fdch z\u00e1vodech a kategorie \u017deny\/Juniorky, Junio\u0159i a Hobby\/Ostatn\u00ed jsou vyps\u00e1ny i finan\u010dn\u00ed odm\u011bny.<\/p>\n\n\n\n<p>Fin\u00e1lov\u00fd z\u00e1vod \u0160KODA eCUP se pojede \u010d\u00e1ste\u010dn\u011b na trase jarn\u00ed silni\u010dn\u00ed klasiky Velk\u00e1 B\u00edte\u0161-Brno-Velk\u00e1 B\u00edte\u0161. Z\u00e1rove\u0148 se bude jednat o prvn\u00ed e-mistrovstv\u00ed \u010cR, po kter\u00e9m se budou ud\u011blovat mistrovsk\u00e9 dresy pro nejlep\u0161\u00ed \u017eeny\/juniorky, mu\u017ee Elite\/U23 a juniory. Tento z\u00e1vod pojede 20 nominovan\u00fdch z\u00e1vodn\u00edk\u016f, kte\u0159\u00ed, pokud to podm\u00ednky kolem COVID dovol\u00ed, absolvuj\u00ed z\u00e1vod prezen\u010dn\u011b na vybran\u00e9m m\u00edst\u011b a na stejn\u00e9m typu trena\u017eer\u016f, kter\u00e9 budou zkalibrov\u00e1ny a nastaveny na p\u0159esn\u00e9 parametry hmotnosti nominovan\u00fdch z\u00e1vodn\u00edk\u016f, aby v\u0161e prob\u011bhlo podle pravidel pro e-sport a v\u00fdsledek byl objektivn\u00ed.<\/p>\n\n\n\n<p>Z\u00e1vodu se samoz\u0159ejm\u011b budou moci z\u00fa\u010dastnit i dal\u0161\u00ed jezdci online doma, kte\u0159\u00ed z\u00e1vod pojedou jako fin\u00e1lov\u00fd (\u010dtvrt\u00fd) z\u00e1vod \u0160KODA eCUP 2021.<\/p>\n\n\n\n<p>Aplikace ROUVY bude v dob\u011b kon\u00e1n\u00ed z\u00e1vod\u016f zcela bezplatn\u00e1 a otev\u0159en\u00e1 pro v\u0161echny, sta\u010d\u00ed se jen registrovat a vytvo\u0159it si profil.<\/p>\n\n\n\n<p>P\u0159ihl\u00e1\u0161ky na jednotliv\u00e9 z\u00e1vody \u0160KODA eCUP 2021:<\/p>\n\n\n\n<ol class=\"wp-block-list\" type=\"1\"><li>z\u00e1vod &#8211; \u0160KODA eCUP 2021 | Tosk\u00e1nsko <a rel=\"noreferrer noopener\" href=\"https:\/\/my.rouvy.com\/online-zavody\/live\/42823\" target=\"_blank\">ZDE<\/a><\/li><li>z\u00e1vod &#8211; \u0160KODA eCUP 2021 | \u0160umava  <a rel=\"noreferrer noopener\" href=\"https:\/\/my.rouvy.com\/onlinerace\/live\/42824\" target=\"_blank\">ZDE<\/a><\/li><li>z\u00e1vod &#8211; \u0160KODA eCUP 2021 | Tourmalet  <a rel=\"noreferrer noopener\" href=\"https:\/\/my.rouvy.com\/onlinerace\/live\/42825\" target=\"_blank\">ZDE<\/a><\/li><li>z\u00e1vod &#8211; \u0160KODA eM\u010cR 2021 | Brno  <a href=\"https:\/\/my.rouvy.com\/onlinerace\/live\/42826\" target=\"_blank\" rel=\"noreferrer noopener\">ZDE<\/a><\/li><\/ol>\n\n\n<div class=\"wp-block-file\">\r\n                <a target=\"_blank\" rel=\"noopener\" href=\"http:\/\/www.czechcyclingfederation.com\/wp-content\/uploads\/2021\/02\/Rozpis-\u0160KODA-eCUP-2021-v\u010d.-eM\u010cR-2021.pdf\" class=\"wp-block-file__button wp-element-button\">\r\n                    <span class=\"wp-block-file__icon\"><\/span>\r\n                    Rozpis \u0160KODA eCUP 2021 v\u010d. eM\u010cR 2021\r\n                <\/a>\r\n            <\/div>\n\n\n<figure class=\"wp-block-image size-large\"><img decoding=\"async\" src=\"http:\/\/www.czechcyclingfederation.com\/wp-content\/uploads\/2021\/02\/SKODA-eCUP-1024x683.jpg\" alt=\"\" class=\"wp-image-3379\"\/><\/figure>\n","protected":false},"excerpt":{"rendered":"<p>Start prvn\u00edho z\u00e1vodu ze seri\u00e1lu virtu\u00e1ln\u00edch cyklistick\u00fdch z\u00e1vod\u016f \u0160KODA eCUP 2021 se rychle bl\u00ed\u017e\u00ed. &nbsp;Sout\u011b\u017e se skl\u00e1d\u00e1 ze \u010dty\u0159 on-line z\u00e1vod\u016f a do celkov\u00e9ho po\u0159ad\u00ed \u0160KODA eCUPu se zapo\u010d\u00edtaj\u00ed t\u0159i nejlep\u0161\u00ed v\u00fdsledky. Prvn\u00ed z\u00e1vod pojmenovan\u00fd Tosk\u00e1nsko je na programu ji\u017e 11. \u00fanora. \u0160KODA eCUP je ucelen\u00fd seri\u00e1l virtu\u00e1ln\u00edch cyklistick\u00fdch z\u00e1vod\u016f \u0160KODA eCUP 2021, kter\u00fd je [&hellip;]<\/p>\n","protected":false},"author":3,"featured_media":3379,"comment_status":"closed","ping_status":"open","sticky":false,"template":"","format":"standard","meta":{"footnotes":""},"categories":[28,2],"tags":[119],"class_list":["post-3377","post","type-post","status-publish","format-standard","has-post-thumbnail","hentry","category-cesky-svaz-cyklistiky","category-novinky","tag-csc"],"_links":{"self":[{"href":"https:\/\/www.czechcyclingfederation.com\/en\/wp-json\/wp\/v2\/posts\/3377","targetHints":{"allow":["GET"]}}],"collection":[{"href":"https:\/\/www.czechcyclingfederation.com\/en\/wp-json\/wp\/v2\/posts"}],"about":[{"href":"https:\/\/www.czechcyclingfederation.com\/en\/wp-json\/wp\/v2\/types\/post"}],"author":[{"embeddable":true,"href":"https:\/\/www.czechcyclingfederation.com\/en\/wp-json\/wp\/v2\/users\/3"}],"replies":[{"embeddable":true,"href":"https:\/\/www.czechcyclingfederation.com\/en\/wp-json\/wp\/v2\/comments?post=3377"}],"version-history":[{"count":4,"href":"https:\/\/www.czechcyclingfederation.com\/en\/wp-json\/wp\/v2\/posts\/3377\/revisions"}],"predecessor-version":[{"id":3384,"href":"https:\/\/www.czechcyclingfederation.com\/en\/wp-json\/wp\/v2\/posts\/3377\/revisions\/3384"}],"wp:featuredmedia":[{"embeddable":true,"href":"https:\/\/www.czechcyclingfederation.com\/en\/wp-json\/wp\/v2\/media\/3379"}],"wp:attachment":[{"href":"https:\/\/www.czechcyclingfederation.com\/en\/wp-json\/wp\/v2\/media?parent=3377"}],"wp:term":[{"taxonomy":"category","embeddable":true,"href":"https:\/\/www.czechcyclingfederation.com\/en\/wp-json\/wp\/v2\/categories?post=3377"},{"taxonomy":"post_tag","embeddable":true,"href":"https:\/\/www.czechcyclingfederation.com\/en\/wp-json\/wp\/v2\/tags?post=3377"}],"curies":[{"name":"wp","href":"https:\/\/api.w.org\/{rel}","templated":true}]}}