{"id":33755,"date":"2025-02-02T17:00:01","date_gmt":"2025-02-02T16:00:01","guid":{"rendered":"https:\/\/www.czechcyclingfederation.com\/?p=33755"},"modified":"2025-02-24T11:49:59","modified_gmt":"2025-02-24T10:49:59","slug":"simona-spesna-desata-na-ms","status":"publish","type":"post","link":"https:\/\/www.czechcyclingfederation.com\/en\/simona-spesna-desata-na-ms\/","title":{"rendered":"Simona Sp\u011b\u0161n\u00e1 des\u00e1t\u00e1 na MS!"},"content":{"rendered":"\n<p><strong>\u010cesk\u00e1 reprezentantka Simona Sp\u011b\u0161n\u00e1 vybojovala skv\u011bl\u00e9 des\u00e1t\u00e9 m\u00edsto p\u0159i z\u00e1vod\u011b \u017een do 23 let na mistrovstv\u00ed sv\u011bta v cyklokrosu ve francouzsk\u00e9m Li\u00e9vinu. <\/strong><\/p>\n\n\n\n<p>Dvacetilet\u00e1 z\u00e1vodnice se po lo\u0148sk\u00e9m dvan\u00e1ct\u00e9m m\u00edst\u011b na \u0161ampion\u00e1tu v T\u00e1bo\u0159e zaskv\u011bla v Li\u00e9vinu par\u00e1dn\u00edm p\u0159edstaven\u00edm. P\u0159esto\u017ee start v ned\u011bln\u00edm z\u00e1vod\u011b \u017een do 23 let nevy\u0161el Simon\u011b Sp\u011b\u0161n\u00e9 ide\u00e1ln\u011b, postupn\u011b zrychlovala a nakonec jako t\u0159et\u00ed pro \u010deskou v\u00fdpravu bojovala um\u00edst\u011bn\u00ed v elitn\u00ed des\u00edtce. Dok\u00e1zala nav\u00e1zat na st\u0159\u00edbro Barbory Bukovsk\u00e9 ze z\u00e1vodu juniorek, kde Lucie Grohov\u00e1 dojela osm\u00e1.<\/p>\n\n\n\n<p>&#8220;Cyklokros je pro m\u011b dopl\u0148kov\u00e1 discipl\u00edna, tak\u017ee des\u00e1t\u00e1 p\u0159\u00ed\u010dka z mistrovstv\u00ed sv\u011bta je naprosto skv\u011bl\u00e1,&#8221; rozpl\u00fdvala se Simona Sp\u011b\u0161n\u00e1. &#8220;Chytla jsem na za\u010d\u00e1tku flow a jela jsem sv\u016fj z\u00e1vod. V\u016fbec jsem se nenechala rozhodit, kdy\u017e m\u011b ostatn\u00ed holky v n\u011bjak\u00fdch zat\u00e1\u010dk\u00e1ch p\u0159edjely. Jela jsem si prost\u011b po\u0159\u00e1d to svoje,&#8221; rekapitulovala \u010desk\u00e1 reprezentantka pr\u016fb\u011bh bitvy o duhov\u00fd trikot, kter\u00fd podruh\u00e9 v \u0159ad\u011b suver\u00e9nn\u00edm v\u00fdkonem z\u00edskala Zoe Backstadt z Velk\u00e9 Brit\u00e1nie.<\/p>\n\n\n\n<figure class=\"wp-block-image size-large\"><img loading=\"lazy\" decoding=\"async\" width=\"819\" height=\"1024\" src=\"http:\/\/www.czechcyclingfederation.com\/wp-content\/uploads\/2025\/02\/spesna-2-819x1024.jpeg\" alt=\"\" class=\"wp-image-33758\" srcset=\"https:\/\/www.czechcyclingfederation.com\/wp-content\/uploads\/2025\/02\/spesna-2-819x1024.jpeg 819w, https:\/\/www.czechcyclingfederation.com\/wp-content\/uploads\/2025\/02\/spesna-2-160x200.jpeg 160w, https:\/\/www.czechcyclingfederation.com\/wp-content\/uploads\/2025\/02\/spesna-2-768x960.jpeg 768w, https:\/\/www.czechcyclingfederation.com\/wp-content\/uploads\/2025\/02\/spesna-2-1229x1536.jpeg 1229w, https:\/\/www.czechcyclingfederation.com\/wp-content\/uploads\/2025\/02\/spesna-2-1638x2048.jpeg 1638w, https:\/\/www.czechcyclingfederation.com\/wp-content\/uploads\/2025\/02\/spesna-2-1320x1650.jpeg 1320w, https:\/\/www.czechcyclingfederation.com\/wp-content\/uploads\/2025\/02\/spesna-2-scaled.jpeg 2048w\" sizes=\"auto, (max-width: 819px) 100vw, 819px\" \/><\/figure>\n\n\n\n<p>Necel\u00fdch p\u011bt minut za jej\u00edmi z\u00e1dy projela c\u00edlem nejlep\u0161\u00ed \u010desk\u00e1 reprezentantka. &#8220;Potkalo m\u011b p\u00e1r smoln\u00fdch chvilek, kdy jsem si holky p\u0159ed sebou dojela a vz\u00e1p\u011bt\u00ed se po\u0159ad\u00edm zase propadla po vlastn\u00ed chyb\u011b. St\u00e1lo m\u011b to je\u0161t\u011b lep\u0161\u00ed um\u00edst\u011bn\u00ed. Ale top deset je neskute\u010dn\u00fd v\u00fdsledek,&#8221; usm\u00edvala se Simona Sp\u011b\u0161n\u00e1 p\u0159i hodnocen\u00ed vystoupen\u00ed v Li\u00e9vinu.<\/p>\n\n\n\n<p>Mezi juniory obhajoval bronzovou medaili z minul\u00e9ho \u0161ampion\u00e1tu v T\u00e1bo\u0159e Kry\u0161tof Ba\u017eant. Jeho sezona v\u0161ak m\u011bla daleko k dokonalosti. Na podzim jej na dva m\u011bs\u00edce z tr\u00e9ninkov\u00e9ho i z\u00e1vodn\u00edho koloto\u010de vy\u0159adil z\u00e1pal plic. P\u0159esto mlad\u00fd reprezentant doufal, \u017ee ve Francii potvrd\u00ed v\u00fdkonnost z gener\u00e1lky p\u0159i Sv\u011btov\u00e9m poh\u00e1ru v Hoogerheide, kde fini\u0161oval sedm\u00fd.<\/p>\n\n\n\n<figure class=\"wp-block-image size-large\"><img loading=\"lazy\" decoding=\"async\" width=\"1024\" height=\"683\" src=\"http:\/\/www.czechcyclingfederation.com\/wp-content\/uploads\/2025\/02\/bazant-2-1024x683.jpeg\" alt=\"\" class=\"wp-image-33762\" srcset=\"https:\/\/www.czechcyclingfederation.com\/wp-content\/uploads\/2025\/02\/bazant-2-1024x683.jpeg 1024w, https:\/\/www.czechcyclingfederation.com\/wp-content\/uploads\/2025\/02\/bazant-2-300x200.jpeg 300w, https:\/\/www.czechcyclingfederation.com\/wp-content\/uploads\/2025\/02\/bazant-2-768x512.jpeg 768w, https:\/\/www.czechcyclingfederation.com\/wp-content\/uploads\/2025\/02\/bazant-2-1536x1024.jpeg 1536w, https:\/\/www.czechcyclingfederation.com\/wp-content\/uploads\/2025\/02\/bazant-2-2048x1365.jpeg 2048w, https:\/\/www.czechcyclingfederation.com\/wp-content\/uploads\/2025\/02\/bazant-2-1320x880.jpeg 1320w\" sizes=\"auto, (max-width: 1024px) 100vw, 1024px\" \/><\/figure>\n\n\n\n<p>Sedmn\u00e1ctilet\u00fd Ba\u017eant m\u011bl v\u0161ak na \u0161ampion\u00e1tu v Li\u00e9vinu \u0161patn\u00fd start. Do druh\u00e9ho kola vj\u00ed\u017ed\u011bl na konci t\u0159et\u00ed des\u00edtky. Bojovn\u00fdm v\u00fdkonem se dral vp\u0159ed, na lep\u0161\u00ed ne\u017e \u0161estn\u00e1ct\u00e9 m\u00edsto v\u0161ak nedos\u00e1hl. &#8220;Z\u00e1vod na mistrovstv\u00ed sv\u011bta odpov\u00eddal cel\u00e9 sezon\u011b,&#8221; komentoval Kry\u0161tof Ba\u017eant vystoupen\u00ed ve Francii. &#8220;S v\u00fdsledkem nejsem spokojen\u00fd. Po lo\u0148sk\u00e9 sezon\u011b jsem cht\u011bl ur\u010dit\u011b v\u00fd\u0161e. Ale mus\u00edm v\u00fdsledek p\u0159ijmout. V\u0161ichni ostatn\u00ed byli na \u0161ampion\u00e1tu stoprocentn\u00ed, m\u011b poznamenaly zdravotn\u00ed probl\u00e9my. Douf\u00e1m, \u017ee p\u0159\u00ed\u0161t\u00ed sezonu se mi vyhnou,&#8221; posteskl si Kry\u0161tof Ba\u017eant v nar\u00e1\u017ece na prod\u011blan\u00fd z\u00e1pal plic.<\/p>\n\n\n\n<p>Juniorsk\u00fdm sv\u011btov\u00fdm \u0161ampionem se stal Ital Mattia Agostinacchio, jen\u017e jel polovinu z\u00e1vodu se zni\u010denou tretrou, kterou po\u0161kodil p\u0159i jednom z p\u00e1d\u016f.<\/p>\n\n\n\n<p>Mezi elitou mu\u017e\u016f se s nap\u011bt\u00edm o\u010dek\u00e1val souboj \u0161estin\u00e1sobn\u00e9ho sv\u011btov\u00e9ho mistra Mathieu van der Poela s belgick\u00fdm rivalem Woutem van Aertem. Jen\u017ee nizozemsk\u00fd fenom\u00e9n po startu z prvn\u00ed \u0159ady vyrazil jako raketa a u\u017e b\u011bhem prvn\u00edho kola si vybudoval n\u00e1skok, kter\u00fd n\u00e1sledn\u011b jen zvy\u0161oval. Naproti tomu Wout van Aert vyrazil do z\u00e1vodu a\u017e ze \u010dtvrt\u00e9 \u0159ady, co\u017e prakticky jeho \u0161ance na souboj s dlouholet\u00fdm soupe\u0159em zni\u010dilo. T\u00edm sp\u00ed\u0161e, \u017ee jej kr\u00e1tce po startu postihl p\u00e1d. Mathieu van der Poel si tak i p\u0159es defekt v polovin\u011b z\u00e1vodu dojel pro sedm\u00fd titul mistra sv\u011bta, \u010d\u00edm\u017e vyrovnal rekord Belgi\u010dana Erika de Vlaemincka.<\/p>\n\n\n\n<p>Dvaat\u0159icetilet\u00fd \u010desk\u00fd reprezentant Michael Boro\u0161 vstupoval do mistrovstv\u00ed sv\u011bta coby osmn\u00e1ct\u00fd mu\u017e klasifikace Sv\u011btov\u00e9ho poh\u00e1ru. Bitva na okruhu v Li\u00e9vinu se mu v\u0161ak nevyda\u0159ila podle p\u0159edstav a c\u00edlem projel \u010dty\u0159iadvac\u00e1t\u00fd. &#8220;Prvn\u00ed kolo bylo dobr\u00e9. Pak jsem m\u011bl ale blb\u00fd p\u00e1d. Soupe\u0159i mi n\u00e1sledn\u011b odjeli a u\u017e jsem se do z\u00e1vodu nedostal,&#8221; posteskl si \u010desk\u00fd reprezentant<\/p>\n\n\n\n<figure class=\"wp-block-image size-large\"><img loading=\"lazy\" decoding=\"async\" width=\"1024\" height=\"683\" src=\"https:\/\/www.czechcyclingfederation.com\/wp-content\/uploads\/2025\/02\/boros-1024x683.jpeg\" alt=\"\" class=\"wp-image-33773\" srcset=\"https:\/\/www.czechcyclingfederation.com\/wp-content\/uploads\/2025\/02\/boros-1024x683.jpeg 1024w, https:\/\/www.czechcyclingfederation.com\/wp-content\/uploads\/2025\/02\/boros-300x200.jpeg 300w, https:\/\/www.czechcyclingfederation.com\/wp-content\/uploads\/2025\/02\/boros-768x512.jpeg 768w, https:\/\/www.czechcyclingfederation.com\/wp-content\/uploads\/2025\/02\/boros-1536x1024.jpeg 1536w, https:\/\/www.czechcyclingfederation.com\/wp-content\/uploads\/2025\/02\/boros-2048x1365.jpeg 2048w, https:\/\/www.czechcyclingfederation.com\/wp-content\/uploads\/2025\/02\/boros-1320x880.jpeg 1320w\" sizes=\"auto, (max-width: 1024px) 100vw, 1024px\" \/><\/figure>\n\n\n\n<p><strong>V\u00fdsledky MS v Li\u00e9vinu &#8211; junio\u0159i: <\/strong>1. Agostinacchio (It.) 45:47 min., 2. Jouomard (Fr.) +12, 3. Grigolini (It.) +30, 4. Suarez (\u0160p.) +31, 5. Vanden Eyde (Bel.) +39, \u202616. Ba\u017eant +2:10 min., 33. Svoboda +3:40 min., 35. John +4:15 min., 44. Kristl (v\u0161. \u010cR) +5:28 min.<\/p>\n\n\n\n<p><strong>\u017deny do 23 let:<\/strong> 1. Backstadtov\u00e1 (Vel. Brit.) 45:42 min., 2. Schreiberov\u00e1 (Luc.) +39, 3. Bentveldov\u00e1 (Niz.) +1:20 min., 4. Geryov\u00e1 (Fr.) +1:51 min., 5. Holmgrenov\u00e1 (Kan.) +2:17 min., \u202610. Sp\u011b\u0161n\u00e1 +4:48 min., 20. Doud\u011brov\u00e1 (ob\u011b \u010cR) +6:46 min.<\/p>\n\n\n\n<p><strong>Mu\u017ei<\/strong>: 1. Van der Poel (Niz.) 1:02:44 hod., 2. Van Aert +45, 3. Nys (oba Bel.) +1:06 min., 4. Niewhius (Niz.) +1:15, 5. Emiel Verstrynge (Bel.) +1:53 min., \u202624. Michael Boro\u0161 (\u0106R) +6:08 min.<\/p>\n\n\n\n<p><em>Foto: Filip Bezd\u011bk<\/em><\/p>\n","protected":false},"excerpt":{"rendered":"<p>\u010cesk\u00e1 reprezentantka Simona Sp\u011b\u0161n\u00e1 vybojovala skv\u011bl\u00e9 des\u00e1t\u00e9 m\u00edsto p\u0159i z\u00e1vod\u011b \u017een do 23 let na mistrovstv\u00ed sv\u011bta v cyklokrosu ve francouzsk\u00e9m Li\u00e9vinu. Dvacetilet\u00e1 z\u00e1vodnice se po lo\u0148sk\u00e9m dvan\u00e1ct\u00e9m m\u00edst\u011b na \u0161ampion\u00e1tu v T\u00e1bo\u0159e zaskv\u011bla v Li\u00e9vinu par\u00e1dn\u00edm p\u0159edstaven\u00edm. P\u0159esto\u017ee start v ned\u011bln\u00edm z\u00e1vod\u011b \u017een do 23 let nevy\u0161el Simon\u011b Sp\u011b\u0161n\u00e9 ide\u00e1ln\u011b, postupn\u011b zrychlovala a nakonec [&hellip;]<\/p>\n","protected":false},"author":30,"featured_media":33760,"comment_status":"closed","ping_status":"open","sticky":false,"template":"","format":"standard","meta":{"footnotes":""},"categories":[2,103],"tags":[59],"class_list":["post-33755","post","type-post","status-publish","format-standard","has-post-thumbnail","hentry","category-novinky","category-reprezentace","tag-cyklokros"],"_links":{"self":[{"href":"https:\/\/www.czechcyclingfederation.com\/en\/wp-json\/wp\/v2\/posts\/33755","targetHints":{"allow":["GET"]}}],"collection":[{"href":"https:\/\/www.czechcyclingfederation.com\/en\/wp-json\/wp\/v2\/posts"}],"about":[{"href":"https:\/\/www.czechcyclingfederation.com\/en\/wp-json\/wp\/v2\/types\/post"}],"author":[{"embeddable":true,"href":"https:\/\/www.czechcyclingfederation.com\/en\/wp-json\/wp\/v2\/users\/30"}],"replies":[{"embeddable":true,"href":"https:\/\/www.czechcyclingfederation.com\/en\/wp-json\/wp\/v2\/comments?post=33755"}],"version-history":[{"count":5,"href":"https:\/\/www.czechcyclingfederation.com\/en\/wp-json\/wp\/v2\/posts\/33755\/revisions"}],"predecessor-version":[{"id":33776,"href":"https:\/\/www.czechcyclingfederation.com\/en\/wp-json\/wp\/v2\/posts\/33755\/revisions\/33776"}],"wp:featuredmedia":[{"embeddable":true,"href":"https:\/\/www.czechcyclingfederation.com\/en\/wp-json\/wp\/v2\/media\/33760"}],"wp:attachment":[{"href":"https:\/\/www.czechcyclingfederation.com\/en\/wp-json\/wp\/v2\/media?parent=33755"}],"wp:term":[{"taxonomy":"category","embeddable":true,"href":"https:\/\/www.czechcyclingfederation.com\/en\/wp-json\/wp\/v2\/categories?post=33755"},{"taxonomy":"post_tag","embeddable":true,"href":"https:\/\/www.czechcyclingfederation.com\/en\/wp-json\/wp\/v2\/tags?post=33755"}],"curies":[{"name":"wp","href":"https:\/\/api.w.org\/{rel}","templated":true}]}}