{"id":33752,"date":"2025-02-05T22:23:50","date_gmt":"2025-02-05T21:23:50","guid":{"rendered":"https:\/\/www.czechcyclingfederation.com\/?p=33752"},"modified":"2025-02-06T10:08:42","modified_gmt":"2025-02-06T09:08:42","slug":"pavel-bittner-kralem-cyklistiky-2024","status":"publish","type":"post","link":"https:\/\/www.czechcyclingfederation.com\/en\/pavel-bittner-kralem-cyklistiky-2024\/","title":{"rendered":"Pavel Bittner Kr\u00e1lem cyklistiky 2024"},"content":{"rendered":"\n<p>Silni\u010dn\u00ed cyklista nizozemsk\u00e9 st\u00e1je Team Picnic PostNL Pavel Bittner (22) se stal Kr\u00e1lem cyklistiky za rok 2024. Jubilejn\u00ed 60. ro\u010dn\u00edk ankety \u010cesk\u00e9ho svazu cyklistiky, kter\u00fd byl slavnostn\u011b vyhl\u00e1\u0161en v prostor\u00e1ch Ski a Bike Centra v pra\u017esk\u00e9m Radot\u00edn\u011b, ovl\u00e1dl v hlavn\u00ed kategorii p\u0159ed dal\u0161\u00edm silni\u010d\u00e1\u0159em Mathiasem Vackem a bikerem Martinem Sto\u0161kem.<\/p>\n\n\n\n<p>\u201eJe to pro m\u011b obrovsk\u00e1 \u010dest. V roce 2019 jsem byl juniorsk\u00fdm kr\u00e1lem a dostat se na velk\u00e9ho kr\u00e1le b\u011bhem p\u00e1r let je prost\u011b skv\u011bl\u00e9. Mrz\u00ed m\u011b jen, \u017ee jsem se nemohl osobn\u011b dostavit, ale p\u0159ipravuji se na prvn\u00ed z\u00e1vody a je pro m\u011b d\u016fle\u017eit\u00e9 b\u00fdt v top form\u011b, abych se mohl Kr\u00e1lem cyklistiky st\u00e1t t\u0159eba i v dal\u0161\u00ed sezon\u011b,\u201c \u0159ekl Bittner, kter\u00fd vstupuje do sezony ji\u017e 7.2. na z\u00e1vod\u011b Kolem Om\u00e1nu.&nbsp;<\/p>\n\n\n\n<figure class=\"wp-block-image size-large\"><img loading=\"lazy\" decoding=\"async\" width=\"1024\" height=\"683\" src=\"https:\/\/www.czechcyclingfederation.com\/wp-content\/uploads\/2025\/02\/KC_24-1024x683.jpeg\" alt=\"\" class=\"wp-image-33787\" srcset=\"https:\/\/www.czechcyclingfederation.com\/wp-content\/uploads\/2025\/02\/KC_24-1024x683.jpeg 1024w, https:\/\/www.czechcyclingfederation.com\/wp-content\/uploads\/2025\/02\/KC_24-300x200.jpeg 300w, https:\/\/www.czechcyclingfederation.com\/wp-content\/uploads\/2025\/02\/KC_24-768x512.jpeg 768w, https:\/\/www.czechcyclingfederation.com\/wp-content\/uploads\/2025\/02\/KC_24-1536x1025.jpeg 1536w, https:\/\/www.czechcyclingfederation.com\/wp-content\/uploads\/2025\/02\/KC_24-1320x880.jpeg 1320w, https:\/\/www.czechcyclingfederation.com\/wp-content\/uploads\/2025\/02\/KC_24.jpeg 2000w\" sizes=\"auto, (max-width: 1024px) 100vw, 1024px\" \/><\/figure>\n\n\n\n<p>M\u00e1 za sebou nejlep\u0161\u00ed sezonu dosavadn\u00ed kari\u00e9ry. P\u0159i debutu na Grand Tour, \u0161pan\u011blsk\u00e9 Vuelt\u011b, vyhr\u00e1l ve spurtu 5. etapu. V jedn\u00e9 z dal\u0161\u00edch etap je\u0161t\u011b skon\u010dil druh\u00fd a na konci z\u00e1vodu mu pat\u0159ilo i \u0161est\u00e9 m\u00edsto ve sprintersk\u00e9 sout\u011b\u017ei.&nbsp;&nbsp;Olomouck\u00fd rod\u00e1k dok\u00e1zal d\u00e1le vyhr\u00e1t 2 etapy Kolem Burgosu, byl druh\u00fd v etap\u011b Kolem Norska a v silni\u010dn\u00edm z\u00e1vod\u011b na mistrovstv\u00ed Evropy skon\u010dil ve spurtu sedm\u00fd.<\/p>\n\n\n\n<p>\u201ePro m\u011b to byla super sezona. Vstup na vy\u0161\u0161\u00ed level. Zpo\u010d\u00e1tku to bylo hodn\u011b slo\u017eit\u00e9. Po mistrovstv\u00ed republiky jsem ale dob\u0159e potr\u00e9noval a p\u0159i\u0161ly v\u00fdsledky. Burgos, pak Vuelta, mistrovstv\u00ed Evropy. Fakt skv\u011bl\u00e1 sezona,\u201c rekapituloval Bittner.<\/p>\n\n\n\n<p>O po\u0159ad\u00ed v anket\u011b Kr\u00e1l cyklistiky rozhodli sv\u00fdmi hlasy p\u0159edev\u0161\u00edm sportovn\u00ed novin\u00e1\u0159i, d\u00e1le \u010dlenov\u00e9 v\u00fdkonn\u00e9ho v\u00fdboru \u010cSC a p\u0159edsedov\u00e9 komis\u00ed. Nejlep\u0161\u00ed v discipl\u00edn\u00e1ch pak ur\u010dily jednotliv\u00e9 komise. A kdo se stal absolutn\u00edm v\u00edt\u011bzem discipl\u00edn?<\/p>\n\n\n\n<p>Na silnici to byl Mathias Vacek, kter\u00fd skon\u010dil mj. dvakr\u00e1t druh\u00fd v etap\u011b na Vuelt\u011b, v olympijsk\u00e9 \u010dasovce v Pa\u0159\u00ed\u017ei bral 11. m\u00edsto a v silni\u010dn\u00edm z\u00e1vod\u011b dojel \u010dtrn\u00e1ct\u00fd.&nbsp;&nbsp;Stal se mistrem republiky v \u010dasovce, byl druh\u00fd v etapov\u00e9m z\u00e1vod\u011b Kolem Belgie, \u010dtvrt\u00fd Kolem Norska a v posledn\u00edm z\u00e1vod\u011b sezony se bl\u00fdskl druh\u00fdm m\u00edstem na klasice Pa\u0159\u00ed\u017e-Tours.<\/p>\n\n\n\n<p>Nejlep\u0161\u00edm bikerem se stal Martin Sto\u0161ek, kter\u00fd se krom\u011b \u00fasp\u011bch\u016f na p\u0159edn\u00edch z\u00e1vodech v maratonech v\u010detn\u011b p\u00f3diov\u00e9ho um\u00edst\u011bn\u00ed na SP bl\u00fdskl v sam\u00e9m z\u00e1v\u011bru sezony titulem mistra Evropy v gravelu.<\/p>\n\n\n\n<p>Cyklokros ovl\u00e1dla vicemistryn\u011b sv\u011bta do 23 let v cyklokrosu Krist\u00fdna Zemanov\u00e1, nejlep\u0161\u00edm dr\u00e1ha\u0159em byl vyhl\u00e1\u0161en olympionik Jan Vone\u0161, kter\u00fd v Pa\u0159\u00ed\u017ei skon\u010dil 12. v omniu a v madisonu byli s Denisem Rugovacem sedm\u00ed. Na ME skon\u010dil \u0161est\u00fd ve scratchi.<\/p>\n\n\n\n<p>Kategorii BMX ovl\u00e1dla vicemistryn\u011b Evropy ve Freestyle BMX Iveta Miculy\u010dov\u00e1, mezi s\u00e1lov\u00fdmi cyklisty zv\u00edt\u011bzili v anket\u011b mist\u0159i Evropy junior\u016f v kolov\u00e9, brat\u0159i J\u00e1chym a Richard Baxovi. Nejlep\u0161\u00edm para cyklistou byl zvolen Jind\u0159ich Ma\u0161\u00edn, \u010dtvrt\u00fd ze silni\u010dn\u00edho z\u00e1vodu na MS v Curychu v kategorii tricyklist\u016f.<\/p>\n\n\n\n<p>Nejlep\u0161\u00edm juniorem nap\u0159\u00ed\u010d discipl\u00ednami je Kry\u0161tof Ba\u017eant, jen\u017e v roce 2024 vybojoval dv\u011b velk\u00e9 medaile: byl druh\u00fd na ME v cross country horsk\u00fdch kol a t\u0159et\u00ed skon\u010dil na cyklokrosov\u00e9m MS v T\u00e1bo\u0159e. Titul nejlep\u0161\u00ed juniorky pat\u0159\u00ed \u0160t\u011bp\u00e1nce Dubcov\u00e9, kter\u00e1 na ME na silnici vybojovala bronz.<\/p>\n\n\n\n<p>Do s\u00edn\u011b sl\u00e1vy \u010cesk\u00e9ho svazu cyklistiky byl uveden in memoriam dlouholet\u00fd prezident a funkcion\u00e1\u0159 \u010cesk\u00e9ho svazu cyklistiky Petr Marek, kter\u00fd p\u0159ed\u010dasn\u011b opustil tento sv\u011bt vloni 27. \u0159\u00edjna ve v\u011bku 60 let.<\/p>\n\n\n\n<figure class=\"wp-block-image size-large\"><img loading=\"lazy\" decoding=\"async\" width=\"1024\" height=\"683\" src=\"https:\/\/www.czechcyclingfederation.com\/wp-content\/uploads\/2025\/02\/KC_4-1024x683.jpeg\" alt=\"\" class=\"wp-image-33789\" srcset=\"https:\/\/www.czechcyclingfederation.com\/wp-content\/uploads\/2025\/02\/KC_4-1024x683.jpeg 1024w, https:\/\/www.czechcyclingfederation.com\/wp-content\/uploads\/2025\/02\/KC_4-300x200.jpeg 300w, https:\/\/www.czechcyclingfederation.com\/wp-content\/uploads\/2025\/02\/KC_4-768x512.jpeg 768w, https:\/\/www.czechcyclingfederation.com\/wp-content\/uploads\/2025\/02\/KC_4-1536x1025.jpeg 1536w, https:\/\/www.czechcyclingfederation.com\/wp-content\/uploads\/2025\/02\/KC_4-1320x880.jpeg 1320w, https:\/\/www.czechcyclingfederation.com\/wp-content\/uploads\/2025\/02\/KC_4.jpeg 2000w\" sizes=\"auto, (max-width: 1024px) 100vw, 1024px\" \/><\/figure>\n\n\n\n<p><strong>V\u00fdsledky ankety<\/strong><\/p>\n\n\n\n<p>Kr\u00e1l cyklistiky 2024:&nbsp;<\/p>\n\n\n\n<p>1. Pavel Bittner, 2. Mathias Vacek, 3. Martin Sto\u0161ek.<\/p>\n\n\n\n<p>Junior roku: Kry\u0161tof Ba\u017eant<\/p>\n\n\n\n<p>Juniorka roku: \u0160t\u011bp\u00e1nka Dubcov\u00e1<\/p>\n\n\n\n<p>Discipl\u00edny&nbsp;<\/p>\n\n\n\n<p>Silnice: Mathias Vacek (mu\u017ei, absolutn\u00ed v\u00edt\u011bz discipl\u00edny), Julia Kopeck\u00fd (\u017eeny), Pavel \u0160ump\u00edk (junio\u0159i), \u0160t\u011bp\u00e1nka Dubcov\u00e1 (juniorky).<\/p>\n\n\n\n<p>MTB: Martin Sto\u0161ek (mu\u017ei, absolutn\u00ed v\u00edt\u011bz discipl\u00edny), Patricie Srnsk\u00e1 (\u017eeny), Kry\u0161tof Ba\u017eant (junio\u0159i), Am\u00e1lie Gottwaldov\u00e1 (juniorky).<\/p>\n\n\n\n<p>Cyklokros: Michael Boro\u0161 (mu\u017ei), Krist\u00fdna Zemanov\u00e1 (\u017eeny, absolutn\u00ed v\u00edt\u011bz discipl\u00edny), Kry\u0161tof Ba\u017eant (junio\u0159i), Barbora Bukovsk\u00e1 (juniorky).<\/p>\n\n\n\n<p>BMX: Marek Neu\u017eil (mu\u017ei), Iveta Miculy\u010dov\u00e1 (\u017eeny, absolutn\u00ed v\u00edt\u011bz discipl\u00edny), Jakub Cidlinsk\u00fd (junio\u0159i), Viktorie Adamcov\u00e1 (juniorky).<\/p>\n\n\n\n<p>Dr\u00e1ha: Jan Vone\u0161 (mu\u017ei, absolutn\u00ed v\u00edt\u011bz discipl\u00edny), Jarmila Macha\u010dov\u00e1 (\u017eeny), David Peterka (junio\u0159i), Be\u00e1ta Hermanov\u00e1 (juniorky).<\/p>\n\n\n\n<p>S\u00e1lov\u00e1 cyklistika: Jakub Ma\u0161ek, Tom\u00e1\u0161 Gruna (mu\u017ei), Veronika Kripnerov\u00e1, Blanka Adamov\u00e1 (\u017eeny), Richard Baxa, J\u00e1chym Baxa (junio\u0159i, absolutn\u00ed v\u00edt\u011bz discipl\u00edny), Kate\u0159ina Vosi\u010dkov\u00e1 (juniorky).<\/p>\n\n\n\n<p>Para cyklistika: Jind\u0159ich Ma\u0161\u00edn (mu\u017ei, absolutn\u00ed v\u00edt\u011bz ankety), Pavl\u00edna Vejvodov\u00e1 (\u017eeny).<\/p>\n\n\n\n<p>S\u00ed\u0148 sl\u00e1vy: Petr Marek (prezident \u010cSC, in memoriam)<\/p>\n","protected":false},"excerpt":{"rendered":"<p>Silni\u010dn\u00ed cyklista nizozemsk\u00e9 st\u00e1je Team Picnic PostNL Pavel Bittner (22) se stal Kr\u00e1lem cyklistiky za rok 2024. Jubilejn\u00ed 60. ro\u010dn\u00edk ankety \u010cesk\u00e9ho svazu cyklistiky, kter\u00fd byl slavnostn\u011b vyhl\u00e1\u0161en v prostor\u00e1ch Ski a Bike Centra v pra\u017esk\u00e9m Radot\u00edn\u011b, ovl\u00e1dl v hlavn\u00ed kategorii p\u0159ed dal\u0161\u00edm silni\u010d\u00e1\u0159em Mathiasem Vackem a bikerem Martinem Sto\u0161kem. \u201eJe to pro m\u011b obrovsk\u00e1 [&hellip;]<\/p>\n","protected":false},"author":1,"featured_media":33793,"comment_status":"closed","ping_status":"open","sticky":false,"template":"","format":"standard","meta":{"footnotes":""},"categories":[57,201,58,17,54,421,6,2,99,60,18],"tags":[131],"class_list":["post-33752","post","type-post","status-publish","format-standard","has-post-thumbnail","hentry","category-bmx","category-cyklistika-pro-vsechny","category-cyklokros","category-discipliny","category-draha","category-gravel","category-mtb","category-novinky","category-paracyklistika","category-salovka","category-silnice","tag-kral-cyklistiky"],"_links":{"self":[{"href":"https:\/\/www.czechcyclingfederation.com\/en\/wp-json\/wp\/v2\/posts\/33752","targetHints":{"allow":["GET"]}}],"collection":[{"href":"https:\/\/www.czechcyclingfederation.com\/en\/wp-json\/wp\/v2\/posts"}],"about":[{"href":"https:\/\/www.czechcyclingfederation.com\/en\/wp-json\/wp\/v2\/types\/post"}],"author":[{"embeddable":true,"href":"https:\/\/www.czechcyclingfederation.com\/en\/wp-json\/wp\/v2\/users\/1"}],"replies":[{"embeddable":true,"href":"https:\/\/www.czechcyclingfederation.com\/en\/wp-json\/wp\/v2\/comments?post=33752"}],"version-history":[{"count":3,"href":"https:\/\/www.czechcyclingfederation.com\/en\/wp-json\/wp\/v2\/posts\/33752\/revisions"}],"predecessor-version":[{"id":33792,"href":"https:\/\/www.czechcyclingfederation.com\/en\/wp-json\/wp\/v2\/posts\/33752\/revisions\/33792"}],"wp:featuredmedia":[{"embeddable":true,"href":"https:\/\/www.czechcyclingfederation.com\/en\/wp-json\/wp\/v2\/media\/33793"}],"wp:attachment":[{"href":"https:\/\/www.czechcyclingfederation.com\/en\/wp-json\/wp\/v2\/media?parent=33752"}],"wp:term":[{"taxonomy":"category","embeddable":true,"href":"https:\/\/www.czechcyclingfederation.com\/en\/wp-json\/wp\/v2\/categories?post=33752"},{"taxonomy":"post_tag","embeddable":true,"href":"https:\/\/www.czechcyclingfederation.com\/en\/wp-json\/wp\/v2\/tags?post=33752"}],"curies":[{"name":"wp","href":"https:\/\/api.w.org\/{rel}","templated":true}]}}