{"id":33731,"date":"2025-02-01T13:06:19","date_gmt":"2025-02-01T12:06:19","guid":{"rendered":"https:\/\/www.czechcyclingfederation.com\/?p=33731"},"modified":"2025-02-25T11:48:34","modified_gmt":"2025-02-25T10:48:34","slug":"bukovska-druha-mezi-juniorkami-na-ms-v-cyklokrosu","status":"publish","type":"post","link":"https:\/\/www.czechcyclingfederation.com\/en\/bukovska-druha-mezi-juniorkami-na-ms-v-cyklokrosu\/","title":{"rendered":"Bukovsk\u00e1 druh\u00e1 mezi juniorkami na MS v\u00a0cyklokrosu"},"content":{"rendered":"\n<p>St\u0159\u00edbrnou medaili vybojovala Barbora Bukovsk\u00e1 v \u00favodn\u00edm z\u00e1vod\u011b mistrovstv\u00ed sv\u011bta v cyklokrosu ve francouzsk\u00e9m Li\u00e9vinu. Jde o historicky prvn\u00ed cenn\u00fd kov z kategorie pro \u010cesko. Titul z\u00edskala Francouzka Lise Revolov\u00e1.&nbsp;<br>&nbsp;<br>&#8220;M\u011bla jsem super nohy a cel\u00fd z\u00e1vod si jela to svoje. Dala jsem do bitvy o zlato v\u0161echno a jsem moc r\u00e1da za st\u0159\u00edbrnou medaili,&#8221; hodnotila Barbora Bukovsk\u00e1 prvn\u00ed vystoupen\u00ed na mistrovstv\u00ed sv\u011bta, kter\u00e9 zakon\u010dila st\u0159\u00edbrem.<br>&nbsp;<br>\u0160estn\u00e1ctilet\u00e1 \u010desk\u00e1 reprezentantka vstupovala do z\u00e1vodu jako jedna z favoritek, kdy\u017e v gener\u00e1lce p\u0159i posledn\u00edm Sv\u011btov\u00e9m poh\u00e1ru v Hoogerheide slavila v\u00edt\u011bzstv\u00ed.<br><br>Stejn\u011b jako v Nizozemsku v\u0161ak \u010desk\u00e1 z\u00e1vodnice nezvl\u00e1dla start. Z prvn\u00ed \u0159ady se v Li\u00e9vinu propadla a\u017e do druh\u00e9 des\u00edtky. Uk\u00e1zala v\u0161ak skv\u011blou formu a rychle se drala startovn\u00edm polem vp\u0159ed. U\u017e na konci prvn\u00edho kola byla v kontaktu s \u010delem z\u00e1vodu a v pr\u016fb\u011bhu druh\u00e9ho kola se probojovala na druhou pozici. Do t\u0159et\u00edho kola naj\u00ed\u017ed\u011bla se ztr\u00e1tou dvan\u00e1cti vte\u0159in na vedouc\u00ed Revolovou.<\/p>\n\n\n\n<figure class=\"wp-block-image size-large\"><img loading=\"lazy\" decoding=\"async\" width=\"1024\" height=\"683\" src=\"https:\/\/www.czechcyclingfederation.com\/wp-content\/uploads\/2025\/02\/Bukovska_2-1024x683.jpg\" alt=\"\" class=\"wp-image-33734\" srcset=\"https:\/\/www.czechcyclingfederation.com\/wp-content\/uploads\/2025\/02\/Bukovska_2-1024x683.jpg 1024w, https:\/\/www.czechcyclingfederation.com\/wp-content\/uploads\/2025\/02\/Bukovska_2-300x200.jpg 300w, https:\/\/www.czechcyclingfederation.com\/wp-content\/uploads\/2025\/02\/Bukovska_2-768x512.jpg 768w, https:\/\/www.czechcyclingfederation.com\/wp-content\/uploads\/2025\/02\/Bukovska_2-1536x1024.jpg 1536w, https:\/\/www.czechcyclingfederation.com\/wp-content\/uploads\/2025\/02\/Bukovska_2-2048x1365.jpg 2048w, https:\/\/www.czechcyclingfederation.com\/wp-content\/uploads\/2025\/02\/Bukovska_2-1320x880.jpg 1320w\" sizes=\"auto, (max-width: 1024px) 100vw, 1024px\" \/><\/figure>\n\n\n\n<p><br><br>&#8220;Start se mi nepovedl ide\u00e1ln\u011b. P\u0159itom jsem m\u011bla pocit, \u017ee to m\u00e1m pod kontrolou. Uzav\u0159ela jsem se pak do sebe a jela si cel\u00fd z\u00e1vod to svoje. Postupn\u011b jsem se propracov\u00e1vala vp\u0159ed,&#8221; ohl\u00ed\u017eela se za prvn\u00ed polovinou bitvy o duhov\u00fd trikot Barbora Bukovsk\u00e1.<br><br>\u010cesk\u00e1 reprezentantka se z\u00e1hy dot\u00e1hla na francouzskou z\u00e1vodnici a okam\u017eit\u011b za\u00fato\u010dila. &#8220;Kdy\u017e jsem dojela Lisu Revolovou, c\u00edtila jsem se v\u00e1\u017en\u011b dob\u0159e, a tak jsem \u0161la hned na \u010delo,&#8221; rekapitulovala pr\u016fb\u011bh z\u00e1vodu.<br><br>Barbora Bukovsk\u00e1 jela na \u010dele a p\u0159esto\u017ee j\u00ed zejm\u00e9na technick\u00e9 sjezdy d\u011blaly probl\u00e9m, dok\u00e1zala si vybudovat n\u00e1skok. Udr\u017eela ho i v pr\u016fb\u011bhu \u010dtvrt\u00e9ho okruhu, na jeho\u017e konci p\u0159i pr\u016fjezdu c\u00edlem slavila titul mistryn\u011b sv\u011bta. Jen\u017ee z\u00e1vod byl vyps\u00e1n na p\u011bt okruh\u016f. &#8220;Myslela jsem, \u017ee jsme v posledn\u00edm kole. A po pr\u016fjezdu c\u00edlem jsem zjistila, \u017ee m\u00e1me je\u0161t\u011b jeden okruh,&#8221; pokr\u010dila rameny.<br><br>\u010cesk\u00e1 reprezentantka pak je\u0161t\u011b vzdorovala p\u0159es p\u016fl kola \u00fatok\u016fm francouzsk\u00e9 soupe\u0159ky, nakonec ale neodolala a je\u0161t\u011b p\u0159ed n\u00e1jezdem do c\u00edlov\u00e9 rovinky se propadla na druhou pozici. &#8220;Ta p\u0159ed\u010dasn\u00e1 oslava m\u011b nerozhodila. Prost\u011b jsem pokra\u010dovala d\u00e1l ve stejn\u00e9m v\u00fdkonu. Dala jsem do z\u00e1vodu v\u0161echno a jsem r\u00e1da za st\u0159\u00edbrnou medaili. Rozhodn\u011b nec\u00edt\u00edm \u017e\u00e1dn\u00e9 zklam\u00e1n\u00ed,&#8221; prohl\u00e1sila st\u0159\u00edbrn\u00e1 medailistka Barbora Bukovsk\u00e1.<\/p>\n\n\n\n<figure class=\"wp-block-image size-large\"><img loading=\"lazy\" decoding=\"async\" width=\"1024\" height=\"683\" src=\"https:\/\/www.czechcyclingfederation.com\/wp-content\/uploads\/2025\/02\/Bukovska_1-1024x683.jpg\" alt=\"\" class=\"wp-image-33736\" srcset=\"https:\/\/www.czechcyclingfederation.com\/wp-content\/uploads\/2025\/02\/Bukovska_1-1024x683.jpg 1024w, https:\/\/www.czechcyclingfederation.com\/wp-content\/uploads\/2025\/02\/Bukovska_1-300x200.jpg 300w, https:\/\/www.czechcyclingfederation.com\/wp-content\/uploads\/2025\/02\/Bukovska_1-768x512.jpg 768w, https:\/\/www.czechcyclingfederation.com\/wp-content\/uploads\/2025\/02\/Bukovska_1-1536x1024.jpg 1536w, https:\/\/www.czechcyclingfederation.com\/wp-content\/uploads\/2025\/02\/Bukovska_1-2048x1365.jpg 2048w, https:\/\/www.czechcyclingfederation.com\/wp-content\/uploads\/2025\/02\/Bukovska_1-1320x880.jpg 1320w\" sizes=\"auto, (max-width: 1024px) 100vw, 1024px\" \/><\/figure>\n\n\n\n<p><strong>V\u00fdsledky MS v Li\u00e9vinu\u00a0<\/strong><\/p>\n\n\n\n<p>Juniorky: 1. Revolov\u00e1 (FRA) 45:25 min., 2. Bukovsk\u00e1 (\u010cR) +11, 3. Carrierov\u00e1 (Kan.) +1:43 min., 4. Grossmannov\u00e1 (\u0160v\u00fd.) +1:53 min., 5. Cusakov\u00e1 (USA) +1:53 min.,&nbsp;&#8230;8. Grohov\u00e1 +2:31 min., 16. Gottwaldov\u00e1 +3:48 min., 29. Vikov\u00e1 (v\u0161. \u010cR) +6:54 min.<\/p>\n\n\n\n<p>FOTO: Filip Bezd\u011bk<\/p>\n","protected":false},"excerpt":{"rendered":"<p>St\u0159\u00edbrnou medaili vybojovala Barbora Bukovsk\u00e1 v \u00favodn\u00edm z\u00e1vod\u011b mistrovstv\u00ed sv\u011bta v cyklokrosu ve francouzsk\u00e9m Li\u00e9vinu. Jde o historicky prvn\u00ed cenn\u00fd kov z kategorie pro \u010cesko. Titul z\u00edskala Francouzka Lise Revolov\u00e1.&nbsp;&nbsp;&#8220;M\u011bla jsem super nohy a cel\u00fd z\u00e1vod si jela to svoje. Dala jsem do bitvy o zlato v\u0161echno a jsem moc r\u00e1da za st\u0159\u00edbrnou medaili,&#8221; hodnotila [&hellip;]<\/p>\n","protected":false},"author":30,"featured_media":33736,"comment_status":"closed","ping_status":"open","sticky":false,"template":"","format":"standard","meta":{"footnotes":""},"categories":[58,2,103],"tags":[59],"class_list":["post-33731","post","type-post","status-publish","format-standard","has-post-thumbnail","hentry","category-cyklokros","category-novinky","category-reprezentace","tag-cyklokros"],"_links":{"self":[{"href":"https:\/\/www.czechcyclingfederation.com\/en\/wp-json\/wp\/v2\/posts\/33731","targetHints":{"allow":["GET"]}}],"collection":[{"href":"https:\/\/www.czechcyclingfederation.com\/en\/wp-json\/wp\/v2\/posts"}],"about":[{"href":"https:\/\/www.czechcyclingfederation.com\/en\/wp-json\/wp\/v2\/types\/post"}],"author":[{"embeddable":true,"href":"https:\/\/www.czechcyclingfederation.com\/en\/wp-json\/wp\/v2\/users\/30"}],"replies":[{"embeddable":true,"href":"https:\/\/www.czechcyclingfederation.com\/en\/wp-json\/wp\/v2\/comments?post=33731"}],"version-history":[{"count":2,"href":"https:\/\/www.czechcyclingfederation.com\/en\/wp-json\/wp\/v2\/posts\/33731\/revisions"}],"predecessor-version":[{"id":33739,"href":"https:\/\/www.czechcyclingfederation.com\/en\/wp-json\/wp\/v2\/posts\/33731\/revisions\/33739"}],"wp:featuredmedia":[{"embeddable":true,"href":"https:\/\/www.czechcyclingfederation.com\/en\/wp-json\/wp\/v2\/media\/33736"}],"wp:attachment":[{"href":"https:\/\/www.czechcyclingfederation.com\/en\/wp-json\/wp\/v2\/media?parent=33731"}],"wp:term":[{"taxonomy":"category","embeddable":true,"href":"https:\/\/www.czechcyclingfederation.com\/en\/wp-json\/wp\/v2\/categories?post=33731"},{"taxonomy":"post_tag","embeddable":true,"href":"https:\/\/www.czechcyclingfederation.com\/en\/wp-json\/wp\/v2\/tags?post=33731"}],"curies":[{"name":"wp","href":"https:\/\/api.w.org\/{rel}","templated":true}]}}