{"id":33722,"date":"2025-01-31T14:33:23","date_gmt":"2025-01-31T13:33:23","guid":{"rendered":"https:\/\/www.czechcyclingfederation.com\/?p=33722"},"modified":"2025-02-25T11:49:15","modified_gmt":"2025-02-25T10:49:15","slug":"ceska-stafeta-dojela-na-ms-v-cyklokrosu-pata","status":"publish","type":"post","link":"https:\/\/www.czechcyclingfederation.com\/en\/ceska-stafeta-dojela-na-ms-v-cyklokrosu-pata\/","title":{"rendered":"\u010cesk\u00e1 \u0161tafeta dojela na MS v cyklokrosu p\u00e1t\u00e1"},"content":{"rendered":"\n<p>\u00dasp\u011b\u0161n\u011b vstoupili do leto\u0161n\u00edho cyklokrosov\u00e9ho \u0161ampion\u00e1tu v\u00a0Li\u00e9vin ve Francii \u010de\u0161t\u00ed reprezentanti. Ve \u0161tafetov\u00e9m z\u00e1vodu skon\u010dila \u0161estice ve slo\u017een\u00ed Maty\u00e1\u0161 Fiala, Barbora Bukovsk\u00e1, Lucie Grohov\u00e1, Kry\u0161tof Ba\u017eant, Kate\u0159ina Doud\u011brov\u00e1 a Maximil\u00e1n Kerl na velmi p\u011bkn\u00e9m p\u00e1t\u00e9m m\u00edst\u011b. Pro zlato si dojela Brit\u00e1nie ve slo\u017een\u00ed Zoe Backstedtov\u00e1, Darlison Wills, Maia Crocheov\u00e1, Oscar Amey, Cat Fergousonov\u00e1 a Thomas Mein. St\u0159\u00edbro vybojovala It\u00e1lie, bronz Francie. \u010ce\u0161i si oproti lo\u0148sk\u00e9mu MS v T\u00e1bo\u0159e polep\u0161ili o jedno m\u00edsto.<\/p>\n\n\n\n<p>Prvn\u00ed \u00fasek zvl\u00e1dl nejl\u00e9pe Ital Mattia Agostinacchio, ale v c\u00edli m\u011bl k dobu jen jednu vte\u0159inu p\u0159ed \u0161tafetou USA za n\u00ed\u017e jel Scott Fulston, t\u0159et\u00ed Maty\u00e1\u0161 Fiala ztr\u00e1cel t\u0159i vte\u0159iny. Na druh\u00e9m \u00faseku juniorka Barbora Bukovsk\u00e1, kter\u00e1 ale jela proti mu\u017e\u016fm \u010di junior\u016fm, pochopiteln\u011b nesta\u010dila a na \u0161est\u00e9m m\u00edst\u011b p\u0159ed\u00e1vala se ztr\u00e1tou minuty a p\u016fl. A po dal\u0161\u00ed juniorce Lucii Grohov\u00e9 narostl odstup na dv\u011b minuty. Na vedouc\u00ed It\u00e1lii se dot\u00e1hla \u0161tafeta Francie a spolu s nimi se dr\u017eely USA, dal\u0161\u00ed celky ji\u017e ztr\u00e1cely v\u00edce ne\u017e minutu.<\/p>\n\n\n\n<p>\u010ctvrt\u00fd \u00fasek absolvoval v \u010desk\u00e9m celku junior Kry\u0161tof Ba\u017eant a spolu se sv\u00fdm kolegou z kategorie Oscarem Ameyem z Brit\u00e1nie se posunuli p\u0159ed Kanadu a st\u00edhali \u0161tafetu Belgie p\u0159ed kterou se tak\u00e9 dostali. Na tomto \u00faseku ztratila Francie a do veden\u00ed \u0161ly USA n\u00e1sledov\u00e1ny It\u00e1li\u00ed, Kate\u0159ina Doud\u011brov\u00e1 nakonec vyj\u00ed\u017ed\u011bla na sv\u016fj \u00fasek p\u00e1t\u00e1 se ztr\u00e1tou 45 vte\u0159in na prvn\u00edho.<\/p>\n\n\n\n<p>Ameri\u010dan\u00e9 si udr\u017eeli veden\u00ed i po p\u00e1t\u00e9m \u00faseku, ale It\u00e1lie ztr\u00e1cela jen dev\u011bt vte\u0159in, Brit\u00e1nie jeden\u00e1ct a Francie 19, \u010ce\u0161i na p\u00e1t\u00e9m m\u00edst\u011b zaost\u00e1vali o 1:01. N\u00e1skok dlouho vedouc\u00edch USA se ten\u010dil a postupn\u011b se p\u0159ed n\u011b dostaly t\u0159i celky. Nejl\u00e9pe si vedl z fini\u0161man\u016f Brit Thomas Mein, kter\u00fd projel c\u00edlem s n\u00e1skokem dvou vte\u0159in p\u0159ed Stefano Viezzim, t\u0159et\u00ed Joshua Dubau zaostal o p\u011bt vte\u0159in a Ameri\u010dan Henry Coote osm.<\/p>\n\n\n\n<p>Kerl uh\u00e1jil p\u00e1t\u00e9 m\u00edsto p\u0159ed dot\u00edraj\u00edc\u00edm hv\u011bzdn\u00fdm Belgi\u010danem Toonem Aertsem, kter\u00fd zajel sv\u016fj \u00fasek absolutn\u011b nejrychleji ze v\u0161ech startuj\u00edc\u00edch, o p\u011bt vte\u0159in. \u010ce\u0161i doplatili hlavn\u011b na absenci elitn\u00ed \u017eeny, ale tak\u00e9 elitn\u00edho mu\u017ee Michaela Boro\u0161e, z\u00e1vod absolvovala velmi mlad\u00e1 \u0161estice, z n\u00ed\u017e nejstar\u0161\u00ed byl Maty\u00e1\u0161 Fiala z kategorie U23.\u00a0<\/p>\n\n\n\n<p>&#8220;Super v\u00fdsledek, super v\u00fdkon v\u0161ech na\u0161ich z\u00e1vodn\u00edk\u016f. Skon\u010dit v prvn\u00ed p\u011btce je bomba&#8221;, byl nad\u0161en reprezenta\u010dn\u00ed tren\u00e9r Michal Bedn\u00e1\u0159 a pokra\u010doval. &#8220;\u0160tafeta byla velmi mlad\u00e1, jely v n\u00ed dv\u011b juniorky a \u017e\u00e1dn\u00fd z jezdc\u016f z elitn\u00edch kategori\u00ed. Spol\u00e9hali jsme, \u017ee pojedou v\u0161ichni agresivn\u011b a t\u00fdmov\u011b a byl to, \u0159ekl bych skv\u011bl\u00fd kolektivn\u00ed v\u00fdkon. Nikdo nem\u011bl krizi, nikdo nezklamal. Boro\u0161 necht\u011bl jet, chce se soust\u0159edit na ned\u011bln\u00ed z\u00e1vod a dva dny p\u0159ed vrcholem sezony si necht\u011bl nechat rozhodit rytmus p\u0159\u00edpravy a my to respektovali,&#8221; dodal Bedn\u00e1\u0159.<\/p>\n\n\n\n<p><strong>V\u00fdsledky:<\/strong><\/p>\n\n\n\n<p>1. Brit\u00e1nie (Backstedtov\u00e1, Wills, Crocheov\u00e1, Amey, Fergousonov\u00e1, Mein) 50:03, <\/p>\n\n\n\n<p>2. It\u00e1lie (M. Agostinacchio, Berolini, Pellizottiov\u00e1, Bramatiov\u00e1, Casasolav\u00e1, Viezzi) +2, <\/p>\n\n\n\n<p>3. Francie (Simon, Fery, Geryov\u00e1, Lamberov\u00e1, Clauzelov\u00e1, Dubau) +5, <\/p>\n\n\n\n<p>4. USA (Fulston, Vollmuth, Clouseov\u00e1, de Sanov\u00e1, Cusackov\u00e1, Coote) +8, <\/p>\n\n\n\n<p>5. \u010cR (Fiala, Bukovsk\u00e1, Grohov\u00e1, Ba\u017eant, Doud\u011brov\u00e1, Kerl) +1:16, <\/p>\n\n\n\n<p>6. Belgie (van den Eynde, Sinaeyov\u00e1, Bruyckere, Laurijssenov\u00e1, Cantov\u00e1, Aerts) +1:21.<\/p>\n","protected":false},"excerpt":{"rendered":"<p>\u00dasp\u011b\u0161n\u011b vstoupili do leto\u0161n\u00edho cyklokrosov\u00e9ho \u0161ampion\u00e1tu v\u00a0Li\u00e9vin ve Francii \u010de\u0161t\u00ed reprezentanti. Ve \u0161tafetov\u00e9m z\u00e1vodu skon\u010dila \u0161estice ve slo\u017een\u00ed Maty\u00e1\u0161 Fiala, Barbora Bukovsk\u00e1, Lucie Grohov\u00e1, Kry\u0161tof Ba\u017eant, Kate\u0159ina Doud\u011brov\u00e1 a Maximil\u00e1n Kerl na velmi p\u011bkn\u00e9m p\u00e1t\u00e9m m\u00edst\u011b. Pro zlato si dojela Brit\u00e1nie ve slo\u017een\u00ed Zoe Backstedtov\u00e1, Darlison Wills, Maia Crocheov\u00e1, Oscar Amey, Cat Fergousonov\u00e1 a Thomas [&hellip;]<\/p>\n","protected":false},"author":1,"featured_media":33725,"comment_status":"closed","ping_status":"open","sticky":false,"template":"","format":"standard","meta":{"footnotes":""},"categories":[58,2,103],"tags":[59],"class_list":["post-33722","post","type-post","status-publish","format-standard","has-post-thumbnail","hentry","category-cyklokros","category-novinky","category-reprezentace","tag-cyklokros"],"_links":{"self":[{"href":"https:\/\/www.czechcyclingfederation.com\/en\/wp-json\/wp\/v2\/posts\/33722","targetHints":{"allow":["GET"]}}],"collection":[{"href":"https:\/\/www.czechcyclingfederation.com\/en\/wp-json\/wp\/v2\/posts"}],"about":[{"href":"https:\/\/www.czechcyclingfederation.com\/en\/wp-json\/wp\/v2\/types\/post"}],"author":[{"embeddable":true,"href":"https:\/\/www.czechcyclingfederation.com\/en\/wp-json\/wp\/v2\/users\/1"}],"replies":[{"embeddable":true,"href":"https:\/\/www.czechcyclingfederation.com\/en\/wp-json\/wp\/v2\/comments?post=33722"}],"version-history":[{"count":1,"href":"https:\/\/www.czechcyclingfederation.com\/en\/wp-json\/wp\/v2\/posts\/33722\/revisions"}],"predecessor-version":[{"id":33727,"href":"https:\/\/www.czechcyclingfederation.com\/en\/wp-json\/wp\/v2\/posts\/33722\/revisions\/33727"}],"wp:featuredmedia":[{"embeddable":true,"href":"https:\/\/www.czechcyclingfederation.com\/en\/wp-json\/wp\/v2\/media\/33725"}],"wp:attachment":[{"href":"https:\/\/www.czechcyclingfederation.com\/en\/wp-json\/wp\/v2\/media?parent=33722"}],"wp:term":[{"taxonomy":"category","embeddable":true,"href":"https:\/\/www.czechcyclingfederation.com\/en\/wp-json\/wp\/v2\/categories?post=33722"},{"taxonomy":"post_tag","embeddable":true,"href":"https:\/\/www.czechcyclingfederation.com\/en\/wp-json\/wp\/v2\/tags?post=33722"}],"curies":[{"name":"wp","href":"https:\/\/api.w.org\/{rel}","templated":true}]}}