{"id":33707,"date":"2025-01-30T14:45:25","date_gmt":"2025-01-30T13:45:25","guid":{"rendered":"https:\/\/www.czechcyclingfederation.com\/?p=33707"},"modified":"2025-01-30T21:28:16","modified_gmt":"2025-01-30T20:28:16","slug":"zemanova-prestupuje-do-vif-cycling-teamu","status":"publish","type":"post","link":"https:\/\/www.czechcyclingfederation.com\/en\/zemanova-prestupuje-do-vif-cycling-teamu\/","title":{"rendered":"Zemanov\u00e1 p\u0159estupuje do VIF Cycling Teamu"},"content":{"rendered":"\n<p>\u010cty\u0159n\u00e1sobn\u00e1 mistryn\u011b \u010cR v cyklokrosu Krist\u00fdna Zemanov\u00e1, kter\u00e1 z\u00edskala st\u0159\u00edbrnou medaili z Mistrovstv\u00ed sv\u011bta U23 v cyklokrosu 2024 a bronz na Mistrovstv\u00ed sv\u011bta a Evropy U23 v cyklokrosu 2023, p\u0159estupuje do VIF Cycling Team. Zemanov\u00e1, kter\u00e1 v roce 2023 z\u00edskala titul Kr\u00e1lovny cyklistiky ud\u011blovan\u00fd \u010cesk\u00fdm svazem cyklistiky, se tak rozhodla po \u00fasp\u011b\u0161n\u00e9 obhajob\u011b dom\u00e1c\u00edho titulu na Mistrovstv\u00ed \u010cR v Ji\u010d\u00edn\u011b.<\/p>\n\n\n\n<p>\u201e<em>P\u0159\u00edchod Krist\u00fdny je pro n\u00e1s obrovskou posilou. Jej\u00ed p\u00edle, talent a touha po \u00fasp\u011bchu dokonale zapadaj\u00ed do filozofie t\u00fdmu<\/em>,\u201d \u0159\u00edk\u00e1 sportovn\u00ed \u0159editel VIF Cycling Team&nbsp;<strong>Tom\u00e1\u0161 Kone\u010dn\u00fd<\/strong>. \u201c<em>Spole\u010dn\u011b chceme nejen rozv\u00edjet jej\u00ed potenci\u00e1l, ale tak\u00e9 inspirovat dal\u0161\u00ed generaci cyklistek a rozv\u00edjet nejv\u011bt\u0161\u00ed tuzemsk\u00e9 talenty. V\u011b\u0159\u00edme, \u017ee Krist\u00fdna bude skv\u011blou ambasadorkou nejen na trati, ale i mimo ni<\/em>,\u201c doplnil Kone\u010dn\u00fd.<\/p>\n\n\n\n<p>Krist\u00fdna Zemanov\u00e1, kter\u00e1 si v minul\u00fdch sez\u00f3n\u00e1ch vybudovala pov\u011bst ne\u00faprosn\u00e9 bojovnice, se na nov\u00e9 anga\u017em\u00e1 t\u011b\u0161\u00ed: \u201e<em>P\u0159estup do VIF Cycling Team je pro m\u011b obrovskou p\u0159\u00edle\u017eitost\u00ed. T\u011b\u0161\u00ed m\u011b, \u017ee mohu b\u00fdt sou\u010d\u00e1st\u00ed nov\u00e9ho a inovativn\u00edho projektu, kter\u00fd podporuje \u017eenskou cyklistiku na t\u00e9 nejvy\u0161\u0161\u00ed \u00farovni. V\u011b\u0159\u00edm, \u017ee s t\u00fdmem dok\u00e1\u017eeme velk\u00e9 v\u011bci<\/em>.\u201c<\/p>\n\n\n\n<figure class=\"wp-block-image size-large\"><img loading=\"lazy\" decoding=\"async\" width=\"1024\" height=\"683\" src=\"https:\/\/www.czechcyclingfederation.com\/wp-content\/uploads\/2025\/01\/Kristyna-Zemanova-VIF-Cycling-Team-Predstaveni-_-\u00a9Filip-Bezdek-2025-9-1024x683.jpg\" alt=\"\" class=\"wp-image-33710\" srcset=\"https:\/\/www.czechcyclingfederation.com\/wp-content\/uploads\/2025\/01\/Kristyna-Zemanova-VIF-Cycling-Team-Predstaveni-_-\u00a9Filip-Bezdek-2025-9-1024x683.jpg 1024w, https:\/\/www.czechcyclingfederation.com\/wp-content\/uploads\/2025\/01\/Kristyna-Zemanova-VIF-Cycling-Team-Predstaveni-_-\u00a9Filip-Bezdek-2025-9-300x200.jpg 300w, https:\/\/www.czechcyclingfederation.com\/wp-content\/uploads\/2025\/01\/Kristyna-Zemanova-VIF-Cycling-Team-Predstaveni-_-\u00a9Filip-Bezdek-2025-9-768x512.jpg 768w, https:\/\/www.czechcyclingfederation.com\/wp-content\/uploads\/2025\/01\/Kristyna-Zemanova-VIF-Cycling-Team-Predstaveni-_-\u00a9Filip-Bezdek-2025-9-1536x1024.jpg 1536w, https:\/\/www.czechcyclingfederation.com\/wp-content\/uploads\/2025\/01\/Kristyna-Zemanova-VIF-Cycling-Team-Predstaveni-_-\u00a9Filip-Bezdek-2025-9-2048x1365.jpg 2048w, https:\/\/www.czechcyclingfederation.com\/wp-content\/uploads\/2025\/01\/Kristyna-Zemanova-VIF-Cycling-Team-Predstaveni-_-\u00a9Filip-Bezdek-2025-9-1320x880.jpg 1320w\" sizes=\"auto, (max-width: 1024px) 100vw, 1024px\" \/><\/figure>\n\n\n\n<p><strong>Podpora \u017eensk\u00e9 cyklistiky nap\u0159\u00ed\u010d kategoriemi<\/strong><\/p>\n\n\n\n<p>\u201eVIF Cycling Team se zam\u011b\u0159uje na rozvoj \u017eensk\u00e9 cyklistiky nejen v elitn\u00ed kategorii, ale tak\u00e9 v r\u00e1mci U19 Development t\u00fdmu. V\u0161em z\u00e1vodnic\u00edm se dost\u00e1v\u00e1 podpory sv\u011btov\u00e9 \u00farovn\u011b. Nap\u0159. z\u00e1t\u011b\u017eov\u00e9 testy t\u00fdm absolvoval na \u00dastavu sportovn\u00ed medic\u00edny a aktivn\u00edho zdrav\u00ed p\u0159i L\u00e9ka\u0159sk\u00e9 fakult\u011b Univerzity Karlovy v Plzni, pod odborn\u00fdm dohledem pana docenta Ale\u0161e Krou\u017eeck\u00e9ho, jednoho z nejuzn\u00e1van\u011bj\u0161\u00edch a nejzku\u0161en\u011bj\u0161\u00edch specialist\u016f v oboru,\u201d dod\u00e1v\u00e1 Jakub Lorenc, majitel VIF Cycling Team.<\/p>\n\n\n\n<p><strong>O t\u00fdmu<\/strong><\/p>\n\n\n\n<p><strong>VIF Cycling Team\u00a0<\/strong>je \u010desk\u00fd, \u010dist\u011b \u017eensk\u00fd, cyklistick\u00fd t\u00fdm. Zakladatelem a titul\u00e1rn\u00edm sponzorem t\u00fdmu je spole\u010dnost VIF, prodejce sportovn\u00edch br\u00fdli pro cyklistiku a dal\u0161\u00ed sporty. C\u00edlem tohoto sportovn\u00edho projektu je dos\u00e1hnout do roku 2027 statusu UCI Women Continental Team.<\/p>\n\n\n\n<p>Zakl\u00e1daj\u00edc\u00edmi partnery jsou&nbsp;<strong>Jakub Lorenc<\/strong>, majitel zna\u010dky VIF a&nbsp;<strong>Josef \u0158\u00edha<\/strong>, p\u0159edseda CK Pardubice, autor projektu CzechCycleHub, promot\u00e9r a organiz\u00e1tor \u0159ady silni\u010dn\u00edch cykloz\u00e1vod\u016f v \u010cR a p\u0159edseda Extraligy Masters.<\/p>\n","protected":false},"excerpt":{"rendered":"<p>\u010cty\u0159n\u00e1sobn\u00e1 mistryn\u011b \u010cR v cyklokrosu Krist\u00fdna Zemanov\u00e1, kter\u00e1 z\u00edskala st\u0159\u00edbrnou medaili z Mistrovstv\u00ed sv\u011bta U23 v cyklokrosu 2024 a bronz na Mistrovstv\u00ed sv\u011bta a Evropy U23 v cyklokrosu 2023, p\u0159estupuje do VIF Cycling Team. Zemanov\u00e1, kter\u00e1 v roce 2023 z\u00edskala titul Kr\u00e1lovny cyklistiky ud\u011blovan\u00fd \u010cesk\u00fdm svazem cyklistiky, se tak rozhodla po \u00fasp\u011b\u0161n\u00e9 obhajob\u011b dom\u00e1c\u00edho titulu [&hellip;]<\/p>\n","protected":false},"author":1,"featured_media":33708,"comment_status":"closed","ping_status":"open","sticky":false,"template":"","format":"standard","meta":{"footnotes":""},"categories":[58,2,18],"tags":[59],"class_list":["post-33707","post","type-post","status-publish","format-standard","has-post-thumbnail","hentry","category-cyklokros","category-novinky","category-silnice","tag-cyklokros"],"_links":{"self":[{"href":"https:\/\/www.czechcyclingfederation.com\/en\/wp-json\/wp\/v2\/posts\/33707","targetHints":{"allow":["GET"]}}],"collection":[{"href":"https:\/\/www.czechcyclingfederation.com\/en\/wp-json\/wp\/v2\/posts"}],"about":[{"href":"https:\/\/www.czechcyclingfederation.com\/en\/wp-json\/wp\/v2\/types\/post"}],"author":[{"embeddable":true,"href":"https:\/\/www.czechcyclingfederation.com\/en\/wp-json\/wp\/v2\/users\/1"}],"replies":[{"embeddable":true,"href":"https:\/\/www.czechcyclingfederation.com\/en\/wp-json\/wp\/v2\/comments?post=33707"}],"version-history":[{"count":4,"href":"https:\/\/www.czechcyclingfederation.com\/en\/wp-json\/wp\/v2\/posts\/33707\/revisions"}],"predecessor-version":[{"id":33721,"href":"https:\/\/www.czechcyclingfederation.com\/en\/wp-json\/wp\/v2\/posts\/33707\/revisions\/33721"}],"wp:featuredmedia":[{"embeddable":true,"href":"https:\/\/www.czechcyclingfederation.com\/en\/wp-json\/wp\/v2\/media\/33708"}],"wp:attachment":[{"href":"https:\/\/www.czechcyclingfederation.com\/en\/wp-json\/wp\/v2\/media?parent=33707"}],"wp:term":[{"taxonomy":"category","embeddable":true,"href":"https:\/\/www.czechcyclingfederation.com\/en\/wp-json\/wp\/v2\/categories?post=33707"},{"taxonomy":"post_tag","embeddable":true,"href":"https:\/\/www.czechcyclingfederation.com\/en\/wp-json\/wp\/v2\/tags?post=33707"}],"curies":[{"name":"wp","href":"https:\/\/api.w.org\/{rel}","templated":true}]}}