{"id":33658,"date":"2025-01-26T16:34:31","date_gmt":"2025-01-26T15:34:31","guid":{"rendered":"https:\/\/www.czechcyclingfederation.com\/?p=33658"},"modified":"2025-01-26T16:38:10","modified_gmt":"2025-01-26T15:38:10","slug":"barbora-bukovska-slavi-zivotni-vysledek-vyhrala-svetovy-pohar-v-hoogerheide","status":"publish","type":"post","link":"https:\/\/www.czechcyclingfederation.com\/en\/barbora-bukovska-slavi-zivotni-vysledek-vyhrala-svetovy-pohar-v-hoogerheide\/","title":{"rendered":"Barbora Bukovsk\u00e1 slav\u00ed \u017eivotn\u00ed v\u00fdsledek. Vyhr\u00e1la Sv\u011btov\u00fd poh\u00e1r v Hoogerheide!"},"content":{"rendered":"\n<p><strong>Senza\u010dn\u00ed gener\u00e1lka na mistrovstv\u00ed sv\u011bta se poda\u0159ila \u010desk\u00e9 juniorce Barbo\u0159e Bukovsk\u00e9. \u0160estn\u00e1ctilet\u00e1 reprezentantka ovl\u00e1dla posledn\u00ed z\u00e1vod Sv\u011btov\u00e9ho poh\u00e1ru v cyklokrosu, kter\u00fd se jel v ned\u011bli v nizozemsk\u00e9m Hoogerheide a p\u0159ipsala si \u017eivotn\u00ed \u00fasp\u011bch.<\/strong><\/p>\n\n\n\n<p>Barbora Bukovsk\u00e1 jezd\u00ed mezi juniorkami prvn\u00ed sezonu. Na mistrovstv\u00ed Evropy ve \u0160pan\u011blsku byla v listopadu druh\u00e1, p\u0159i z\u00e1vod\u011b Sv\u011btov\u00e9ho poh\u00e1ru v Dublinu fini\u0161ovala osm\u00e1, v prosinci v Hulstu dojela druh\u00e1, v Zonhovenu t\u0159et\u00ed a v Besanconu skon\u010dila \u010dtvrt\u00e1. Nejlep\u0161\u00ed v\u00fdkon si pak nechala na rozlou\u010den\u00ed se sv\u011b\u0165\u00e1kem, kter\u00e9 bylo sou\u010dasn\u011b gener\u00e1lkou na mistrovstv\u00ed sv\u011bta napl\u00e1novan\u00e9 na p\u0159\u00ed\u0161t\u00ed v\u00edkend do Francie.<\/p>\n\n\n\n<p>Juniorsk\u00e1 vicemistryn\u011b republiky do z\u00e1vodu v Hoogerheide nevstoupila dob\u0159e a hned v \u00favodu \u0161la k zemi, ale pak p\u0159edvedla spanilou j\u00edzdu a z posledn\u00edho m\u00edsta se prodrala k suver\u00e9nn\u00edmu triumfu.<\/p>\n\n\n\n<p>&#8220;Hned po startu m\u011b potkal p\u00e1d, kdy\u017e do m\u011b najela \u0161pan\u011blsk\u00e1 z\u00e1vodnice. Skon\u010dila jsem na posledn\u00ed pozici, ale rychle jsem se oklepala, vstala, jela jsem a probojov\u00e1vala se postupn\u011b po\u0159ad\u00edm,&#8221; rekapitulovala v c\u00edli \u0161estn\u00e1ctilet\u00e1 \u010desk\u00e1 reprezentantka.<\/p>\n\n\n\n<figure class=\"wp-block-image size-large\"><img loading=\"lazy\" decoding=\"async\" width=\"1024\" height=\"683\" src=\"http:\/\/www.czechcyclingfederation.com\/wp-content\/uploads\/2025\/01\/UCI-World-Cyclo-Cross-Cup-Hulst-2024-_-\u00a9Filip-Bezdek-2024-46-1024x683.jpg\" alt=\"\" class=\"wp-image-33665\" srcset=\"https:\/\/www.czechcyclingfederation.com\/wp-content\/uploads\/2025\/01\/UCI-World-Cyclo-Cross-Cup-Hulst-2024-_-\u00a9Filip-Bezdek-2024-46-1024x683.jpg 1024w, https:\/\/www.czechcyclingfederation.com\/wp-content\/uploads\/2025\/01\/UCI-World-Cyclo-Cross-Cup-Hulst-2024-_-\u00a9Filip-Bezdek-2024-46-300x200.jpg 300w, https:\/\/www.czechcyclingfederation.com\/wp-content\/uploads\/2025\/01\/UCI-World-Cyclo-Cross-Cup-Hulst-2024-_-\u00a9Filip-Bezdek-2024-46-768x512.jpg 768w, https:\/\/www.czechcyclingfederation.com\/wp-content\/uploads\/2025\/01\/UCI-World-Cyclo-Cross-Cup-Hulst-2024-_-\u00a9Filip-Bezdek-2024-46-1536x1024.jpg 1536w, https:\/\/www.czechcyclingfederation.com\/wp-content\/uploads\/2025\/01\/UCI-World-Cyclo-Cross-Cup-Hulst-2024-_-\u00a9Filip-Bezdek-2024-46-2048x1365.jpg 2048w, https:\/\/www.czechcyclingfederation.com\/wp-content\/uploads\/2025\/01\/UCI-World-Cyclo-Cross-Cup-Hulst-2024-_-\u00a9Filip-Bezdek-2024-46-1320x880.jpg 1320w\" sizes=\"auto, (max-width: 1024px) 100vw, 1024px\" \/><\/figure>\n\n\n\n<p>&#8220;Kdy\u017e jsem dojela \u010delo, m\u011bla jsem dost energie a c\u00edtila jsem se siln\u00e1, tud\u00ed\u017e jsem okam\u017eit\u011b nastoupila. Vydr\u017eelo mi to a\u017e do c\u00edle,&#8221; popisovala v\u00edt\u011bzka. &#8220;Tra\u0165 byla super, hodn\u011b mi to sedlo. M\u011blo jsem okruh dob\u0159e najet\u00fd. Nohy byly siln\u00e9. Jsem v\u00e1\u017en\u011b \u0161\u0165astn\u00e1, jak mi z\u00e1vod vy\u0161el,&#8221; usm\u00edvala se po \u017eivotn\u00edm v\u00edt\u011bzstv\u00ed Barbora Bukovsk\u00e1.<\/p>\n\n\n\n<p>&#8220;B\u00e1ra na\u0161t\u011bst\u00ed z p\u00e1du vyv\u00e1zla jenom od\u0159en\u00e1, bylo to je\u0161t\u011b na asfaltov\u00e9m \u00faseku. Ztr\u00e1cela deset sekund na p\u0159edposledn\u00ed z\u00e1vodn\u00edci, tak\u017ee klobouk dol\u016f p\u0159ed jej\u00edm v\u00fdkonem. Zp\u016fsob, jak\u00fdm se prodrala na \u010delo a jela pro v\u00edt\u011bzstv\u00ed je obdivuhodn\u00fd,&#8221; vyzdvihl mladou z\u00e1vodnici Michal Bedn\u00e1\u0159, tren\u00e9r \u010desk\u00e9 cyklokrosov\u00e9 reprezentace.<\/p>\n\n\n\n<p>Elit\u011b mu\u017e\u016f podle o\u010dek\u00e1v\u00e1n\u00ed kraloval Mathieu van der Poel, kter\u00fd v dom\u00e1c\u00edm prost\u0159ed\u00ed nem\u011bl konkurenci. Po skv\u011bl\u00e9m startu si rychle vybudoval komfortn\u00ed n\u00e1skok a p\u0159i sedm\u00e9 \u00fa\u010dasti v cyklokrosov\u00e9m z\u00e1vod\u011b v prob\u00edhaj\u00edc\u00ed sezon\u011b slavil sedm\u00e9 v\u00edt\u011bzstv\u00ed, ani\u017e by alespo\u0148 jednou na\u0161el soupe\u0159e.<\/p>\n\n\n\n<p>Mezi \u017eenami potvrdila dominanci z pr\u016fb\u011bhu cel\u00e9 sezony Lucina Brandov\u00e1 z Nizozemska, kter\u00e1 pe\u010detila celkov\u00fd triumf ve Sv\u011btov\u00e9m poh\u00e1ru v\u00edt\u011bzstv\u00edm v jeho z\u00e1v\u011bre\u010dn\u00e9m d\u011bjstv\u00ed na rozbahn\u011bn\u00e9 trati v Hoogerheide. Pro p\u011btat\u0159icetiletou z\u00e1vodnici \u0161lo o t\u0159et\u00ed d\u00edl\u010d\u00ed triumf v seri\u00e1lu v leto\u0161n\u00ed sezon\u011b.<\/p>\n\n\n\n<p>&#8220;Mysl\u00edm, \u017ee sm\u011brem k mistrovstv\u00ed sv\u011bta uk\u00e1zali \u010de\u0161t\u00ed z\u00e1vodnici solidn\u00ed v\u00fdkonnost. N\u011bkte\u0159\u00ed vypadaj\u00ed skute\u010dn\u011b velmi dob\u0159e. Kry\u0161tof Ba\u017eant p\u0159edvedl v Hoogerheide skv\u011bl\u00fd v\u00fdkon. Startoval z t\u0159et\u00ed \u0159ady a musel vydat hodn\u011b sil, aby se dostal na \u010delo. A tahle energie mu pak chyb\u011bla v z\u00e1v\u011bru, aby mohl vybojovat je\u0161t\u011b lep\u0161\u00ed v\u00fdsledek. Ka\u017edop\u00e1dn\u011b \u010dasy jednotliv\u00fdch kol m\u011bl v\u00fdborn\u00e9,&#8221; chv\u00e1lil juniorsk\u00e9ho reprezentanta Michal Bedn\u00e1\u0159. &#8220;P\u0159edev\u0161\u00edm na mlad\u00e9 bude ur\u010dit\u00fd tlak, tak\u017ee uvid\u00edme, jak se na mistrovstv\u00ed sv\u011bta s o\u010dek\u00e1v\u00e1n\u00edm vypo\u0159\u00e1daj\u00ed hlavn\u011b po ment\u00e1ln\u00ed str\u00e1nce.&#8221;<\/p>\n\n\n\n<figure class=\"wp-block-image size-large\"><img loading=\"lazy\" decoding=\"async\" width=\"1024\" height=\"683\" src=\"http:\/\/www.czechcyclingfederation.com\/wp-content\/uploads\/2025\/01\/UCI-World-Cyclo-Cross-Cup-Hulst-2024-_-\u00a9Filip-Bezdek-2024-53-1024x683.jpg\" alt=\"\" class=\"wp-image-33661\" srcset=\"https:\/\/www.czechcyclingfederation.com\/wp-content\/uploads\/2025\/01\/UCI-World-Cyclo-Cross-Cup-Hulst-2024-_-\u00a9Filip-Bezdek-2024-53-1024x683.jpg 1024w, https:\/\/www.czechcyclingfederation.com\/wp-content\/uploads\/2025\/01\/UCI-World-Cyclo-Cross-Cup-Hulst-2024-_-\u00a9Filip-Bezdek-2024-53-300x200.jpg 300w, https:\/\/www.czechcyclingfederation.com\/wp-content\/uploads\/2025\/01\/UCI-World-Cyclo-Cross-Cup-Hulst-2024-_-\u00a9Filip-Bezdek-2024-53-768x512.jpg 768w, https:\/\/www.czechcyclingfederation.com\/wp-content\/uploads\/2025\/01\/UCI-World-Cyclo-Cross-Cup-Hulst-2024-_-\u00a9Filip-Bezdek-2024-53-1536x1024.jpg 1536w, https:\/\/www.czechcyclingfederation.com\/wp-content\/uploads\/2025\/01\/UCI-World-Cyclo-Cross-Cup-Hulst-2024-_-\u00a9Filip-Bezdek-2024-53-2048x1365.jpg 2048w, https:\/\/www.czechcyclingfederation.com\/wp-content\/uploads\/2025\/01\/UCI-World-Cyclo-Cross-Cup-Hulst-2024-_-\u00a9Filip-Bezdek-2024-53-1320x880.jpg 1320w\" sizes=\"auto, (max-width: 1024px) 100vw, 1024px\" \/><\/figure>\n\n\n\n<p><strong>V\u00fdsledky SP v Hoogerheide &#8211; mu\u017ei: <\/strong>1. Van der Poel (Niz.) 57 min., 2. Vanthourenhout (Bel.) +1:42 min., 3. Van der Haar (Niz.) +1:57 min., 4. Aerts +2:21 min., 5. Wyseure (oba Bel.) +2:28 min., \u202617. Boro\u0161 (\u010cR) +4:23 min.<\/p>\n\n\n\n<p><strong>\u017deny<\/strong>: 1. Brandov\u00e1 (Niz.) 47:47 min., 2. Vasov\u00e1 (Ma\u010f.) +28 min., 3. Pietersov\u00e1 +38, 4. Van Empelov\u00e1 +53, 5. Alvaradov\u00e1 (v\u0161. Niz.) +1:31 min., \u202649. Doud\u011brov\u00e1 +8:21 min., 54. Je\u0159\u00e1bkov\u00e1 (ob\u011b \u010cR) +9:22 min.,<\/p>\n\n\n\n<p><strong>Mu\u017ei do 23 Let: <\/strong>1. Del Grosso (Niz.) 50:39 min., 2. Sparfel (Fr.) +20, 3. Viezzi (It.) +21, 4. Corsus, 5. Dockx (oba. Bel.) oba +31, \u202615. Fiala +2:31 min., 22. Je\u017eek +3:22 min., 23. Jind\u0159ich +3:29, 24. Hojka +3:38 min., 37. Kerl (v\u0161. \u010cR) +6:29 min.<\/p>\n\n\n\n<p><strong>Junio\u0159i<\/strong>: 1. Benz (N\u011bm.) 42:17 min., 2. Eynde (Bel.) +2, 3. Rosola (It.) +7, 4. Joumard +21, 5. Vassal (oba Fr.) +25, \u20267. Ba\u017eant +48, 32. John +3:38 min., 37. Svoboda +4:08 min., 39. Kristl (v\u0161. \u010cR) +4:18 min.<\/p>\n\n\n\n<p><strong>Juniorky<\/strong>: 1. Bukovsk\u00e1 (\u010cR) 39:58 min., 2. Cabacaov\u00e1 (Niz.) +20, 3. Carrierov\u00e1 (Kan.) +38, 4. Grossmannov\u00e1 (\u0160v\u00fdc.) +53, 5. Revolov\u00e1 (Fr.) +1:11 min., \u202615. Grohov\u00e1 +2:58 min., 24. Vikov\u00e1 (ob\u011b \u010cR) +4:25 min.<\/p>\n\n\n\n<p><em>Foto: Filip Bezd\u011bk<\/em><\/p>\n","protected":false},"excerpt":{"rendered":"<p>Senza\u010dn\u00ed gener\u00e1lka na mistrovstv\u00ed sv\u011bta se poda\u0159ila \u010desk\u00e9 juniorce Barbo\u0159e Bukovsk\u00e9. \u0160estn\u00e1ctilet\u00e1 reprezentantka ovl\u00e1dla posledn\u00ed z\u00e1vod Sv\u011btov\u00e9ho poh\u00e1ru v cyklokrosu, kter\u00fd se jel v ned\u011bli v nizozemsk\u00e9m Hoogerheide a p\u0159ipsala si \u017eivotn\u00ed \u00fasp\u011bch. Barbora Bukovsk\u00e1 jezd\u00ed mezi juniorkami prvn\u00ed sezonu. Na mistrovstv\u00ed Evropy ve \u0160pan\u011blsku byla v listopadu druh\u00e1, p\u0159i z\u00e1vod\u011b Sv\u011btov\u00e9ho poh\u00e1ru v Dublinu [&hellip;]<\/p>\n","protected":false},"author":30,"featured_media":33659,"comment_status":"closed","ping_status":"open","sticky":false,"template":"","format":"standard","meta":{"footnotes":""},"categories":[2],"tags":[59],"class_list":["post-33658","post","type-post","status-publish","format-standard","has-post-thumbnail","hentry","category-novinky","tag-cyklokros"],"_links":{"self":[{"href":"https:\/\/www.czechcyclingfederation.com\/en\/wp-json\/wp\/v2\/posts\/33658","targetHints":{"allow":["GET"]}}],"collection":[{"href":"https:\/\/www.czechcyclingfederation.com\/en\/wp-json\/wp\/v2\/posts"}],"about":[{"href":"https:\/\/www.czechcyclingfederation.com\/en\/wp-json\/wp\/v2\/types\/post"}],"author":[{"embeddable":true,"href":"https:\/\/www.czechcyclingfederation.com\/en\/wp-json\/wp\/v2\/users\/30"}],"replies":[{"embeddable":true,"href":"https:\/\/www.czechcyclingfederation.com\/en\/wp-json\/wp\/v2\/comments?post=33658"}],"version-history":[{"count":2,"href":"https:\/\/www.czechcyclingfederation.com\/en\/wp-json\/wp\/v2\/posts\/33658\/revisions"}],"predecessor-version":[{"id":33669,"href":"https:\/\/www.czechcyclingfederation.com\/en\/wp-json\/wp\/v2\/posts\/33658\/revisions\/33669"}],"wp:featuredmedia":[{"embeddable":true,"href":"https:\/\/www.czechcyclingfederation.com\/en\/wp-json\/wp\/v2\/media\/33659"}],"wp:attachment":[{"href":"https:\/\/www.czechcyclingfederation.com\/en\/wp-json\/wp\/v2\/media?parent=33658"}],"wp:term":[{"taxonomy":"category","embeddable":true,"href":"https:\/\/www.czechcyclingfederation.com\/en\/wp-json\/wp\/v2\/categories?post=33658"},{"taxonomy":"post_tag","embeddable":true,"href":"https:\/\/www.czechcyclingfederation.com\/en\/wp-json\/wp\/v2\/tags?post=33658"}],"curies":[{"name":"wp","href":"https:\/\/api.w.org\/{rel}","templated":true}]}}